{"id":873,"date":"2011-07-01T12:54:41","date_gmt":"2011-07-01T10:54:41","guid":{"rendered":"http:\/\/v.kauko.org\/?p=873"},"modified":"2012-03-27T15:43:46","modified_gmt":"2012-03-27T13:43:46","slug":"tunturisopulin-mailla","status":"publish","type":"post","link":"https:\/\/v.kauko.org\/?p=873","title":{"rendered":"Tunturisopulin mailla"},"content":{"rendered":"<p><img decoding=\"async\" src=\"https:\/\/v.kauko.org\/wp-content\/uploads\/2011\/07\/150-v110617_051-r.jpg\" alt=\"\" title=\"Tunturisopuli\" width=\"120\" class=\"alignleft size-full wp-image-1125\" \/><br \/>\nLapin K\u00e4sivarressa on t\u00e4n\u00e4 vuonna paljon tunturisopuleita. Vaelsimme juhannuksen alla viikon er\u00e4maassa.<br \/>\n<!--more--><\/p>\n<p><img loading=\"lazy\" decoding=\"async\" width=\"800\" height=\"600\" src=\"https:\/\/v.kauko.org\/wp-content\/uploads\/2011\/07\/800-v110617_031.jpg\" alt=\"\" title=\"800-v110617_031\" class=\"alignnone size-full wp-image-898\" srcset=\"https:\/\/v.kauko.org\/wp-content\/uploads\/2011\/07\/800-v110617_031.jpg 800w, https:\/\/v.kauko.org\/wp-content\/uploads\/2011\/07\/800-v110617_031-150x112.jpg 150w, https:\/\/v.kauko.org\/wp-content\/uploads\/2011\/07\/800-v110617_031-300x225.jpg 300w\" sizes=\"auto, (max-width: 800px) 100vw, 800px\" \/><br \/>\nVaellus alkoi L\u00e4t\u00e4senon varresta 16.6.2011. <\/p>\n<p><img loading=\"lazy\" decoding=\"async\" width=\"800\" height=\"788\" src=\"https:\/\/v.kauko.org\/wp-content\/uploads\/2011\/07\/800-v110616_061-rr.jpg\" alt=\"\" title=\"800-v110616_061-rr\"  class=\"alignnone size-full wp-image-896\" srcset=\"https:\/\/v.kauko.org\/wp-content\/uploads\/2011\/07\/800-v110616_061-rr.jpg 800w, https:\/\/v.kauko.org\/wp-content\/uploads\/2011\/07\/800-v110616_061-rr-150x147.jpg 150w, https:\/\/v.kauko.org\/wp-content\/uploads\/2011\/07\/800-v110616_061-rr-300x295.jpg 300w\" sizes=\"auto, (max-width: 800px) 100vw, 800px\" \/><br \/>\nPieni hy\u00f6nteinen on k\u00e4ynyt y\u00f6ksi kulleron ter\u00e4lehtien v\u00e4liin nukkumaan. <\/p>\n<p><img loading=\"lazy\" decoding=\"async\" width=\"800\" height=\"527\" src=\"https:\/\/v.kauko.org\/wp-content\/uploads\/2011\/07\/800-v110617_027-r.jpg\" alt=\"\" title=\"800-v110617_027-r\"  class=\"alignnone size-full wp-image-897\" srcset=\"https:\/\/v.kauko.org\/wp-content\/uploads\/2011\/07\/800-v110617_027-r.jpg 800w, https:\/\/v.kauko.org\/wp-content\/uploads\/2011\/07\/800-v110617_027-r-150x98.jpg 150w, https:\/\/v.kauko.org\/wp-content\/uploads\/2011\/07\/800-v110617_027-r-300x197.jpg 300w\" sizes=\"auto, (max-width: 800px) 100vw, 800px\" \/><br \/>\nTylli <i>(Charadrius hiaticula)<\/i> joen rantakivell\u00e4. <\/p>\n<p><img decoding=\"async\" src=\"https:\/\/v.kauko.org\/wp-content\/uploads\/2011\/07\/800-v110617_051-r.jpg\" alt=\"\" title=\"800-v110617_051-r\" class=\"alignnone size-full wp-image-878\" \/><br \/>\nAiemmilla vaelluksillamme olemme n\u00e4hneet tunturisopulia  <i>(Lemmus lemmus)<\/i> tuskin vilaukseltakaan, mutta t\u00e4ll\u00e4 kertaa saimme valokuviakin. T\u00e4m\u00e4 kaveri asusteli Saitsikosken laavun l\u00e4hell\u00e4. <\/p>\n<p><img decoding=\"async\" src=\"https:\/\/v.kauko.org\/wp-content\/uploads\/2011\/07\/800-v110617_046-vr.jpg\" alt=\"\" title=\"800-v110617_046-vr\" class=\"alignnone size-full wp-image-877\" \/><br \/>\nLapissa on nyt muutenkin hyv\u00e4 myyr\u00e4vuosi. T\u00e4m\u00e4 lapinmyyr\u00e4 <i>(Microtus oeconomus)<\/i> ei juuri ihmisi\u00e4 ujostellut, vaan kiipesi laavun katolle poseeraamaan hyttysten kanssa. Saitsikoskelta nousimme Ylimm\u00e4iselle Vuontisj\u00e4rvelle 18.6.<\/p>\n<p><img loading=\"lazy\" decoding=\"async\" width=\"800\" height=\"535\" src=\"https:\/\/v.kauko.org\/wp-content\/uploads\/2011\/07\/800-v110618_015-rr.jpg\" alt=\"\" title=\"800-v110618_015-rr\" class=\"alignnone size-full wp-image-901\" srcset=\"https:\/\/v.kauko.org\/wp-content\/uploads\/2011\/07\/800-v110618_015-rr.jpg 800w, https:\/\/v.kauko.org\/wp-content\/uploads\/2011\/07\/800-v110618_015-rr-150x100.jpg 150w, https:\/\/v.kauko.org\/wp-content\/uploads\/2011\/07\/800-v110618_015-rr-300x200.jpg 300w\" sizes=\"auto, (max-width: 800px) 100vw, 800px\" \/><br \/>\nMustaviklo <i>(Tringa erythropus).<\/i><\/p>\n<p><img loading=\"lazy\" decoding=\"async\" width=\"800\" height=\"600\" src=\"https:\/\/v.kauko.org\/wp-content\/uploads\/2011\/07\/800-v110618_040.jpg\" alt=\"\" title=\"800-v110618_040\" class=\"alignnone size-full wp-image-902\" srcset=\"https:\/\/v.kauko.org\/wp-content\/uploads\/2011\/07\/800-v110618_040.jpg 800w, https:\/\/v.kauko.org\/wp-content\/uploads\/2011\/07\/800-v110618_040-150x112.jpg 150w, https:\/\/v.kauko.org\/wp-content\/uploads\/2011\/07\/800-v110618_040-300x225.jpg 300w\" sizes=\"auto, (max-width: 800px) 100vw, 800px\" \/><br \/>\nTuntureilla oli viel\u00e4 lunta 18.6.<\/p>\n<p><img loading=\"lazy\" decoding=\"async\" width=\"800\" height=\"653\" src=\"https:\/\/v.kauko.org\/wp-content\/uploads\/2011\/07\/800-v110618_050-vr.jpg\" alt=\"\" title=\"800-v110618_050-vr\" class=\"alignnone size-full wp-image-903\" srcset=\"https:\/\/v.kauko.org\/wp-content\/uploads\/2011\/07\/800-v110618_050-vr.jpg 800w, https:\/\/v.kauko.org\/wp-content\/uploads\/2011\/07\/800-v110618_050-vr-150x122.jpg 150w, https:\/\/v.kauko.org\/wp-content\/uploads\/2011\/07\/800-v110618_050-vr-300x244.jpg 300w\" sizes=\"auto, (max-width: 800px) 100vw, 800px\" \/><br \/>\nLepp\u00e4lintu <i>(Phoenicurus phoenicurus)<\/i> asui Kalkkoaivin autiotuvan pihassa.<\/p>\n<p><img loading=\"lazy\" decoding=\"async\" width=\"800\" height=\"499\" src=\"https:\/\/v.kauko.org\/wp-content\/uploads\/2011\/07\/800-v110619_010-r.jpg\" alt=\"\" title=\"800-v110619_010-r\" class=\"alignnone size-full wp-image-904\" srcset=\"https:\/\/v.kauko.org\/wp-content\/uploads\/2011\/07\/800-v110619_010-r.jpg 800w, https:\/\/v.kauko.org\/wp-content\/uploads\/2011\/07\/800-v110619_010-r-150x93.jpg 150w, https:\/\/v.kauko.org\/wp-content\/uploads\/2011\/07\/800-v110619_010-r-300x187.jpg 300w\" sizes=\"auto, (max-width: 800px) 100vw, 800px\" \/><br \/>\nTunturikihu <i>(Stercorarius longicaudatus)<\/i> on n\u00e4kyv\u00e4 K\u00e4sivarren asukas. <\/p>\n<p><img loading=\"lazy\" decoding=\"async\" width=\"800\" height=\"720\" src=\"https:\/\/v.kauko.org\/wp-content\/uploads\/2011\/07\/800-v110619_048-rrr.jpg\" alt=\"\" title=\"800-v110619_048-rrr\" class=\"alignnone size-full wp-image-905\" srcset=\"https:\/\/v.kauko.org\/wp-content\/uploads\/2011\/07\/800-v110619_048-rrr.jpg 800w, https:\/\/v.kauko.org\/wp-content\/uploads\/2011\/07\/800-v110619_048-rrr-150x135.jpg 150w, https:\/\/v.kauko.org\/wp-content\/uploads\/2011\/07\/800-v110619_048-rrr-300x270.jpg 300w\" sizes=\"auto, (max-width: 800px) 100vw, 800px\" \/><br \/>\nSinirintauros <i>(Luscinia svecica)<\/i> eli &#8221;Lapin satakieli&#8221; viem\u00e4ss\u00e4 ruokaa perheelleen Vuontisj\u00e4rven (Davit Vutnisj\u00e1vri) rannalla.<\/p>\n<p><img loading=\"lazy\" decoding=\"async\" width=\"800\" height=\"503\" src=\"https:\/\/v.kauko.org\/wp-content\/uploads\/2011\/07\/800-v110620_002-r.jpg\" alt=\"\" title=\"800-v110620_002-r\" class=\"alignnone size-full wp-image-906\" srcset=\"https:\/\/v.kauko.org\/wp-content\/uploads\/2011\/07\/800-v110620_002-r.jpg 800w, https:\/\/v.kauko.org\/wp-content\/uploads\/2011\/07\/800-v110620_002-r-150x94.jpg 150w, https:\/\/v.kauko.org\/wp-content\/uploads\/2011\/07\/800-v110620_002-r-300x188.jpg 300w\" sizes=\"auto, (max-width: 800px) 100vw, 800px\" \/><br \/>\nHilla kukkii 20.6. Alkumatkan aurinkoinen s\u00e4\u00e4 vaihtui pilviseksi. <\/p>\n<p><img loading=\"lazy\" decoding=\"async\" width=\"800\" height=\"395\" src=\"https:\/\/v.kauko.org\/wp-content\/uploads\/2011\/07\/800-v110620_126-47.jpg\" alt=\"\" title=\"800-v110620_126-47\" class=\"alignnone size-full wp-image-907\" srcset=\"https:\/\/v.kauko.org\/wp-content\/uploads\/2011\/07\/800-v110620_126-47.jpg 800w, https:\/\/v.kauko.org\/wp-content\/uploads\/2011\/07\/800-v110620_126-47-150x74.jpg 150w, https:\/\/v.kauko.org\/wp-content\/uploads\/2011\/07\/800-v110620_126-47-300x148.jpg 300w\" sizes=\"auto, (max-width: 800px) 100vw, 800px\" \/><br \/>\nPunakuirin <i>(Limosa lapponica)<\/i> kaula venyy tarpeen mukaan.<\/p>\n<p><img decoding=\"async\" src=\"https:\/\/v.kauko.org\/wp-content\/uploads\/2011\/07\/800-v110620_159-r.jpg\" alt=\"\" title=\"800-v110620_159-r\" class=\"alignnone size-full wp-image-887\" \/><br \/>\nT\u00e4m\u00e4 sopuli vilahti kotikoloonsa Bovdnoaivien kupeella. J\u00e4imme hiljaa odottamaan, ja parin minuutin kuluttua se tuli taas esiin.<\/p>\n<p><img loading=\"lazy\" decoding=\"async\" width=\"800\" height=\"600\" src=\"https:\/\/v.kauko.org\/wp-content\/uploads\/2011\/07\/800-v110622_002.jpg\" alt=\"\" title=\"800-v110622_002\" class=\"alignnone size-full wp-image-909\" srcset=\"https:\/\/v.kauko.org\/wp-content\/uploads\/2011\/07\/800-v110622_002.jpg 800w, https:\/\/v.kauko.org\/wp-content\/uploads\/2011\/07\/800-v110622_002-150x112.jpg 150w, https:\/\/v.kauko.org\/wp-content\/uploads\/2011\/07\/800-v110622_002-300x225.jpg 300w\" sizes=\"auto, (max-width: 800px) 100vw, 800px\" \/><br \/>\n21.6. satoi yht\u00e4mittaa aamusta iltaan. Kiipesimme Kaskasjoelta Biggosv\u00e1rrin tunturiyl\u00e4ng\u00f6lle ja r\u00e4mmimme suon poikki Ropin autiotuvalle. Taustalla Viissetoaivi. <\/p>\n<p><img loading=\"lazy\" decoding=\"async\" width=\"800\" height=\"600\" src=\"https:\/\/v.kauko.org\/wp-content\/uploads\/2011\/07\/800-v110623_007.jpg\" alt=\"\" title=\"800-v110623_007\" class=\"alignnone size-full wp-image-910\" srcset=\"https:\/\/v.kauko.org\/wp-content\/uploads\/2011\/07\/800-v110623_007.jpg 800w, https:\/\/v.kauko.org\/wp-content\/uploads\/2011\/07\/800-v110623_007-150x112.jpg 150w, https:\/\/v.kauko.org\/wp-content\/uploads\/2011\/07\/800-v110623_007-300x225.jpg 300w\" sizes=\"auto, (max-width: 800px) 100vw, 800px\" \/><br \/>\nViimeiseksi vaellusp\u00e4iv\u00e4ksi 23.6. s\u00e4\u00e4 j\u00e4lleen kirkastui.<\/p>\n<p><img loading=\"lazy\" decoding=\"async\" width=\"800\" height=\"447\" src=\"https:\/\/v.kauko.org\/wp-content\/uploads\/2011\/07\/800-v110623_034-r.jpg\" alt=\"\" title=\"800-v110623_034-r\" class=\"alignnone size-full wp-image-911\" srcset=\"https:\/\/v.kauko.org\/wp-content\/uploads\/2011\/07\/800-v110623_034-r.jpg 800w, https:\/\/v.kauko.org\/wp-content\/uploads\/2011\/07\/800-v110623_034-r-150x83.jpg 150w, https:\/\/v.kauko.org\/wp-content\/uploads\/2011\/07\/800-v110623_034-r-300x167.jpg 300w\" sizes=\"auto, (max-width: 800px) 100vw, 800px\" \/><br \/>\nUhkaava sadekuuro j\u00e4ikin Juovvav\u00e1rri-tunturin taakse. Edess\u00e4 siint\u00e4\u00e4 Ropij\u00e4rvi ja Ropinsalmen ylitt\u00e4v\u00e4 maantie. <\/p>\n<p><img loading=\"lazy\" decoding=\"async\" width=\"800\" height=\"579\" src=\"https:\/\/v.kauko.org\/wp-content\/uploads\/2011\/07\/800-v110624_028-r.jpg\" alt=\"\" title=\"800-v110624_028-r\" class=\"alignnone size-full wp-image-912\" srcset=\"https:\/\/v.kauko.org\/wp-content\/uploads\/2011\/07\/800-v110624_028-r.jpg 800w, https:\/\/v.kauko.org\/wp-content\/uploads\/2011\/07\/800-v110624_028-r-150x108.jpg 150w, https:\/\/v.kauko.org\/wp-content\/uploads\/2011\/07\/800-v110624_028-r-300x217.jpg 300w\" sizes=\"auto, (max-width: 800px) 100vw, 800px\" \/><br \/>\nKilpisj\u00e4rven hotellin r\u00e4yst\u00e4iden alla asuu r\u00e4yst\u00e4sp\u00e4\u00e4sky-yhdyskunta <i>(Delichon urbica).<\/i><\/p>\n<p><img loading=\"lazy\" decoding=\"async\" width=\"800\" height=\"465\" src=\"https:\/\/v.kauko.org\/wp-content\/uploads\/2011\/07\/800-v110624_082-srr.jpg\" alt=\"\" title=\"800-v110624_082-srr\" class=\"alignnone size-full wp-image-913\" srcset=\"https:\/\/v.kauko.org\/wp-content\/uploads\/2011\/07\/800-v110624_082-srr.jpg 800w, https:\/\/v.kauko.org\/wp-content\/uploads\/2011\/07\/800-v110624_082-srr-150x87.jpg 150w, https:\/\/v.kauko.org\/wp-content\/uploads\/2011\/07\/800-v110624_082-srr-300x174.jpg 300w\" sizes=\"auto, (max-width: 800px) 100vw, 800px\" \/><br \/>\nSaana n\u00e4kyy tyynen Kilpisj\u00e4rven takana bussin ikkunasta.<\/p>\n","protected":false},"excerpt":{"rendered":"<p>Lapin K\u00e4sivarressa on t\u00e4n\u00e4 vuonna paljon tunturisopuleita. Vaelsimme juhannuksen alla viikon er\u00e4maassa.<\/p>\n","protected":false},"author":1,"featured_media":0,"comment_status":"open","ping_status":"open","sticky":false,"template":"","format":"standard","meta":{"footnotes":""},"categories":[10,71],"tags":[],"class_list":["post-873","post","type-post","status-publish","format-standard","hentry","category-luonto","category-matkailu-ja-vaellus"],"_links":{"self":[{"href":"https:\/\/v.kauko.org\/index.php?rest_route=\/wp\/v2\/posts\/873","targetHints":{"allow":["GET"]}}],"collection":[{"href":"https:\/\/v.kauko.org\/index.php?rest_route=\/wp\/v2\/posts"}],"about":[{"href":"https:\/\/v.kauko.org\/index.php?rest_route=\/wp\/v2\/types\/post"}],"author":[{"embeddable":true,"href":"https:\/\/v.kauko.org\/index.php?rest_route=\/wp\/v2\/users\/1"}],"replies":[{"embeddable":true,"href":"https:\/\/v.kauko.org\/index.php?rest_route=%2Fwp%2Fv2%2Fcomments&post=873"}],"version-history":[{"count":16,"href":"https:\/\/v.kauko.org\/index.php?rest_route=\/wp\/v2\/posts\/873\/revisions"}],"predecessor-version":[{"id":1363,"href":"https:\/\/v.kauko.org\/index.php?rest_route=\/wp\/v2\/posts\/873\/revisions\/1363"}],"wp:attachment":[{"href":"https:\/\/v.kauko.org\/index.php?rest_route=%2Fwp%2Fv2%2Fmedia&parent=873"}],"wp:term":[{"taxonomy":"category","embeddable":true,"href":"https:\/\/v.kauko.org\/index.php?rest_route=%2Fwp%2Fv2%2Fcategories&post=873"},{"taxonomy":"post_tag","embeddable":true,"href":"https:\/\/v.kauko.org\/index.php?rest_route=%2Fwp%2Fv2%2Ftags&post=873"}],"curies":[{"name":"wp","href":"https:\/\/api.w.org\/{rel}","templated":true}]}}