{"id":548,"date":"2011-01-27T00:19:59","date_gmt":"2011-01-26T22:19:59","guid":{"rendered":"http:\/\/v.kauko.org\/?p=548"},"modified":"2012-06-17T13:55:40","modified_gmt":"2012-06-17T11:55:40","slug":"rikolliset-mielipiteet-osa-2","status":"publish","type":"post","link":"https:\/\/v.kauko.org\/?p=548","title":{"rendered":"Rikolliset mielipiteet, osa 2"},"content":{"rendered":"<p>Viime kev\u00e4\u00e4n\u00e4 kommentoin ns. &#8221;viharikoslakia&#8221; <a href=\"https:\/\/v.kauko.org\/?p=419\">Nelosen uutisissa<\/a> Effin edustajana ja kes\u00e4ll\u00e4 Vihreiden sananvapausaktivistien <a href=\"https:\/\/v.kauko.org\/?p=274\">avoimessa kirjeess\u00e4.<\/a> Oikeusministeri\u00f6ss\u00e4 valmisteltu mietint\u00f6 on edennyt hallituksen <a href=\"http:\/\/www.eduskunta.fi\/valtiopaivaasiat\/HE+317\/2010\">lakiesitykseksi<\/a> joulun alla. <!--more--><\/p>\n<p>Eilen Effi antoi asiasta uuden <a href=\"http:\/\/www.effi.org\/lausunnot\/lausunto-lakivaliokunnalle-110125.html\">lausunnon.<\/a><\/p>\n<p>Lain uusi versio ei eroa vanhasta kovin paljon. Avoimessa kirjeess\u00e4 kritisoimamme tiedett\u00e4 ja taidetta koskeva poikkeuksenpoikkeuspyk\u00e4l\u00e4 on poistettu, samoin kuvien saataville asettamisen rangaistavuus. Mutta paikoin teksti on viel\u00e4kin hirve\u00e4mp\u00e4\u00e4 kuin mietinn\u00f6ss\u00e4. Nyt kriminalisoidaan jo eksplisiittisesti &#8221;panettelevat&#8221; tiedot ja mielipiteet &#8212; mit\u00e4 ne sitten ovatkin! &#8212; eik\u00e4 vain lausuntoja ja tiedonantoja. <\/p>\n<p>Hallituksen esitys:<\/p>\n<blockquote><p>&#8221;Joka asettaa yleis\u00f6n saataville tai muutoin yleis\u00f6n keskuuteen levitt\u00e4\u00e4 tai pit\u00e4\u00e4 yleis\u00f6n saatavilla <strong>tiedon, mielipiteen tai muun viestin,<\/strong> jossa uhataan, panetellaan tai solvataan jotakin ryhm\u00e4\u00e4 rodun, [&#8230;] taikka niihin rinnastettavalla muulla perusteella, on tuomittava kiihottamisesta kansanryhm\u00e4\u00e4 vastaan sakkoon tai vankeuteen enint\u00e4\u00e4n kahdeksi vuodeksi.&#8221;\n<\/p><\/blockquote>\n<p>Ty\u00f6ryhm\u00e4n ehdotus:<\/p>\n<blockquote><p>&#8221;Joka yleis\u00f6n keskuuteen levitt\u00e4\u00e4 tai asettaa yleis\u00f6n saataville <strong>lausuntoja, kuvia tai muita tiedonantoja,<\/strong> joissa uhataan, panetellaan tai solvataan jotakin kansallista, etnist\u00e4, [&#8230;] taikka niihin rinnastettavaa muuta kansanryhm\u00e4\u00e4, on tuomittava kiihottamisesta kansanryhm\u00e4\u00e4 vastaan sakkoon tai vankeuteen enint\u00e4\u00e4n kahdeksi vuodeksi.<br \/>\nKiihottamisena kansanryhm\u00e4\u00e4 vastaan ei pidet\u00e4 sellaisten 1 momentissa tarkoitettujen lausuntojen, kuvien tai tiedonantojen levitt\u00e4mist\u00e4 yleis\u00f6n keskuuteen tai asettamista yleis\u00f6n saataville, joiden esitt\u00e4mist\u00e4 on pidett\u00e4v\u00e4 hyv\u00e4ksytt\u00e4v\u00e4n\u00e4 tieteess\u00e4, taiteessa tai n\u00e4ihin rinnastettavassa julkisessa toiminnassa taikka ajankohtaisten tai historiallisten tapahtumien selostamiseksi.&#8221;\n<\/p><\/blockquote>\n<p>Voimassa oleva laki:<\/p>\n<blockquote><p>&#8221;Joka yleis\u00f6n keskuuteen levitt\u00e4\u00e4 <strong>lausuntoja tai muita tiedonantoja,<\/strong> joissa uhataan, panetellaan tai solvataan jotakin kansallista, etnist\u00e4, rodullista tai uskonnollista ryhm\u00e4\u00e4 taikka niihin rinnastettavaa muuta kansanryhm\u00e4\u00e4, on tuomittava kiihottamisesta kansanryhm\u00e4\u00e4 vastaan sakkoon tai vankeuteen enint\u00e4\u00e4n kahdeksi vuodeksi.&#8221;\n<\/p><\/blockquote>\n","protected":false},"excerpt":{"rendered":"<p>Viime kev\u00e4\u00e4n\u00e4 kommentoin ns. &#8221;viharikoslakia&#8221; Nelosen uutisissa Effin edustajana ja kes\u00e4ll\u00e4 Vihreiden sananvapausaktivistien avoimessa kirjeess\u00e4. Oikeusministeri\u00f6ss\u00e4 valmisteltu mietint\u00f6 on edennyt hallituksen lakiesitykseksi joulun alla.<\/p>\n","protected":false},"author":1,"featured_media":0,"comment_status":"open","ping_status":"open","sticky":false,"template":"","format":"standard","meta":{"footnotes":""},"categories":[7,14,12],"tags":[15],"class_list":["post-548","post","type-post","status-publish","format-standard","hentry","category-politiikka","category-sananvapaus","category-yhteiskunta","tag-rasismi"],"_links":{"self":[{"href":"https:\/\/v.kauko.org\/index.php?rest_route=\/wp\/v2\/posts\/548","targetHints":{"allow":["GET"]}}],"collection":[{"href":"https:\/\/v.kauko.org\/index.php?rest_route=\/wp\/v2\/posts"}],"about":[{"href":"https:\/\/v.kauko.org\/index.php?rest_route=\/wp\/v2\/types\/post"}],"author":[{"embeddable":true,"href":"https:\/\/v.kauko.org\/index.php?rest_route=\/wp\/v2\/users\/1"}],"replies":[{"embeddable":true,"href":"https:\/\/v.kauko.org\/index.php?rest_route=%2Fwp%2Fv2%2Fcomments&post=548"}],"version-history":[{"count":5,"href":"https:\/\/v.kauko.org\/index.php?rest_route=\/wp\/v2\/posts\/548\/revisions"}],"predecessor-version":[{"id":1667,"href":"https:\/\/v.kauko.org\/index.php?rest_route=\/wp\/v2\/posts\/548\/revisions\/1667"}],"wp:attachment":[{"href":"https:\/\/v.kauko.org\/index.php?rest_route=%2Fwp%2Fv2%2Fmedia&parent=548"}],"wp:term":[{"taxonomy":"category","embeddable":true,"href":"https:\/\/v.kauko.org\/index.php?rest_route=%2Fwp%2Fv2%2Fcategories&post=548"},{"taxonomy":"post_tag","embeddable":true,"href":"https:\/\/v.kauko.org\/index.php?rest_route=%2Fwp%2Fv2%2Ftags&post=548"}],"curies":[{"name":"wp","href":"https:\/\/api.w.org\/{rel}","templated":true}]}}