{"id":434,"date":"2010-11-12T11:26:01","date_gmt":"2010-11-12T09:26:01","guid":{"rendered":"http:\/\/v.kauko.org\/?p=434"},"modified":"2012-06-17T13:55:29","modified_gmt":"2012-06-17T11:55:29","slug":"pelon-politiikkaa","status":"publish","type":"post","link":"https:\/\/v.kauko.org\/?p=434","title":{"rendered":"Pelon politiikkaa"},"content":{"rendered":"<blockquote><p>Yhdet pelk\u00e4\u00e4v\u00e4t maahanmuuttajia tai homoja, toiset rasisteja tai homofoobikkoja. Tiukka linja pit\u00e4\u00e4 kuulemma ottaa molemmin puolin.\n<\/p><\/blockquote>\n<p><!--more--><\/p>\n<p>Ville Ylikahri kirjoitti (VL 5.11.) <a href=\"http:\/\/www.villeylikahri.fi\/?p=523\">pelon politiikasta:<\/a> perussuomalaiset pelk\u00e4\u00e4v\u00e4t maahanmuuttajia ja kristillisdemokraatit homoja, ja pelko ilmenee n\u00e4ihin v\u00e4hemmist\u00f6ihin kohdistuvana sanallisena vihanlietsontana.<\/p>\n<p>Ylikahrilta j\u00e4i huomaamatta, ett\u00e4 h\u00e4n itse liittyy t\u00e4h\u00e4n samaan pelon politiikkaan: h\u00e4n pelk\u00e4\u00e4 vuorostaan rasisteja ja homofoobikkoja, pelottelee lukijaa polttopulloilla ja vaatii ottamaan tiukan linjan n\u00e4it\u00e4 pelottelijoita kohtaan.<!--more--><\/p>\n<p>&#8221;Ruotsissa ei hyv\u00e4ksyt\u00e4 rasistista kielenk\u00e4ytt\u00f6\u00e4 eik\u00e4 sen haluta levi\u00e4v\u00e4n laajalle&#8221;, kirjoittaa Ylikahri.<\/p>\n<p>Hetkinen. Kenell\u00e4 on demokratiassa oikeus p\u00e4\u00e4tt\u00e4\u00e4, miten eri mielt\u00e4 olevat saavat k\u00e4ytt\u00e4\u00e4 kielt\u00e4\u00e4n ja miten laajalle omasta poikkeavat mielipiteet levi\u00e4v\u00e4t? Millaisin tiukoin keinoin n\u00e4m\u00e4 toisinajattelijat pit\u00e4\u00e4 vaientaa?<\/p>\n<p>Niin vastenmielisi\u00e4 ja typeri\u00e4 kuin rasistiset ja homofobiset mielipiteet ovatkin, niin niit\u00e4 suojaa perustuslain kaikille takaama sananvapaus. Ne eiv\u00e4t ole taudinaiheuttajia, joiden levi\u00e4minen vastustuskyvytt\u00f6m\u00e4\u00e4n v\u00e4est\u00f6\u00f6n pit\u00e4isi valtion toimenpitein est\u00e4\u00e4.<\/p>\n<p>Ne ovat vain mielipiteit\u00e4, ja niit\u00e4 voi vastustaa. Ne on saatava huutaa julki, jotta niiden typeryyden voi osoittaa keskustelussa tai ne voi vaieta kuoliaaksi. V\u00e4kisin vaientamalla ne eiv\u00e4t kuole, vaan vahvistuvat.<\/p>\n<p>Rasistisen kielenk\u00e4yt\u00f6n kriminalisoimisesta on yll\u00e4tt\u00e4v\u00e4n lyhyt askel kaikkeen hallituksen enemmist\u00f6politiikan kritisoinnin kriminalisoimiseen. Mik\u00e4 meid\u00e4t demokratiat sitten en\u00e4\u00e4 erottaa Pohjois-Korean &#8221;demokraattisesta kansantasavallasta&#8221;?<\/p>\n<p>Vihreiden ihmisoikeusaktivistien avoin kirje l\u00f6ytyy<br \/>\nosoitteesta <a href=\"http:\/\/antti-juhani.kaijanaho.fi\/sananvapauskirje\/\">http:\/\/antti-juhani.kaijanaho.fi\/sananvapauskirje\/<\/a>.<\/p>\n<p>Virpi Kauko<br \/>\nJyv\u00e4skyl\u00e4<\/p>\n<p><em>Kirjoitus julkaistiin Vihre\u00e4n Langan mielipidepalstalla 12.11.2010.<\/em><\/p>\n<p>EDIT 24.11.2010:<br \/>\nVille Ylikahri vastasi Vihre\u00e4ss\u00e4 Langassa, ett\u00e4 h\u00e4n ei vaatinut sananvapauden rajoittamista, vaan ett\u00e4 rasisteille ja homofoobikoille sanotaan vastaan. H\u00e4n vain paheksui sit\u00e4 ett\u00e4 &#8221;poliitikot ymm\u00e4rt\u00e4v\u00e4t mielenosoitusten h\u00e4iritsemist\u00e4 ja vihakirjoittelua netiss\u00e4&#8221;. <\/p>\n<p>Hyv\u00e4 siis jos ymm\u00e4rsin silt\u00e4 osin v\u00e4\u00e4rin, mutta en taida viel\u00e4k\u00e4\u00e4n ymm\u00e4rt\u00e4\u00e4, mit\u00e4 &#8221;ymm\u00e4rt\u00e4minen&#8221; t\u00e4ss\u00e4 yhteydess\u00e4 tarkoittaa. Se mit\u00e4 min\u00e4 paheksun on nettil\u00f6pisij\u00f6iden leimaaminen kyynelkaasun tai polttopullojen kanssa riehuviksi rikollisiksi.<\/p>\n","protected":false},"excerpt":{"rendered":"<p>Yhdet pelk\u00e4\u00e4v\u00e4t maahanmuuttajia tai homoja, toiset rasisteja tai homofoobikkoja. Tiukka linja pit\u00e4\u00e4 kuulemma ottaa molemmin puolin.<\/p>\n","protected":false},"author":1,"featured_media":0,"comment_status":"open","ping_status":"open","sticky":false,"template":"","format":"standard","meta":{"footnotes":""},"categories":[7,14,12],"tags":[15],"class_list":["post-434","post","type-post","status-publish","format-standard","hentry","category-politiikka","category-sananvapaus","category-yhteiskunta","tag-rasismi"],"_links":{"self":[{"href":"https:\/\/v.kauko.org\/index.php?rest_route=\/wp\/v2\/posts\/434","targetHints":{"allow":["GET"]}}],"collection":[{"href":"https:\/\/v.kauko.org\/index.php?rest_route=\/wp\/v2\/posts"}],"about":[{"href":"https:\/\/v.kauko.org\/index.php?rest_route=\/wp\/v2\/types\/post"}],"author":[{"embeddable":true,"href":"https:\/\/v.kauko.org\/index.php?rest_route=\/wp\/v2\/users\/1"}],"replies":[{"embeddable":true,"href":"https:\/\/v.kauko.org\/index.php?rest_route=%2Fwp%2Fv2%2Fcomments&post=434"}],"version-history":[{"count":11,"href":"https:\/\/v.kauko.org\/index.php?rest_route=\/wp\/v2\/posts\/434\/revisions"}],"predecessor-version":[{"id":1666,"href":"https:\/\/v.kauko.org\/index.php?rest_route=\/wp\/v2\/posts\/434\/revisions\/1666"}],"wp:attachment":[{"href":"https:\/\/v.kauko.org\/index.php?rest_route=%2Fwp%2Fv2%2Fmedia&parent=434"}],"wp:term":[{"taxonomy":"category","embeddable":true,"href":"https:\/\/v.kauko.org\/index.php?rest_route=%2Fwp%2Fv2%2Fcategories&post=434"},{"taxonomy":"post_tag","embeddable":true,"href":"https:\/\/v.kauko.org\/index.php?rest_route=%2Fwp%2Fv2%2Ftags&post=434"}],"curies":[{"name":"wp","href":"https:\/\/api.w.org\/{rel}","templated":true}]}}