{"id":3290,"date":"2014-12-22T17:56:49","date_gmt":"2014-12-22T15:56:49","guid":{"rendered":"http:\/\/v.kauko.org\/?p=3290"},"modified":"2014-12-22T19:19:25","modified_gmt":"2014-12-22T17:19:25","slug":"kappadokia","status":"publish","type":"post","link":"https:\/\/v.kauko.org\/?p=3290","title":{"rendered":"Kappadokia"},"content":{"rendered":"<p><a href=\"https:\/\/v.kauko.org\/wp-content\/uploads\/800-v141205_055-r.jpg\"><img loading=\"lazy\" decoding=\"async\" src=\"https:\/\/v.kauko.org\/wp-content\/uploads\/450-v141205_055-r.jpg\" alt=\"450-v141205_055-r\" width=\"110\" height=\"110\" class=\"alignleft size-full wp-image-3291\" srcset=\"https:\/\/v.kauko.org\/wp-content\/uploads\/450-v141205_055-r.jpg 452w, https:\/\/v.kauko.org\/wp-content\/uploads\/450-v141205_055-r-300x300.jpg 300w\" sizes=\"auto, (max-width: 110px) 100vw, 110px\" \/><\/a>Viikon pakettimatkalla Turkissa n\u00e4imme erikoisia laavakivimuodostumia, luolakyli\u00e4 ja -kirkkoja, py\u00f6rivi\u00e4 dervi\u0161\u0161ej\u00e4 ja koreita mattoja. Pitkill\u00e4 bussimatkoilla kuulimme Turkin historiaa ja kulttuuria heettil\u00e4isist\u00e4 ja Bysantista ottomaaneihin, Atat\u00fcrkiin ja Erd\u00f6ganiin asti.<!--more--><\/p>\n<p><img loading=\"lazy\" decoding=\"async\" width=\"671\" height=\"503\" src=\"https:\/\/v.kauko.org\/wp-content\/uploads\/turkki_kartta1.png\" alt=\"turkki_kartta1\" class=\"alignnone size-full wp-image-3346\" srcset=\"https:\/\/v.kauko.org\/wp-content\/uploads\/turkki_kartta1.png 671w, https:\/\/v.kauko.org\/wp-content\/uploads\/turkki_kartta1-300x224.png 300w\" sizes=\"auto, (max-width: 671px) 100vw, 671px\" \/><\/p>\n<h4>Keskiviikko 3.12.<\/h4>\n<p>Lentokone laskeutui <strong>Antalya<\/strong>an puoleny\u00f6n j\u00e4lkeen. Matka jatkui bussilla 80 km rannikkoa it\u00e4\u00e4n <strong>Manavgat<\/strong>iin. <\/p>\n<p><img decoding=\"async\" src=\"https:\/\/v.kauko.org\/wp-content\/uploads\/800-v141203_018.jpg\" alt=\"800-v141203_018\" width=\"800\" class=\"alignnone size-full wp-image-3302\" srcset=\"https:\/\/v.kauko.org\/wp-content\/uploads\/800-v141203_018.jpg 800w, https:\/\/v.kauko.org\/wp-content\/uploads\/800-v141203_018-300x199.jpg 300w\" sizes=\"(max-width: 800px) 100vw, 800px\" \/><br \/>\nP\u00e4iv\u00e4ll\u00e4 teimme laivaretken Manavgat-joelle. <\/p>\n<p><a href=\"https:\/\/v.kauko.org\/wp-content\/uploads\/800-v141203_048-sv.jpg\"><img loading=\"lazy\" decoding=\"async\" width=\"800\" height=\"537\" src=\"https:\/\/v.kauko.org\/wp-content\/uploads\/800-v141203_048-sv.jpg\" alt=\"800-v141203_048-sv\" class=\"alignnone size-full wp-image-3370\" srcset=\"https:\/\/v.kauko.org\/wp-content\/uploads\/800-v141203_048-sv.jpg 800w, https:\/\/v.kauko.org\/wp-content\/uploads\/800-v141203_048-sv-300x201.jpg 300w\" sizes=\"auto, (max-width: 800px) 100vw, 800px\" \/><\/a><br \/>\nJoen suun ja V\u00e4limeren v\u00e4liin j\u00e4\u00e4 pitk\u00e4 ja kapea niemi, jolla el\u00e4\u00e4 triffidin tyyppisi\u00e4 kasveja ja kiurun tyyppisi\u00e4 lintuja. Lieju- ja nokikanoja asustelee joessa.<\/p>\n<p><a href=\"https:\/\/v.kauko.org\/wp-content\/uploads\/v141203_022-vr.jpg\"><img decoding=\"async\" src=\"https:\/\/v.kauko.org\/wp-content\/uploads\/v141203_022-vr.jpg\" alt=\"v141203_022-vr\" height=\"110\" class=\"alignnone size-full wp-image-3371\" srcset=\"https:\/\/v.kauko.org\/wp-content\/uploads\/v141203_022-vr.jpg 792w, https:\/\/v.kauko.org\/wp-content\/uploads\/v141203_022-vr-300x242.jpg 300w\" sizes=\"(max-width: 792px) 100vw, 792px\" \/><\/a> <a href=\"https:\/\/v.kauko.org\/wp-content\/uploads\/v141203_024-r.jpg\"><img decoding=\"async\" src=\"https:\/\/v.kauko.org\/wp-content\/uploads\/v141203_024-r.jpg\" alt=\"v141203_024-r\" height=\"110\" class=\"alignnone size-full wp-image-3372\" srcset=\"https:\/\/v.kauko.org\/wp-content\/uploads\/v141203_024-r.jpg 801w, https:\/\/v.kauko.org\/wp-content\/uploads\/v141203_024-r-300x240.jpg 300w\" sizes=\"(max-width: 801px) 100vw, 801px\" \/><\/a> <a href=\"https:\/\/v.kauko.org\/wp-content\/uploads\/v141203_043-vr.jpg\"><img decoding=\"async\" src=\"https:\/\/v.kauko.org\/wp-content\/uploads\/v141203_043-vr.jpg\" alt=\"v141203_043-vr\" height=\"110\" class=\"alignnone size-full wp-image-3373\" srcset=\"https:\/\/v.kauko.org\/wp-content\/uploads\/v141203_043-vr.jpg 802w, https:\/\/v.kauko.org\/wp-content\/uploads\/v141203_043-vr-300x239.jpg 300w\" sizes=\"(max-width: 802px) 100vw, 802px\" \/><\/a><\/p>\n<h4>Torstai 4.12.<\/h4>\n<p><a href=\"https:\/\/v.kauko.org\/wp-content\/uploads\/800-kartta_turkki_merkki.jpg\"><img loading=\"lazy\" decoding=\"async\" width=\"1200\" height=\"736\" src=\"https:\/\/v.kauko.org\/wp-content\/uploads\/800-kartta_turkki_merkki.jpg\" alt=\"800-kartta_turkki_merkki\" class=\"alignnone size-full wp-image-3300\" srcset=\"https:\/\/v.kauko.org\/wp-content\/uploads\/800-kartta_turkki_merkki.jpg 1200w, https:\/\/v.kauko.org\/wp-content\/uploads\/800-kartta_turkki_merkki-300x184.jpg 300w, https:\/\/v.kauko.org\/wp-content\/uploads\/800-kartta_turkki_merkki-1024x628.jpg 1024w\" sizes=\"auto, (max-width: 1200px) 100vw, 1200px\" \/><\/a><br \/>\nAamuvarhaisella l\u00e4hdimme 550 km matkalle <strong>Konya<\/strong>n kautta <strong>Nev\u015fehir<\/strong>iin Kappadokiaan. Kartta suurenee klikkaamalla. <\/p>\n<p><a href=\"https:\/\/v.kauko.org\/wp-content\/uploads\/800-v141204_039-v.jpg\"><img loading=\"lazy\" decoding=\"async\" width=\"800\" height=\"533\" src=\"https:\/\/v.kauko.org\/wp-content\/uploads\/800-v141204_039-v.jpg\" alt=\"800-v141204_039-v\" class=\"alignnone size-full wp-image-3305\" srcset=\"https:\/\/v.kauko.org\/wp-content\/uploads\/800-v141204_039-v.jpg 800w, https:\/\/v.kauko.org\/wp-content\/uploads\/800-v141204_039-v-300x199.jpg 300w\" sizes=\"auto, (max-width: 800px) 100vw, 800px\" \/><\/a><br \/>\nBussi nousi rannikolta Taurus-vuoriston jylhiin maisemiin 1800 m korkeuteen. <\/p>\n<p><a href=\"https:\/\/v.kauko.org\/wp-content\/uploads\/800-v141207_052-sv.jpg\"><img loading=\"lazy\" decoding=\"async\" width=\"800\" height=\"532\" src=\"https:\/\/v.kauko.org\/wp-content\/uploads\/800-v141207_052-sv.jpg\" alt=\"800-v141207_052-sv\" class=\"alignnone size-full wp-image-3353\" srcset=\"https:\/\/v.kauko.org\/wp-content\/uploads\/800-v141207_052-sv.jpg 800w, https:\/\/v.kauko.org\/wp-content\/uploads\/800-v141207_052-sv-300x199.jpg 300w\" sizes=\"auto, (max-width: 800px) 100vw, 800px\" \/><\/a><br \/>\nKarussa maastossa kasvaa kuuluisia Libanonin seetrej\u00e4, jonka sukulaisista jo muinaiset foinikialaiset rakensivat laivoja. Puu on nuorena kartiomainen joulukuusen n\u00e4k\u00f6inen mutta vanhana pet\u00e4j\u00e4n muotoinen. Turkin puolella kasvaa oma alalaji <em>Cedrus libani<\/em> var. <em>stenocoma<\/em>. Taustalla h\u00e4\u00e4m\u00f6tt\u00e4\u00e4 Su\u011fla G\u00f6l\u00fc -j\u00e4rvi.<\/p>\n<p><a href=\"https:\/\/v.kauko.org\/wp-content\/uploads\/800-v141207_040.jpg\"><img loading=\"lazy\" decoding=\"async\" width=\"800\" height=\"533\" src=\"https:\/\/v.kauko.org\/wp-content\/uploads\/800-v141207_040.jpg\" alt=\"800-v141207_040\" class=\"alignnone size-full wp-image-3352\" srcset=\"https:\/\/v.kauko.org\/wp-content\/uploads\/800-v141207_040.jpg 800w, https:\/\/v.kauko.org\/wp-content\/uploads\/800-v141207_040-300x199.jpg 300w\" sizes=\"auto, (max-width: 800px) 100vw, 800px\" \/><\/a><\/p>\n<p><img decoding=\"async\" src=\"https:\/\/v.kauko.org\/wp-content\/uploads\/800-v141204_075-v.jpg\" alt=\"800-v141204_075-v\" width=\"200\" class=\"alignright size-full wp-image-3306\" srcset=\"https:\/\/v.kauko.org\/wp-content\/uploads\/800-v141204_075-v.jpg 800w, https:\/\/v.kauko.org\/wp-content\/uploads\/800-v141204_075-v-300x199.jpg 300w\" sizes=\"(max-width: 800px) 100vw, 800px\" \/>Vuoristotien jyrkimmiss\u00e4 serpentiinimutkissa oli (jarrujen pett\u00e4misen varalta) turvaramppi, joka jatkui tangentin suuntaan loivaan yl\u00e4m\u00e4keen.<\/p>\n<p>Matkalla pidettiin kahvi- ja jaloittelutaukoja. Vessat olivat siistej\u00e4, paikoin perinteist\u00e4 mallia.<\/p>\n<p><a href=\"https:\/\/v.kauko.org\/wp-content\/uploads\/800-v141204_100-v.jpg\"><img loading=\"lazy\" decoding=\"async\" width=\"800\" height=\"533\" src=\"https:\/\/v.kauko.org\/wp-content\/uploads\/800-v141204_100-v.jpg\" alt=\"800-v141204_100-v\" class=\"alignnone size-full wp-image-3307\" srcset=\"https:\/\/v.kauko.org\/wp-content\/uploads\/800-v141204_100-v.jpg 800w, https:\/\/v.kauko.org\/wp-content\/uploads\/800-v141204_100-v-300x199.jpg 300w\" sizes=\"auto, (max-width: 800px) 100vw, 800px\" \/><\/a><br \/>\n<strong>Seydi\u015fehir<\/strong>in j\u00e4lkeen maasto tasaantuu yl\u00e4ng\u00f6ksi. Maaper\u00e4 on muinaisten tulivuorten tuhkaa ja varsin hyv\u00e4\u00e4 viljelymaata. T\u00e4\u00e4ll\u00e4 on perinteisesti istutettu puita lapsen syntyess\u00e4; lapsen menness\u00e4 naimisiin puut on kaadettu ja myyty my\u00f6t\u00e4j\u00e4isi\u00e4 varten tai h\u00e4\u00e4juhlien kustantamiseksi.<\/p>\n<p><a href=\"https:\/\/v.kauko.org\/wp-content\/uploads\/800-v141204_113.jpg\"><img loading=\"lazy\" decoding=\"async\" width=\"800\" height=\"533\" src=\"https:\/\/v.kauko.org\/wp-content\/uploads\/800-v141204_113.jpg\" alt=\"800-v141204_113\" class=\"alignnone size-full wp-image-3309\" srcset=\"https:\/\/v.kauko.org\/wp-content\/uploads\/800-v141204_113.jpg 800w, https:\/\/v.kauko.org\/wp-content\/uploads\/800-v141204_113-300x199.jpg 300w\" sizes=\"auto, (max-width: 800px) 100vw, 800px\" \/><\/a><br \/>\nMuinaisen Silkkitien varressa sijaitseva <strong>Konya<\/strong> (ent. Ikonion) oli aikanaan seld\u017eukkien p\u00e4\u00e4kaupunki. Nyky\u00e4\u00e4n se on nopeasti kasvava kaupunki, jonne on rakenteilla raitiotie. <\/p>\n<p><a href=\"https:\/\/v.kauko.org\/wp-content\/uploads\/800-v141204_109-vr.jpg\"><img loading=\"lazy\" decoding=\"async\" width=\"800\" height=\"534\" src=\"https:\/\/v.kauko.org\/wp-content\/uploads\/800-v141204_109-vr.jpg\" alt=\"800-v141204_109-vr\" class=\"alignnone size-full wp-image-3308\" srcset=\"https:\/\/v.kauko.org\/wp-content\/uploads\/800-v141204_109-vr.jpg 800w, https:\/\/v.kauko.org\/wp-content\/uploads\/800-v141204_109-vr-300x200.jpg 300w\" sizes=\"auto, (max-width: 800px) 100vw, 800px\" \/><\/a><br \/>\nKonyassa on hyv\u00e4t siniset py\u00f6r\u00e4ilykaistat.<\/p>\n<p><a href=\"https:\/\/v.kauko.org\/wp-content\/uploads\/800-v141204_145.jpg\"><img loading=\"lazy\" decoding=\"async\" width=\"800\" height=\"533\" src=\"https:\/\/v.kauko.org\/wp-content\/uploads\/800-v141204_145.jpg\" alt=\"800-v141204_145\" class=\"alignnone size-full wp-image-3311\" srcset=\"https:\/\/v.kauko.org\/wp-content\/uploads\/800-v141204_145.jpg 800w, https:\/\/v.kauko.org\/wp-content\/uploads\/800-v141204_145-300x199.jpg 300w\" sizes=\"auto, (max-width: 800px) 100vw, 800px\" \/><\/a><br \/>\nPy\u00f6rivien dervi\u0161\u0161ien luostarin pihapuutkin on leikattu spiraaleiksi. Paikka on nyky\u00e4\u00e4n museo.<\/p>\n<p><a href=\"https:\/\/v.kauko.org\/wp-content\/uploads\/800-v141204_123.jpg\"><img loading=\"lazy\" decoding=\"async\" width=\"800\" height=\"533\" src=\"https:\/\/v.kauko.org\/wp-content\/uploads\/800-v141204_123.jpg\" alt=\"800-v141204_123\" class=\"alignnone size-full wp-image-3310\" srcset=\"https:\/\/v.kauko.org\/wp-content\/uploads\/800-v141204_123.jpg 800w, https:\/\/v.kauko.org\/wp-content\/uploads\/800-v141204_123-300x199.jpg 300w\" sizes=\"auto, (max-width: 800px) 100vw, 800px\" \/><\/a><br \/>\nSis\u00e4ll\u00e4 on toinen toistaan hienommin tehtyj\u00e4 vanhoja Koraaneja.<\/p>\n<p><a href=\"https:\/\/v.kauko.org\/wp-content\/uploads\/800-DSC_0017.jpg\"><img decoding=\"async\" src=\"https:\/\/v.kauko.org\/wp-content\/uploads\/800-DSC_0017.jpg\" alt=\"800-DSC_0017\" height=\"360\" class=\"alignnone size-full wp-image-3363\" srcset=\"https:\/\/v.kauko.org\/wp-content\/uploads\/800-DSC_0017.jpg 450w, https:\/\/v.kauko.org\/wp-content\/uploads\/800-DSC_0017-168x300.jpg 168w\" sizes=\"(max-width: 450px) 100vw, 450px\" \/><\/a> <a href=\"https:\/\/v.kauko.org\/wp-content\/uploads\/800-DSC_0024-v.jpg\"><img decoding=\"async\" src=\"https:\/\/v.kauko.org\/wp-content\/uploads\/800-DSC_0024-v.jpg\" alt=\"800-DSC_0024-v\" height=\"360\" class=\"alignnone size-full wp-image-3364\" srcset=\"https:\/\/v.kauko.org\/wp-content\/uploads\/800-DSC_0024-v.jpg 450w, https:\/\/v.kauko.org\/wp-content\/uploads\/800-DSC_0024-v-168x300.jpg 168w\" sizes=\"(max-width: 450px) 100vw, 450px\" \/><\/a><br \/>\nIllan jo h\u00e4m\u00e4rtyess\u00e4 saavuimme Kappadokiaan. <strong>Aksaray<\/strong>n j\u00e4lkeen poikkesimme maanalaisessa <strong>Saratl\u0131 K\u0131rkg\u00f6z<\/strong>in kaupungissa. Klaustrofoobikkona j\u00e4in maanpinnalle odottelemaan, kun Petri k\u00e4vi tutustumassa muinaiseen luolakotiin. <\/p>\n<p>Samankaltaisia maanalaisia kaupunkeja on Kappadokiassa kymmeni\u00e4. Ne on kaiverrettu tiett\u00e4v\u00e4sti pronssikaudella pehme\u00e4\u00e4n kiveen, joka on syntynyt miljoonia vuosia sitten purkautuneiden tulivuorten laavasta ja tuhkasta. Bysantin (It\u00e4-Rooman) aikana asukkaat ovat paenneet niihin sotia ja vainoja. Paikka sai kuuluisuutta Erich von D\u00e4nikenin kirjasta, jonka mukaan asukkaat saivat apua ufohenkil\u00f6ilt\u00e4. Pragmaattiset turkkilaiset ovat hy\u00f6dynt\u00e4neet oudon kuuluisuuden: turismi tuo alueelle rahaa.   <\/p>\n<h4>Perjantai 5.12.<\/h4>\n<p><a href=\"https:\/\/v.kauko.org\/wp-content\/uploads\/800-v141205_006.jpg\"><img loading=\"lazy\" decoding=\"async\" width=\"800\" height=\"533\" src=\"https:\/\/v.kauko.org\/wp-content\/uploads\/800-v141205_006.jpg\" alt=\"800-v141205_006\" class=\"alignnone size-full wp-image-3313\" srcset=\"https:\/\/v.kauko.org\/wp-content\/uploads\/800-v141205_006.jpg 800w, https:\/\/v.kauko.org\/wp-content\/uploads\/800-v141205_006-300x199.jpg 300w\" sizes=\"auto, (max-width: 800px) 100vw, 800px\" \/><\/a><br \/>\nMajoituimme <strong>Nev\u015fehir<\/strong>&#8217;n Dinler-hotelliin kolmeksi y\u00f6ksi. <\/p>\n<p><a href=\"https:\/\/v.kauko.org\/wp-content\/uploads\/800-kartta_kappadokia-r.jpg\"><img loading=\"lazy\" decoding=\"async\" width=\"800\" height=\"555\" src=\"https:\/\/v.kauko.org\/wp-content\/uploads\/800-kartta_kappadokia-r.jpg\" alt=\"800-kartta_kappadokia-r\" class=\"alignnone size-full  wp-image-3299\" srcset=\"https:\/\/v.kauko.org\/wp-content\/uploads\/800-kartta_kappadokia-r.jpg 800w, https:\/\/v.kauko.org\/wp-content\/uploads\/800-kartta_kappadokia-r-300x208.jpg 300w\" sizes=\"auto, (max-width: 800px) 100vw, 800px\" \/><\/a><\/p>\n<p><a href=\"https:\/\/v.kauko.org\/wp-content\/uploads\/800-v141205_025.jpg\"><img loading=\"lazy\" decoding=\"async\" width=\"800\" height=\"533\" src=\"https:\/\/v.kauko.org\/wp-content\/uploads\/800-v141205_025.jpg\" alt=\"800-v141205_025\" class=\"alignnone size-full wp-image-3314\" srcset=\"https:\/\/v.kauko.org\/wp-content\/uploads\/800-v141205_025.jpg 800w, https:\/\/v.kauko.org\/wp-content\/uploads\/800-v141205_025-300x199.jpg 300w\" sizes=\"auto, (max-width: 800px) 100vw, 800px\" \/><\/a><br \/>\n<strong>Uchi\u015far<\/strong> \u2013 kyl\u00e4 ja linna. Asumukset on kaiverrettu osin pehme\u00e4\u00e4n laavakiveen, osin rakennettu samasta kivest\u00e4 tehdyist\u00e4 tiilist\u00e4.<\/p>\n<p><a href=\"https:\/\/v.kauko.org\/wp-content\/uploads\/800-v141205_027-r.jpg\"><img loading=\"lazy\" decoding=\"async\" width=\"800\" height=\"453\" src=\"https:\/\/v.kauko.org\/wp-content\/uploads\/800-v141205_027-r.jpg\" alt=\"800-v141205_027-r\" class=\"alignnone size-full wp-image-3315\" srcset=\"https:\/\/v.kauko.org\/wp-content\/uploads\/800-v141205_027-r.jpg 800w, https:\/\/v.kauko.org\/wp-content\/uploads\/800-v141205_027-r-300x169.jpg 300w\" sizes=\"auto, (max-width: 800px) 100vw, 800px\" \/><\/a><br \/>\nAasi on k\u00e4tev\u00e4 kulkuneuvo jyrkill\u00e4 kaduilla. Aurinkopaneeleja on l\u00e4hes joka katolla.<\/p>\n<p><a href=\"https:\/\/v.kauko.org\/wp-content\/uploads\/800-v141205_031-e1419246511129.jpg\"><img loading=\"lazy\" decoding=\"async\" width=\"533\" height=\"800\" src=\"https:\/\/v.kauko.org\/wp-content\/uploads\/800-v141205_031-e1419246511129.jpg\" alt=\"800-v141205_031\" class=\"alignnone size-full wp-image-3316\" \/><\/a><br \/>\nUchi\u015farin linna ja linnanherra.<\/p>\n<p><a href=\"https:\/\/v.kauko.org\/wp-content\/uploads\/800-v141205_043.jpg\"><img loading=\"lazy\" decoding=\"async\" width=\"800\" height=\"533\" src=\"https:\/\/v.kauko.org\/wp-content\/uploads\/800-v141205_043.jpg\" alt=\"800-v141205_043\" class=\"alignnone size-full wp-image-3317\" srcset=\"https:\/\/v.kauko.org\/wp-content\/uploads\/800-v141205_043.jpg 800w, https:\/\/v.kauko.org\/wp-content\/uploads\/800-v141205_043-300x199.jpg 300w\" sizes=\"auto, (max-width: 800px) 100vw, 800px\" \/><\/a><br \/>\nSis\u00e4ll\u00e4 on viihtyis\u00e4 ravintola ja viinikauppa.<\/p>\n<p><a href=\"https:\/\/v.kauko.org\/wp-content\/uploads\/800-v141205_069-vr.jpg\"><img loading=\"lazy\" decoding=\"async\" width=\"800\" height=\"535\" src=\"https:\/\/v.kauko.org\/wp-content\/uploads\/800-v141205_069-vr.jpg\" alt=\"800-v141205_069-vr\" class=\"alignnone size-full wp-image-3319\" srcset=\"https:\/\/v.kauko.org\/wp-content\/uploads\/800-v141205_069-vr.jpg 800w, https:\/\/v.kauko.org\/wp-content\/uploads\/800-v141205_069-vr-300x200.jpg 300w\" sizes=\"auto, (max-width: 800px) 100vw, 800px\" \/><\/a><br \/>\n<strong>\u00dcrg\u00fcp<\/strong>in tien varressa on punertavia eroosion muovaamia laavakivit\u00f6tter\u00f6it\u00e4, joissa voi n\u00e4hd\u00e4 vaikka mink\u00e4muotoisia hahmoja. T\u00e4ss\u00e4 on selv\u00e4sti hylje.<\/p>\n<p><a href=\"https:\/\/v.kauko.org\/wp-content\/uploads\/800-v141205_075-e1419248127862.jpg\"><img loading=\"lazy\" decoding=\"async\" width=\"533\" height=\"800\" src=\"https:\/\/v.kauko.org\/wp-content\/uploads\/800-v141205_075-e1419248127862.jpg\" alt=\"800-v141205_075\" class=\"alignnone size-full wp-image-3320\" \/><\/a><br \/>\nObelix ja hiidenkivi.<\/p>\n<p><a href=\"https:\/\/v.kauko.org\/wp-content\/uploads\/800-v141205_082-v.jpg\"><img loading=\"lazy\" decoding=\"async\" width=\"800\" height=\"533\" src=\"https:\/\/v.kauko.org\/wp-content\/uploads\/800-v141205_082-v.jpg\" alt=\"800-v141205_082-v\" class=\"alignnone size-full wp-image-3322\" srcset=\"https:\/\/v.kauko.org\/wp-content\/uploads\/800-v141205_082-v.jpg 800w, https:\/\/v.kauko.org\/wp-content\/uploads\/800-v141205_082-v-300x199.jpg 300w\" sizes=\"auto, (max-width: 800px) 100vw, 800px\" \/><\/a><br \/>\nT\u00e4t\u00e4 sanotaan &#8221;Kuun maisemaksi&#8221;, ehk\u00e4 siksi ettei alueella ole asumuksia, mutta ei se kyll\u00e4 kuuta muistuta. T\u00e4\u00e4ll\u00e4 olisin viihtynyt pidemp\u00e4\u00e4nkin. <\/p>\n<p><a href=\"https:\/\/v.kauko.org\/wp-content\/uploads\/800-v141205_077.jpg\"><img loading=\"lazy\" decoding=\"async\" width=\"800\" height=\"533\" src=\"https:\/\/v.kauko.org\/wp-content\/uploads\/800-v141205_077.jpg\" alt=\"800-v141205_077\" class=\"alignnone size-full wp-image-3321\" srcset=\"https:\/\/v.kauko.org\/wp-content\/uploads\/800-v141205_077.jpg 800w, https:\/\/v.kauko.org\/wp-content\/uploads\/800-v141205_077-300x199.jpg 300w\" sizes=\"auto, (max-width: 800px) 100vw, 800px\" \/><\/a><br \/>\nAikalaukaisinta k\u00e4ytt\u00e4en p\u00e4\u00e4see itsekin kuvaan. <\/p>\n<p><a href=\"https:\/\/v.kauko.org\/wp-content\/uploads\/800-v141205_113-v.jpg\"><img loading=\"lazy\" decoding=\"async\" width=\"800\" height=\"533\" src=\"https:\/\/v.kauko.org\/wp-content\/uploads\/800-v141205_113-v.jpg\" alt=\"800-v141205_113-v\" class=\"alignnone size-full wp-image-3324\" srcset=\"https:\/\/v.kauko.org\/wp-content\/uploads\/800-v141205_113-v.jpg 800w, https:\/\/v.kauko.org\/wp-content\/uploads\/800-v141205_113-v-300x199.jpg 300w\" sizes=\"auto, (max-width: 800px) 100vw, 800px\" \/><\/a><br \/>\n<strong>G\u00f6reme<\/strong>n ja <strong>Avanos<\/strong>in v\u00e4limailla sijaitsee my\u00f6s ns. Munkkilaakso, <strong>Pa\u015faba\u011f<\/strong> eli Kenraalin viinitarha, jota my\u00f6s Smurffikyl\u00e4ksi sanotaan. Maisemassa voi hahmottaa muinaisen joen, jossa n\u00e4iden t\u00f6tter\u00f6iden huiput ovat pilkottaneet outoina saarina.<\/p>\n<p><a href=\"https:\/\/v.kauko.org\/wp-content\/uploads\/800-v141205_108.jpg\"><img loading=\"lazy\" decoding=\"async\" width=\"800\" height=\"533\" src=\"https:\/\/v.kauko.org\/wp-content\/uploads\/800-v141205_108.jpg\" alt=\"800-v141205_108\" class=\"alignnone size-full wp-image-3323\" srcset=\"https:\/\/v.kauko.org\/wp-content\/uploads\/800-v141205_108.jpg 800w, https:\/\/v.kauko.org\/wp-content\/uploads\/800-v141205_108-300x199.jpg 300w\" sizes=\"auto, (max-width: 800px) 100vw, 800px\" \/><\/a><br \/>\nSmurffitalossa on sijainnut ehk\u00e4 maailman s\u00f6p\u00f6in armeijan toimisto.<\/p>\n<p><a href=\"https:\/\/v.kauko.org\/wp-content\/uploads\/800-v141205_126.jpg\"><img loading=\"lazy\" decoding=\"async\" width=\"800\" height=\"533\" src=\"https:\/\/v.kauko.org\/wp-content\/uploads\/800-v141205_126.jpg\" alt=\"800-v141205_126\" class=\"alignnone size-full wp-image-3325\" srcset=\"https:\/\/v.kauko.org\/wp-content\/uploads\/800-v141205_126.jpg 800w, https:\/\/v.kauko.org\/wp-content\/uploads\/800-v141205_126-300x199.jpg 300w\" sizes=\"auto, (max-width: 800px) 100vw, 800px\" \/><\/a><br \/>\nVirtaava vesi on uurtanut t\u00e4nnekin monenlaisia onkaloita. <\/p>\n<p><a href=\"https:\/\/v.kauko.org\/wp-content\/uploads\/800-v141205_147.jpg\"><img loading=\"lazy\" decoding=\"async\" width=\"800\" height=\"533\" src=\"https:\/\/v.kauko.org\/wp-content\/uploads\/800-v141205_147.jpg\" alt=\"800-v141205_147\" class=\"alignnone size-full wp-image-3327\" srcset=\"https:\/\/v.kauko.org\/wp-content\/uploads\/800-v141205_147.jpg 800w, https:\/\/v.kauko.org\/wp-content\/uploads\/800-v141205_147-300x199.jpg 300w\" sizes=\"auto, (max-width: 800px) 100vw, 800px\" \/><\/a><\/p>\n<p><a href=\"https:\/\/v.kauko.org\/wp-content\/uploads\/800-v141205_151-r.jpg\"><img loading=\"lazy\" decoding=\"async\" src=\"https:\/\/v.kauko.org\/wp-content\/uploads\/800-v141205_151-r.jpg\" alt=\"800-v141205_151-r\" width=\"200\" height=\"200\" class=\"alignright size-full wp-image-3328\" srcset=\"https:\/\/v.kauko.org\/wp-content\/uploads\/800-v141205_151-r.jpg 600w, https:\/\/v.kauko.org\/wp-content\/uploads\/800-v141205_151-r-300x300.jpg 300w\" sizes=\"auto, (max-width: 200px) 100vw, 200px\" \/><\/a><strong>Cavu\u015fin<\/strong>-kyl\u00e4ss\u00e4 on kalliita monen t\u00e4hden luolahotelleja ja paljon keskener\u00e4isi\u00e4 rakennuksia.<\/p>\n<p><a href=\"https:\/\/v.kauko.org\/wp-content\/uploads\/800-v141205_166.jpg\"><img loading=\"lazy\" decoding=\"async\" width=\"800\" height=\"533\" src=\"https:\/\/v.kauko.org\/wp-content\/uploads\/800-v141205_166.jpg\" alt=\"800-v141205_166\" class=\"alignnone size-full wp-image-3329\" srcset=\"https:\/\/v.kauko.org\/wp-content\/uploads\/800-v141205_166.jpg 800w, https:\/\/v.kauko.org\/wp-content\/uploads\/800-v141205_166-300x199.jpg 300w\" sizes=\"auto, (max-width: 800px) 100vw, 800px\" \/><\/a><br \/>\nLaavakalliot n\u00e4ytt\u00e4v\u00e4t aina erilaisilta eri kulmasta ja eri valossa.<\/p>\n<p><a href=\"https:\/\/v.kauko.org\/wp-content\/uploads\/800-v141205_182.jpg\"><img loading=\"lazy\" decoding=\"async\" width=\"800\" height=\"533\" src=\"https:\/\/v.kauko.org\/wp-content\/uploads\/800-v141205_182.jpg\" alt=\"800-v141205_182\" class=\"alignnone size-full wp-image-3332\" srcset=\"https:\/\/v.kauko.org\/wp-content\/uploads\/800-v141205_182.jpg 800w, https:\/\/v.kauko.org\/wp-content\/uploads\/800-v141205_182-300x199.jpg 300w\" sizes=\"auto, (max-width: 800px) 100vw, 800px\" \/><\/a><br \/>\nMeille tarjottiin teet\u00e4 &#8221;tyypillisess\u00e4&#8221; luolakodissa. Sinisess\u00e4 takissa on matkaoppaamme <strong>Den\u00edz.<\/strong><\/p>\n<p><a href=\"https:\/\/v.kauko.org\/wp-content\/uploads\/800-v141205_174-vr.jpg\"><img loading=\"lazy\" decoding=\"async\" width=\"800\" height=\"534\" src=\"https:\/\/v.kauko.org\/wp-content\/uploads\/800-v141205_174-vr.jpg\" alt=\"800-v141205_174-vr\" class=\"alignnone size-full wp-image-3330\" srcset=\"https:\/\/v.kauko.org\/wp-content\/uploads\/800-v141205_174-vr.jpg 800w, https:\/\/v.kauko.org\/wp-content\/uploads\/800-v141205_174-vr-300x200.jpg 300w\" sizes=\"auto, (max-width: 800px) 100vw, 800px\" \/><\/a><br \/>\nTurkinkyyhkyj\u00e4.<\/p>\n<p><a href=\"https:\/\/v.kauko.org\/wp-content\/uploads\/800-v141205_196-vr.jpg\"><img loading=\"lazy\" decoding=\"async\" width=\"800\" height=\"565\" src=\"https:\/\/v.kauko.org\/wp-content\/uploads\/800-v141205_196-vr.jpg\" alt=\"800-v141205_196-vr\" class=\"alignnone size-full wp-image-3333\" srcset=\"https:\/\/v.kauko.org\/wp-content\/uploads\/800-v141205_196-vr.jpg 800w, https:\/\/v.kauko.org\/wp-content\/uploads\/800-v141205_196-vr-300x211.jpg 300w\" sizes=\"auto, (max-width: 800px) 100vw, 800px\" \/><\/a><br \/>\nKuumailmapalloilu olisi ollut hauskaa, mutta j\u00e4timme t\u00e4ll\u00e4 kertaa v\u00e4liin.<\/p>\n<p><a href=\"https:\/\/v.kauko.org\/wp-content\/uploads\/500-v141205_219.jpg\"><img loading=\"lazy\" decoding=\"async\" width=\"500\" height=\"600\" src=\"https:\/\/v.kauko.org\/wp-content\/uploads\/500-v141205_219.jpg\" alt=\"500-v141205_219\" class=\"alignnone size-full wp-image-3384\" srcset=\"https:\/\/v.kauko.org\/wp-content\/uploads\/500-v141205_219.jpg 500w, https:\/\/v.kauko.org\/wp-content\/uploads\/500-v141205_219-250x300.jpg 250w\" sizes=\"auto, (max-width: 500px) 100vw, 500px\" \/><\/a><\/p>\n<p><a href=\"https:\/\/v.kauko.org\/wp-content\/uploads\/800-v141205_235.jpg\"><img loading=\"lazy\" decoding=\"async\" width=\"800\" height=\"533\" src=\"https:\/\/v.kauko.org\/wp-content\/uploads\/800-v141205_235.jpg\" alt=\"800-v141205_235\" class=\"alignnone size-full wp-image-3336\" srcset=\"https:\/\/v.kauko.org\/wp-content\/uploads\/800-v141205_235.jpg 800w, https:\/\/v.kauko.org\/wp-content\/uploads\/800-v141205_235-300x199.jpg 300w\" sizes=\"auto, (max-width: 800px) 100vw, 800px\" \/><\/a><br \/>\nFossiilien maastavienti oli ankarasti kielletty, mutta niit\u00e4 oli kojussa myyt\u00e4v\u00e4n\u00e4 muiden koriste-esineiden seassa.<\/p>\n<p><a href=\"https:\/\/v.kauko.org\/wp-content\/uploads\/800-v141205_249-vr.jpg\"><img loading=\"lazy\" decoding=\"async\" width=\"794\" height=\"600\" src=\"https:\/\/v.kauko.org\/wp-content\/uploads\/800-v141205_249-vr.jpg\" alt=\"800-v141205_249-vr\" class=\"alignnone size-full wp-image-3337\" srcset=\"https:\/\/v.kauko.org\/wp-content\/uploads\/800-v141205_249-vr.jpg 794w, https:\/\/v.kauko.org\/wp-content\/uploads\/800-v141205_249-vr-300x226.jpg 300w\" sizes=\"auto, (max-width: 794px) 100vw, 794px\" \/><\/a><br \/>\nIllalla menimme katsomaan py\u00f6rivien dervi\u0161\u0161ien seremoniaa. Kuulemma he v\u00e4ltt\u00e4v\u00e4t p\u00e4\u00e4n py\u00f6r\u00e4llemenon vaipumalla transsiin. <\/p>\n<h4>Lauantai 6.12.<\/h4>\n<p><a href=\"https:\/\/v.kauko.org\/wp-content\/uploads\/800-v141206_022.jpg\"><img loading=\"lazy\" decoding=\"async\" width=\"800\" height=\"533\" src=\"https:\/\/v.kauko.org\/wp-content\/uploads\/800-v141206_022.jpg\" alt=\"800-v141206_022\" class=\"alignnone size-full wp-image-3388\" srcset=\"https:\/\/v.kauko.org\/wp-content\/uploads\/800-v141206_022.jpg 800w, https:\/\/v.kauko.org\/wp-content\/uploads\/800-v141206_022-300x199.jpg 300w\" sizes=\"auto, (max-width: 800px) 100vw, 800px\" \/><\/a><br \/>\n<strong>G\u00f6reme<\/strong> on Unescon maailmanperint\u00f6kohde. Siell\u00e4 on asumusten lis\u00e4ksi kirkkoja. Freskoja ei saanut kuvata. Ihmiskuvista ovat &#8221;ikonoklastit&#8221; tuhonneet kasvot k\u00e4den korkeudelta, mutta korkeammalla sijaitsevia on s\u00e4ilynyt.<\/p>\n<p><a href=\"https:\/\/v.kauko.org\/wp-content\/uploads\/800-v141206_031.jpg\"><img loading=\"lazy\" decoding=\"async\" width=\"800\" height=\"533\" src=\"https:\/\/v.kauko.org\/wp-content\/uploads\/800-v141206_031.jpg\" alt=\"800-v141206_031\" class=\"alignnone size-full wp-image-3391\" srcset=\"https:\/\/v.kauko.org\/wp-content\/uploads\/800-v141206_031.jpg 800w, https:\/\/v.kauko.org\/wp-content\/uploads\/800-v141206_031-300x199.jpg 300w\" sizes=\"auto, (max-width: 800px) 100vw, 800px\" \/><\/a><br \/>\nMuutama fresko on ulkosein\u00e4ss\u00e4 kameran ulottuvilla. Maltan risti on suosittu kuva-aihe.<\/p>\n<p><a href=\"https:\/\/v.kauko.org\/wp-content\/uploads\/800-v141206_016-vr.jpg\"><img decoding=\"async\" src=\"https:\/\/v.kauko.org\/wp-content\/uploads\/800-v141206_016-vr.jpg\" alt=\"800-v141206_016-vr\" height=\"310\" class=\"alignnone size-full wp-image-3341\" srcset=\"https:\/\/v.kauko.org\/wp-content\/uploads\/800-v141206_016-vr.jpg 394w, https:\/\/v.kauko.org\/wp-content\/uploads\/800-v141206_016-vr-197x300.jpg 197w\" sizes=\"(max-width: 394px) 100vw, 394px\" \/><\/a> <a href=\"https:\/\/v.kauko.org\/wp-content\/uploads\/800-v141206_019-vr.jpg\"><img decoding=\"async\" src=\"https:\/\/v.kauko.org\/wp-content\/uploads\/800-v141206_019-vr.jpg\" alt=\"800-v141206_019-vr\" height=\"310\" class=\"alignnone size-full wp-image-3342\" srcset=\"https:\/\/v.kauko.org\/wp-content\/uploads\/800-v141206_019-vr.jpg 397w, https:\/\/v.kauko.org\/wp-content\/uploads\/800-v141206_019-vr-198x300.jpg 198w\" sizes=\"(max-width: 397px) 100vw, 397px\" \/><\/a><br \/>\nOppaamme Den\u00edz demonstroi, miten Maltan risti syntyy kirjoittamalla kreikaksi \u0399\u03a7\u0398\u03a5\u03a3 (ichtys=kala, Jeesuksen symboli) kirjaimet yhteen kasaan.<\/p>\n<p><a href=\"https:\/\/v.kauko.org\/wp-content\/uploads\/800-v141206_027.jpg\"><img loading=\"lazy\" decoding=\"async\" width=\"800\" height=\"533\" src=\"https:\/\/v.kauko.org\/wp-content\/uploads\/800-v141206_027.jpg\" alt=\"800-v141206_027\"  class=\"alignnone size-full wp-image-3389\" srcset=\"https:\/\/v.kauko.org\/wp-content\/uploads\/800-v141206_027.jpg 800w, https:\/\/v.kauko.org\/wp-content\/uploads\/800-v141206_027-300x199.jpg 300w\" sizes=\"auto, (max-width: 800px) 100vw, 800px\" \/><\/a><br \/>\nKallioon on koverrettu seinien lis\u00e4ksi huonekalujakin&#8230;<\/p>\n<p><a href=\"https:\/\/v.kauko.org\/wp-content\/uploads\/800-v141206_033.jpg\"><img loading=\"lazy\" decoding=\"async\" width=\"800\" height=\"533\" src=\"https:\/\/v.kauko.org\/wp-content\/uploads\/800-v141206_033.jpg\" alt=\"800-v141206_033\" class=\"alignnone size-full wp-image-3392\" srcset=\"https:\/\/v.kauko.org\/wp-content\/uploads\/800-v141206_033.jpg 800w, https:\/\/v.kauko.org\/wp-content\/uploads\/800-v141206_033-300x199.jpg 300w\" sizes=\"auto, (max-width: 800px) 100vw, 800px\" \/><\/a><br \/>\n&#8230;ja jopa hautakammioita. <\/p>\n<p><a href=\"https:\/\/v.kauko.org\/wp-content\/uploads\/800-v141206_030-v.jpg\"><img loading=\"lazy\" decoding=\"async\" width=\"800\" height=\"533\" src=\"https:\/\/v.kauko.org\/wp-content\/uploads\/800-v141206_030-v.jpg\" alt=\"800-v141206_030-v\" class=\"alignnone size-full wp-image-3390\" srcset=\"https:\/\/v.kauko.org\/wp-content\/uploads\/800-v141206_030-v.jpg 800w, https:\/\/v.kauko.org\/wp-content\/uploads\/800-v141206_030-v-300x199.jpg 300w\" sizes=\"auto, (max-width: 800px) 100vw, 800px\" \/><\/a><br \/>\nYl\u00e4kerrasta avautuu Kappadokian maisemia. <\/p>\n<p><a href=\"https:\/\/v.kauko.org\/wp-content\/uploads\/800-v141206_014-vr.jpg\"><img decoding=\"async\" src=\"https:\/\/v.kauko.org\/wp-content\/uploads\/800-v141206_014-vr.jpg\" alt=\"800-v141206_014-vr\" height=\"215\" class=\"alignnone size-full wp-image-3340\" srcset=\"https:\/\/v.kauko.org\/wp-content\/uploads\/800-v141206_014-vr.jpg 424w, https:\/\/v.kauko.org\/wp-content\/uploads\/800-v141206_014-vr-212x300.jpg 212w\" sizes=\"(max-width: 424px) 100vw, 424px\" \/><\/a> <a href=\"https:\/\/v.kauko.org\/wp-content\/uploads\/800-v141206_082-v.jpg\"><img decoding=\"async\" src=\"https:\/\/v.kauko.org\/wp-content\/uploads\/800-v141206_082-v.jpg\" alt=\"800-v141206_082-v\" height=\"215\" class=\"alignnone size-full wp-image-3398\" srcset=\"https:\/\/v.kauko.org\/wp-content\/uploads\/800-v141206_082-v.jpg 799w, https:\/\/v.kauko.org\/wp-content\/uploads\/800-v141206_082-v-300x225.jpg 300w\" sizes=\"(max-width: 799px) 100vw, 799px\" \/><\/a><br \/>\nOpas <strong>Den\u00edz<\/strong> ja kuljettaja <strong>Cafer<\/strong> ty\u00f6ss\u00e4\u00e4n. Deniksen yhteiskuntaopin luennot sujuivat rutiinilla, mutta ehk\u00e4 kurdit ja armenialaiset saattaisivat olla joistakin yksityiskohdista hiukan eri mielt\u00e4&#8230; Seuraavaksi ohjelmassa on mattokauppa.<\/p>\n<p><a href=\"https:\/\/v.kauko.org\/wp-content\/uploads\/800-v141206_048-r.jpg\"><img loading=\"lazy\" decoding=\"async\" width=\"799\" height=\"600\" src=\"https:\/\/v.kauko.org\/wp-content\/uploads\/800-v141206_048-r.jpg\" alt=\"800-v141206_048-r\" class=\"alignnone size-full wp-image-3393\" srcset=\"https:\/\/v.kauko.org\/wp-content\/uploads\/800-v141206_048-r.jpg 799w, https:\/\/v.kauko.org\/wp-content\/uploads\/800-v141206_048-r-300x225.jpg 300w\" sizes=\"auto, (max-width: 799px) 100vw, 799px\" \/><\/a><\/p>\n<p><a href=\"https:\/\/v.kauko.org\/wp-content\/uploads\/800-v141206_054-e1419254504744.jpg\"><img decoding=\"async\" src=\"https:\/\/v.kauko.org\/wp-content\/uploads\/800-v141206_054-e1419254504744.jpg\" alt=\"800-v141206_054\" width=\"250\" class=\"alignleft size-full wp-image-3394\" \/><\/a>Jacques Cousteaun n\u00e4k\u00f6inen mattomestari puhui yll\u00e4tt\u00e4en selv\u00e4\u00e4 suomea. H\u00e4n ja ty\u00f6ntekij\u00e4 n\u00e4yttiv\u00e4t, miten kuumassa vedess\u00e4 liotetuista silkkiperhosen koteloista saa silkkilangan kehityksi vyyhdelle. Paljun reunalla oleva tumma t\u00e4pl\u00e4 on toukka, joka valitettavasti menett\u00e4\u00e4 prosessissa henkens\u00e4.<br \/>\n<a href=\"https:\/\/v.kauko.org\/wp-content\/uploads\/800-v141206_058.jpg\"><img loading=\"lazy\" decoding=\"async\" width=\"800\" height=\"533\" src=\"https:\/\/v.kauko.org\/wp-content\/uploads\/800-v141206_058.jpg\" alt=\"800-v141206_058\" class=\"alignnone size-full wp-image-3395\" srcset=\"https:\/\/v.kauko.org\/wp-content\/uploads\/800-v141206_058.jpg 800w, https:\/\/v.kauko.org\/wp-content\/uploads\/800-v141206_058-300x199.jpg 300w\" sizes=\"auto, (max-width: 800px) 100vw, 800px\" \/><\/a><\/p>\n<p><a href=\"https:\/\/v.kauko.org\/wp-content\/uploads\/800-v141206_067.jpg\"><img loading=\"lazy\" decoding=\"async\" width=\"800\" height=\"533\" src=\"https:\/\/v.kauko.org\/wp-content\/uploads\/800-v141206_067.jpg\" alt=\"800-v141206_067\" class=\"alignnone size-full wp-image-3396\" srcset=\"https:\/\/v.kauko.org\/wp-content\/uploads\/800-v141206_067.jpg 800w, https:\/\/v.kauko.org\/wp-content\/uploads\/800-v141206_067-300x199.jpg 300w\" sizes=\"auto, (max-width: 800px) 100vw, 800px\" \/><\/a><br \/>\nMattofirmalla on Turkin valtion tukema yhteiskunnallinen tavoite: mahdollistaa pienten lasten \u00e4itien ty\u00f6skentelyn taloudellisesti riippumattomina miehist\u00e4\u00e4n. Samalla vanha it\u00e4mainen mattoperinne pysyy elossa. Kutojille maksetaan 300\u20ac\/kk peruspalkkaa ja lis\u00e4ksi 30-60% provisio sitten kun matto myyd\u00e4\u00e4n. Useimmat naiset kutovat kotonaan, mutta kaupassa oli muutama kutoja malliksi t\u00f6iss\u00e4.<\/p>\n<p>Meid\u00e4t istutettiin ison py\u00f6re\u00e4n huoneen seinustalle, tarjottiin teet\u00e4, viini\u00e4 ja &#8221;leijonanmaitoa&#8221; eli rakia, ja leviteltiin lattialle kymmeni\u00e4 upeita mattoja n\u00e4ytille. Siell\u00e4 ei harmi kyll\u00e4 saanut valokuvata. <\/p>\n<p><a href=\"https:\/\/v.kauko.org\/wp-content\/uploads\/800-v141206_077-sv.jpg\"><img loading=\"lazy\" decoding=\"async\" width=\"742\" height=\"600\" src=\"https:\/\/v.kauko.org\/wp-content\/uploads\/800-v141206_077-sv.jpg\" alt=\"800-v141206_077-sv\" class=\"alignnone size-full wp-image-3397\" srcset=\"https:\/\/v.kauko.org\/wp-content\/uploads\/800-v141206_077-sv.jpg 742w, https:\/\/v.kauko.org\/wp-content\/uploads\/800-v141206_077-sv-300x242.jpg 300w\" sizes=\"auto, (max-width: 742px) 100vw, 742px\" \/><\/a><br \/>\nMattoshown j\u00e4lkeen oli lounas Avanosissa. T\u00e4ll\u00e4 kertaa ei ollut monimuotoista buffettia, vaan tarjoilija toi umpiruukun uunista liekkeineen p\u00e4ivineen ja kopsautti kannen irti. Ruukussa oli stroganoffin tyyppist\u00e4 mureaa lihapataa. <\/p>\n<p><a href=\"https:\/\/v.kauko.org\/wp-content\/uploads\/800-v141206_094-sv.jpg\"><img decoding=\"async\" src=\"https:\/\/v.kauko.org\/wp-content\/uploads\/800-v141206_094-sv.jpg\" alt=\"800-v141206_094-sv\" height=\"320\" class=\"alignnone size-full wp-image-3399\" srcset=\"https:\/\/v.kauko.org\/wp-content\/uploads\/800-v141206_094-sv.jpg 370w, https:\/\/v.kauko.org\/wp-content\/uploads\/800-v141206_094-sv-185x300.jpg 185w\" sizes=\"(max-width: 370px) 100vw, 370px\" \/><\/a> <a href=\"https:\/\/v.kauko.org\/wp-content\/uploads\/800-v141206_098-s.jpg\"><img decoding=\"async\" src=\"https:\/\/v.kauko.org\/wp-content\/uploads\/800-v141206_098-s.jpg\" alt=\"800-v141206_098-s\" height=\"320\" class=\"alignnone size-full wp-image-3400\" srcset=\"https:\/\/v.kauko.org\/wp-content\/uploads\/800-v141206_098-s.jpg 403w, https:\/\/v.kauko.org\/wp-content\/uploads\/800-v141206_098-s-201x300.jpg 201w\" sizes=\"(max-width: 403px) 100vw, 403px\" \/><\/a><br \/>\nIltaohjelmana oli kansantanssiesitys. Osaan numeroita sai yleis\u00f6kin osallistua. Joku oli vinkannut seremoniamestarille, ett\u00e4 on Suomen itsen\u00e4isyysp\u00e4iv\u00e4, ja s\u00e4estyskin l\u00f6ytyi. Me suomalaiset sitten nousimme laulamaan Maamme-laulun. <\/p>\n<p><a href=\"https:\/\/v.kauko.org\/wp-content\/uploads\/800-v141206_134-r.jpg\"><img decoding=\"async\" src=\"https:\/\/v.kauko.org\/wp-content\/uploads\/800-v141206_134-r.jpg\" alt=\"800-v141206_134-r\" height=\"250\" class=\"alignnone size-full wp-image-3401\" srcset=\"https:\/\/v.kauko.org\/wp-content\/uploads\/800-v141206_134-r.jpg 489w, https:\/\/v.kauko.org\/wp-content\/uploads\/800-v141206_134-r-244x300.jpg 244w\" sizes=\"(max-width: 489px) 100vw, 489px\" \/><\/a> <a href=\"https:\/\/v.kauko.org\/wp-content\/uploads\/800-v141206_137-r.jpg\"><img decoding=\"async\" src=\"https:\/\/v.kauko.org\/wp-content\/uploads\/800-v141206_137-r.jpg\" alt=\"800-v141206_137-r\" height=\"250\" class=\"alignnone size-full wp-image-3402\" srcset=\"https:\/\/v.kauko.org\/wp-content\/uploads\/800-v141206_137-r.jpg 489w, https:\/\/v.kauko.org\/wp-content\/uploads\/800-v141206_137-r-244x300.jpg 244w\" sizes=\"(max-width: 489px) 100vw, 489px\" \/><\/a><\/p>\n<p><a href=\"https:\/\/v.kauko.org\/wp-content\/uploads\/800-v141206_139-r.jpg\"><img decoding=\"async\" src=\"https:\/\/v.kauko.org\/wp-content\/uploads\/800-v141206_139-r.jpg\" alt=\"800-v141206_139-r\" height=\"250\" class=\"alignnone size-full wp-image-3403\" srcset=\"https:\/\/v.kauko.org\/wp-content\/uploads\/800-v141206_139-r.jpg 490w, https:\/\/v.kauko.org\/wp-content\/uploads\/800-v141206_139-r-245x300.jpg 245w\" sizes=\"(max-width: 490px) 100vw, 490px\" \/><\/a> <a href=\"https:\/\/v.kauko.org\/wp-content\/uploads\/800-v141206_143-vr.jpg\"><img decoding=\"async\" src=\"https:\/\/v.kauko.org\/wp-content\/uploads\/800-v141206_143-vr.jpg\" alt=\"800-v141206_143-vr\" height=\"250\" class=\"alignnone size-full wp-image-3404\" srcset=\"https:\/\/v.kauko.org\/wp-content\/uploads\/800-v141206_143-vr.jpg 489w, https:\/\/v.kauko.org\/wp-content\/uploads\/800-v141206_143-vr-244x300.jpg 244w\" sizes=\"(max-width: 489px) 100vw, 489px\" \/><\/a><br \/>\nKellohametaiteilija py\u00f6ri vinhemmin kuin dervi\u0161\u0161it, mutta ei n\u00e4ytt\u00e4nyt vaipuvan transsiin.<\/p>\n<p><a href=\"https:\/\/v.kauko.org\/wp-content\/uploads\/800-v141206_145-vr.jpg\"><img loading=\"lazy\" decoding=\"async\" width=\"495\" height=\"600\" src=\"https:\/\/v.kauko.org\/wp-content\/uploads\/800-v141206_145-vr.jpg\" alt=\"800-v141206_145-vr\" class=\"alignnone size-full wp-image-3405\" srcset=\"https:\/\/v.kauko.org\/wp-content\/uploads\/800-v141206_145-vr.jpg 495w, https:\/\/v.kauko.org\/wp-content\/uploads\/800-v141206_145-vr-247x300.jpg 247w\" sizes=\"auto, (max-width: 495px) 100vw, 495px\" \/><\/a><br \/>\nTurkkilaiseen kansantanssi-iltaan kuuluu tietysti my\u00f6s napatanssijatar.<\/p>\n<h4>Sunnuntai 7.12.<\/h4>\n<p><a href=\"https:\/\/v.kauko.org\/wp-content\/uploads\/800-v141207_115-v.jpg\"><img loading=\"lazy\" decoding=\"async\" width=\"800\" height=\"533\" src=\"https:\/\/v.kauko.org\/wp-content\/uploads\/800-v141207_115-v.jpg\" alt=\"800-v141207_115-v\" class=\"alignnone size-full wp-image-3418\" srcset=\"https:\/\/v.kauko.org\/wp-content\/uploads\/800-v141207_115-v.jpg 800w, https:\/\/v.kauko.org\/wp-content\/uploads\/800-v141207_115-v-300x199.jpg 300w\" sizes=\"auto, (max-width: 800px) 100vw, 800px\" \/><\/a><br \/>\nBussimatka takaisin Taurus-vuoriston yli Antalyaan. <\/p>\n<p><a href=\"https:\/\/v.kauko.org\/wp-content\/uploads\/800-v141207_121-vr.jpg\"><img loading=\"lazy\" decoding=\"async\" width=\"800\" height=\"346\" src=\"https:\/\/v.kauko.org\/wp-content\/uploads\/800-v141207_121-vr.jpg\" alt=\"800-v141207_121-vr\" class=\"alignnone size-full wp-image-3419\" srcset=\"https:\/\/v.kauko.org\/wp-content\/uploads\/800-v141207_121-vr.jpg 800w, https:\/\/v.kauko.org\/wp-content\/uploads\/800-v141207_121-vr-300x129.jpg 300w\" sizes=\"auto, (max-width: 800px) 100vw, 800px\" \/><\/a><br \/>\nLammaslauma ja paimen.<\/p>\n<p><a href=\"https:\/\/v.kauko.org\/wp-content\/uploads\/800-v141207_134-svr.jpg\"><img decoding=\"async\" src=\"https:\/\/v.kauko.org\/wp-content\/uploads\/800-v141207_134-svr.jpg\" alt=\"800-v141207_134-svr\" height=\"300\" class=\"alignnone size-full wp-image-3437\" srcset=\"https:\/\/v.kauko.org\/wp-content\/uploads\/800-v141207_134-svr.jpg 459w, https:\/\/v.kauko.org\/wp-content\/uploads\/800-v141207_134-svr-229x300.jpg 229w\" sizes=\"(max-width: 459px) 100vw, 459px\" \/><\/a> <img loading=\"lazy\" decoding=\"async\" src=\"https:\/\/upload.wikimedia.org\/wikipedia\/en\/5\/52\/Belvedere.jpg\" width=\"192\" height=\"299\" class=\"alignnone\" \/><br \/>\nT\u00e4m\u00e4 pieni moskeija toi jotenkin mieleen mielitaiteilijani Maurits Escherin <em>Belvedere<\/em>n.<\/p>\n<p><a href=\"https:\/\/v.kauko.org\/wp-content\/uploads\/800-v141207_137-r.jpg\"><img loading=\"lazy\" decoding=\"async\" width=\"800\" height=\"492\" src=\"https:\/\/v.kauko.org\/wp-content\/uploads\/800-v141207_137-r.jpg\" alt=\"800-v141207_137-r\" class=\"alignnone size-full wp-image-3421\" srcset=\"https:\/\/v.kauko.org\/wp-content\/uploads\/800-v141207_137-r.jpg 800w, https:\/\/v.kauko.org\/wp-content\/uploads\/800-v141207_137-r-300x184.jpg 300w\" sizes=\"auto, (max-width: 800px) 100vw, 800px\" \/><\/a><br \/>\nPuoliautomaattinen autonpesukone. J\u00e4teveden k\u00e4sittely ei t\u00e4ytt\u00e4ne eurooppalaisia ymp\u00e4rist\u00f6normeja&#8230;<\/p>\n<h4>Maanantai 8.12.<\/h4>\n<p><a href=\"https:\/\/v.kauko.org\/wp-content\/uploads\/800-v141208_002.jpg\"><img loading=\"lazy\" decoding=\"async\" width=\"800\" height=\"533\" src=\"https:\/\/v.kauko.org\/wp-content\/uploads\/800-v141208_002.jpg\" alt=\"800-v141208_002\" class=\"alignnone size-full wp-image-3422\" srcset=\"https:\/\/v.kauko.org\/wp-content\/uploads\/800-v141208_002.jpg 800w, https:\/\/v.kauko.org\/wp-content\/uploads\/800-v141208_002-300x199.jpg 300w\" sizes=\"auto, (max-width: 800px) 100vw, 800px\" \/><\/a><br \/>\nAntalyassa meid\u00e4t majoitettiin hulppeaan golf-resorttiin meren rantaan keskelle peltoja. Sesongin ulkopuolella paikka oli l\u00e4hes tyhjill\u00e4\u00e4n. Olisi ollut mahtava paikka katsella ja kuvata t\u00e4htitaivasta kaukana valosaasteesta, mutta taivas oli pilvess\u00e4.<\/p>\n<p><a href=\"https:\/\/v.kauko.org\/wp-content\/uploads\/800-v141208_027-e1419259854147.jpg\"><img decoding=\"async\" src=\"https:\/\/v.kauko.org\/wp-content\/uploads\/800-v141208_027-e1419259854147.jpg\" alt=\"800-v141208_027\" height=\"340\" class=\"alignnone size-full wp-image-3423\" \/><\/a> <a href=\"https:\/\/v.kauko.org\/wp-content\/uploads\/800-DSC_0060.jpg\"><img decoding=\"async\" src=\"https:\/\/v.kauko.org\/wp-content\/uploads\/800-DSC_0060.jpg\" alt=\"800-DSC_0060\"  height=\"340\" class=\"alignnone size-full wp-image-3366\" srcset=\"https:\/\/v.kauko.org\/wp-content\/uploads\/800-DSC_0060.jpg 450w, https:\/\/v.kauko.org\/wp-content\/uploads\/800-DSC_0060-168x300.jpg 168w\" sizes=\"(max-width: 450px) 100vw, 450px\" \/><\/a><br \/>\nVietimme p\u00e4iv\u00e4n korukaupassa ja nahkakaupassa. Palvelu oli yksil\u00f6llist\u00e4, asiantuntevaa ja tarmokasta. <\/p>\n<p><a href=\"https:\/\/v.kauko.org\/wp-content\/uploads\/800-v141208_068-vr.jpg\"><img loading=\"lazy\" decoding=\"async\" width=\"800\" height=\"533\" src=\"https:\/\/v.kauko.org\/wp-content\/uploads\/800-v141208_068-vr.jpg\" alt=\"800-v141208_068-vr\" class=\"alignnone size-full wp-image-3430\" srcset=\"https:\/\/v.kauko.org\/wp-content\/uploads\/800-v141208_068-vr.jpg 800w, https:\/\/v.kauko.org\/wp-content\/uploads\/800-v141208_068-vr-300x199.jpg 300w\" sizes=\"auto, (max-width: 800px) 100vw, 800px\" \/><\/a><br \/>\nAntalyan vanhakaupunki.<\/p>\n<p><a href=\"https:\/\/v.kauko.org\/wp-content\/uploads\/800-v141208_056-vr.jpg\"><img loading=\"lazy\" decoding=\"async\" width=\"718\" height=\"600\" src=\"https:\/\/v.kauko.org\/wp-content\/uploads\/800-v141208_056-vr.jpg\" alt=\"800-v141208_056-vr\" class=\"alignnone size-full wp-image-3429\" srcset=\"https:\/\/v.kauko.org\/wp-content\/uploads\/800-v141208_056-vr.jpg 718w, https:\/\/v.kauko.org\/wp-content\/uploads\/800-v141208_056-vr-300x250.jpg 300w\" sizes=\"auto, (max-width: 718px) 100vw, 718px\" \/><\/a><br \/>\nAntalya on t\u00e4rke\u00e4 appelsiinin tuottaja. N\u00e4m\u00e4 kaupunkiappelsiinit ovat kirpeit\u00e4 ja sopivat hilloon mutta eiv\u00e4t sellaisenaan sy\u00f6t\u00e4v\u00e4ksi.<\/p>\n<p><a href=\"https:\/\/v.kauko.org\/wp-content\/uploads\/800-v141208_074-vr.jpg\"><img loading=\"lazy\" decoding=\"async\" width=\"800\" height=\"600\" src=\"https:\/\/v.kauko.org\/wp-content\/uploads\/800-v141208_074-vr.jpg\" alt=\"800-v141208_074-vr\" class=\"alignnone size-full wp-image-3431\" srcset=\"https:\/\/v.kauko.org\/wp-content\/uploads\/800-v141208_074-vr.jpg 800w, https:\/\/v.kauko.org\/wp-content\/uploads\/800-v141208_074-vr-300x225.jpg 300w\" sizes=\"auto, (max-width: 800px) 100vw, 800px\" \/><\/a><br \/>\nAtat\u00fcrkin patsas.<\/p>\n<p><a href=\"https:\/\/v.kauko.org\/wp-content\/uploads\/800-DSC_0064-r.jpg\"><img decoding=\"async\" src=\"https:\/\/v.kauko.org\/wp-content\/uploads\/800-DSC_0064-r.jpg\" alt=\"800-DSC_0064-r\" height=\"320\" class=\"alignnone size-full wp-image-3367\" srcset=\"https:\/\/v.kauko.org\/wp-content\/uploads\/800-DSC_0064-r.jpg 477w, https:\/\/v.kauko.org\/wp-content\/uploads\/800-DSC_0064-r-204x300.jpg 204w\" sizes=\"(max-width: 477px) 100vw, 477px\" \/><\/a> <a href=\"https:\/\/v.kauko.org\/wp-content\/uploads\/800-v141208_041-e1419261101675.jpg\"><img decoding=\"async\" src=\"https:\/\/v.kauko.org\/wp-content\/uploads\/800-v141208_041-e1419261101675.jpg\" alt=\"800-v141208_041\" height=\"320\" class=\"alignnone size-full wp-image-3426\" \/><\/a><\/p>\n<p><a href=\"https:\/\/v.kauko.org\/wp-content\/uploads\/800-v141208_047.jpg\"><img loading=\"lazy\" decoding=\"async\" width=\"800\" height=\"533\" src=\"https:\/\/v.kauko.org\/wp-content\/uploads\/800-v141208_047.jpg\" alt=\"800-v141208_047\" class=\"alignnone size-full wp-image-3428\" srcset=\"https:\/\/v.kauko.org\/wp-content\/uploads\/800-v141208_047.jpg 800w, https:\/\/v.kauko.org\/wp-content\/uploads\/800-v141208_047-300x199.jpg 300w\" sizes=\"auto, (max-width: 800px) 100vw, 800px\" \/><\/a><\/p>\n<h4>Tiistai 9.12.<\/h4>\n<p>Lentokent\u00e4lle ja illaksi kotiin. Oli oikein mukava matka. <\/p>\n","protected":false},"excerpt":{"rendered":"<p>Viikon pakettimatkalla Turkissa n\u00e4imme erikoisia laavakivimuodostumia, luolakyli\u00e4 ja -kirkkoja, py\u00f6rivi\u00e4 dervi\u0161\u0161ej\u00e4 ja koreita mattoja. Pitkill\u00e4 bussimatkoilla kuulimme Turkin historiaa ja kulttuuria heettil\u00e4isist\u00e4 ja Bysantista ottomaaneihin, Atat\u00fcrkiin ja Erd\u00f6ganiin asti.<\/p>\n","protected":false},"author":1,"featured_media":0,"comment_status":"open","ping_status":"open","sticky":false,"template":"","format":"standard","meta":{"footnotes":""},"categories":[71],"tags":[],"class_list":["post-3290","post","type-post","status-publish","format-standard","hentry","category-matkailu-ja-vaellus"],"_links":{"self":[{"href":"https:\/\/v.kauko.org\/index.php?rest_route=\/wp\/v2\/posts\/3290","targetHints":{"allow":["GET"]}}],"collection":[{"href":"https:\/\/v.kauko.org\/index.php?rest_route=\/wp\/v2\/posts"}],"about":[{"href":"https:\/\/v.kauko.org\/index.php?rest_route=\/wp\/v2\/types\/post"}],"author":[{"embeddable":true,"href":"https:\/\/v.kauko.org\/index.php?rest_route=\/wp\/v2\/users\/1"}],"replies":[{"embeddable":true,"href":"https:\/\/v.kauko.org\/index.php?rest_route=%2Fwp%2Fv2%2Fcomments&post=3290"}],"version-history":[{"count":49,"href":"https:\/\/v.kauko.org\/index.php?rest_route=\/wp\/v2\/posts\/3290\/revisions"}],"predecessor-version":[{"id":3447,"href":"https:\/\/v.kauko.org\/index.php?rest_route=\/wp\/v2\/posts\/3290\/revisions\/3447"}],"wp:attachment":[{"href":"https:\/\/v.kauko.org\/index.php?rest_route=%2Fwp%2Fv2%2Fmedia&parent=3290"}],"wp:term":[{"taxonomy":"category","embeddable":true,"href":"https:\/\/v.kauko.org\/index.php?rest_route=%2Fwp%2Fv2%2Fcategories&post=3290"},{"taxonomy":"post_tag","embeddable":true,"href":"https:\/\/v.kauko.org\/index.php?rest_route=%2Fwp%2Fv2%2Ftags&post=3290"}],"curies":[{"name":"wp","href":"https:\/\/api.w.org\/{rel}","templated":true}]}}