{"id":3215,"date":"2014-06-03T15:38:52","date_gmt":"2014-06-03T13:38:52","guid":{"rendered":"http:\/\/v.kauko.org\/?p=3215"},"modified":"2014-06-05T11:51:39","modified_gmt":"2014-06-05T09:51:39","slug":"poliittinen-ohjelma-uudistuu","status":"publish","type":"post","link":"https:\/\/v.kauko.org\/?p=3215","title":{"rendered":"Poliittinen ohjelma uudistuu"},"content":{"rendered":"<p>Vihre\u00e4n liiton poliittinen ohjelma tulevalle eduskuntakaudelle 2015&#8211;18 on hyv\u00e4ksytt\u00e4v\u00e4n\u00e4 ensi viikonlopun puoluekokouksessa J\u00e4ms\u00e4ss\u00e4. Menen kokoukseen Vihre\u00e4n miesliikkeen (!) edustajana ja my\u00f6s ohjelmaty\u00f6ryhm\u00e4\u00e4n Keski-Suomen Vihreiden edustajana.<!--more--><\/p>\n<p><a href=\"http:\/\/vihreat.fi\/files\/liitto\/LIITE_Poliittinen_ohjelma.pdf\">Ohjelmaluonnosta<\/a> on ty\u00f6stetty pitk\u00e4\u00e4n ja teksti on mielest\u00e4ni suurimmalta osin varsin onnistunut. Siin\u00e4 on paljon hyvi\u00e4 ja konkreettisia linjauksia, joiden takana voin mielell\u00e4ni seist\u00e4:<\/p>\n<ul>\n<li>Siirret\u00e4\u00e4n verotuksen painopistett\u00e4 ansiotulojen verotuksesta kulutuksen ja ymp\u00e4ristohaittojen verotukseen progressio s\u00e4ilytt\u00e4en.<\/li>\n<li>Otetaan k\u00e4ytt\u00f6\u00f6n kaivosvero.<\/li>\n<li>Otetaan k\u00e4ytt\u00f6\u00f6n kaikille ty\u00f6ik\u00e4isille maksettava perustulo, joka tekee ty\u00f6n vastaanotosta kannattavaa.<\/li>\n<li>Hankintadirektiiviin s\u00e4\u00e4det\u00e4\u00e4n mahdollisuus k\u00e4ytt\u00e4\u00e4 kilpailutuskriteerin\u00e4 tilinpidon l\u00e4pin\u00e4kyvyytt\u00e4 ja olla k\u00e4ytt\u00e4m\u00e4tt\u00e4 veroparatiiseja hy\u00f6dynt\u00e4vi\u00e4 yrityksi\u00e4.<\/li>\n<li>Puolustetaan uskonnon vapautta ja varmistetaan, ett\u00e4 valtio kohtelee kaikkia maailmankatsomuksia tasavertaisesti.<\/li>\n<li>Verovaroin tuotetut tilastotiedot, tutkimukset, ohjelmistot ja muut teokset avataan vapaaseen k\u00e4ytt\u00f6\u00f6n avoimella lisenssill\u00e4.<\/li>\n<\/ul>\n<p>Teksti on kuitenkin kovin pitk\u00e4, l\u00e4hes tuhat rivi\u00e4 26 sivulla, ja sielt\u00e4 l\u00f6ytyy korjattavaakin. Muutaman allaolevista muutoksista ajattelin esitt\u00e4\u00e4 puoluekokouksessa k\u00e4sitelt\u00e4viksi, tai kannattaa jos joku muu tekee saman muutosesityksen  (luonnosteksti rivinumeroineen, ehdottamani muutos ja perustelu):<\/p>\n<p><strong>116<\/strong><br \/>\nLIS\u00c4YS (ymp\u00e4rist\u00f6- ja ilmastotavoitteiden toteutuskeinojen listaan):<br \/>\n<span style=\"color: #339966;\">7. Edistet\u00e4\u00e4n biokaasun tuotantoa ja jakeluverkoston kehitt\u00e4mist\u00e4.<\/span><\/p>\n<p><strong>135<\/strong> 8. Otetaan k\u00e4ytt\u00f6\u00f6n ruuhkamaksut suurilla kaupunkiseuduilla.<br \/>\nLIS\u00c4YS:\t<span style=\"color: #339966;\">Maksuj\u00e4rjestelm\u00e4 on toteutettava yksityisyydensuojaa vaarantamatta.<br \/>\n<\/span>Perustelu: satelliittipohjainen paikannusj\u00e4rjestelm\u00e4, jollaista on ehdotettu, ker\u00e4isi tarpeettomasti tietoa ihmisten liikkumisesta.<\/p>\n<p><strong>173<\/strong> 4. Edistet\u00e4\u00e4n kasvisruoan kulutusta lis\u00e4\u00e4m\u00e4ll\u00e4 neuvonnan ja tukien avulla proteiinikasvien<br \/>\n<strong>174<\/strong> viljely\u00e4 ja jalostusta elintarvikkeiksi sek\u00e4 leikkaamalla eettisesti ongelmallisimman<br \/>\n<strong>175<\/strong> el\u00e4intuotannon tukia.<br \/>\n<strong>176<\/strong> <span style=\"color: #ff0000;\">Kasvisruoka on eettist\u00e4, ekologisista ja ilmastoyst\u00e4v\u00e4llist\u00e4. Edistet\u00e4\u00e4n lihalle vaihtoehtoisia<\/span><br \/>\n<strong>177<\/strong> <span style=\"color: #ff0000;\">valkuaisen l\u00e4hteit\u00e4 sek\u00e4 edistet\u00e4\u00e4n niiden tuotantoa ja k\u00e4ytt\u00f6\u00e4.<\/span><br \/>\nPOISTO: r. 176&#8211;177.<br \/>\nPerustelu: Esim. Brasiliasta tuotu soija ei ole eettisesti eik\u00e4 ekologisesti kest\u00e4v\u00e4 vaihtoehto, joten v\u00e4ite on v\u00e4hint\u00e4\u00e4nkin ep\u00e4tarkka yleistys. J\u00e4lkimm\u00e4inen lause on sekava ja turhaa toistoa.<\/p>\n<p><strong>187<\/strong> El\u00e4inten tuotannossa siirryt\u00e4\u00e4n<br \/>\n<strong>188<\/strong> luomustandardin mukaisiin el\u00e4intenpitonormeihin.<br \/>\nLIS\u00c4YS:\t<span style=\"color: #339966;\">Luomustandardeja on tarkennettava erityisesti poistamalla maininta homeopatiasta.<\/span><\/p>\n<p><strong>665<\/strong> <span style=\"color: #ff0000;\">Vihre\u00e4t on feministinen puolue, joka edellytt\u00e4\u00e4, ett\u00e4<\/span><br \/>\n<strong>666<\/strong> kaikessa p\u00e4\u00e4t\u00f6ksenteossa arvioidaan sukupuolivaikutukset ja sosiaaliset vaikutukset.<br \/>\nPOISTO: r. 665<br \/>\nPerustelu: Feminismi tarkoittaa naisten etujen ajamista. Itse kannatan sit\u00e4vastoin sukupuolten tasa-arvoa. Lauseen loppuosa (r.666) riitt\u00e4\u00e4.<br \/>\n[edit 5.6.:] Toinen perustelu: Feminismi-sana on moniselitteinen. Linjataan mieluummin vain Vihreiden tavoitteita ja j\u00e4tet\u00e4\u00e4n tavoitteiden mahdollinen yhteys erinimisiin ismeihin kunkin lukijan itse p\u00e4\u00e4telt\u00e4v\u00e4ksi.<\/p>\n<p><strong>691<\/strong> <span style=\"color: #ff0000;\">5. P\u00f6rssiyhti\u00f6iden hallituksiin sovelletaan 40 prosentin sukupuolikiinti\u00f6t\u00e4.<br \/>\n<\/span>POISTO: r. 691<br \/>\nPerustelu: sukupuolikiinti\u00f6t eiv\u00e4t edist\u00e4 tasa-arvoa vaan p\u00e4invastoin syrjiv\u00e4t ihmisi\u00e4.<\/p>\n<p><strong>694<\/strong> Valtion tulee varata riitt\u00e4v\u00e4t resurssit sopimuksen edellytt\u00e4miin toimiin ja palveluihin mm. kattavan<br \/>\n<strong>695<\/strong> turvakotiverkoston, matalan kynnyksen tukikeskusten ja <span style=\"color: #0000ff;\">naisiin kohdistuvan v\u00e4kivallan<\/span> vastaista<br \/>\n<strong>696<\/strong> ty\u00f6t\u00e4 koordinoivan toimielimen perustamiseen.<br \/>\nMUUTOS: &#8221;naisiin kohdistuvan v\u00e4kivallan&#8221; &#8211;&gt; &#8221;<span style=\"color: #0000ff;\">l\u00e4hisuhdev\u00e4kivallan<\/span>&#8221;<br \/>\nPerustelu: vastustetaan l\u00e4hisuhdev\u00e4kivaltaa, kohdistuipa se miehiin tai naisiin.<\/p>\n<p><strong>800<\/strong> <span style=\"color: #ff0000;\">4. Lasketaan kansalaisaloitteen, \u00e4\u00e4nioikeuden ja vaalikelpoisuuden ik\u00e4raja kaikissa vaaleissa<br \/>\n<\/span><strong>801<\/strong> <span style=\"color: #ff0000;\">16 vuoteen.<\/span><br \/>\nPOISTO<br \/>\nPerustelu: Voisin kannattaa <strong>t\u00e4ysi-ik\u00e4isyyden<\/strong> laskemista 16 vuoteen, jolloin nuorella olisi sitten kaikki aikuisten oikeudet ja velvollisuudet. Mutta olisi ristiriitaista, jos laeista ja verorahojen k\u00e4yt\u00f6st\u00e4 olisi p\u00e4\u00e4tt\u00e4m\u00e4ss\u00e4 ihmisi\u00e4 jotka eiv\u00e4t itse saa t\u00e4ysivaltaisesti p\u00e4\u00e4tt\u00e4\u00e4 omistakaan asioistaan (avioitumisesta, kirkkoon kuulumisesta, taloudellisista sopimuksista yms) ilman huoltajan suostumusta.<\/p>\n<p><strong>937<\/strong> 4. Suomi painottaa kehityspolitiikassaan ihmisoikeusperusteisuutta, demokratiakehityksen<br \/>\n<strong>938<\/strong> tukemista, koyhyyden v\u00e4hent\u00e4mist\u00e4 ja eriarvoisuuden v\u00e4hent\u00e4mist\u00e4, kest\u00e4v\u00e4\u00e4 kehityst\u00e4 ja [&#8230;]<br \/>\nLIS\u00c4YS: <span style=\"color: #339966;\">luonnon ja ymp\u00e4rist\u00f6n suojelua<\/span><\/p>\n<p><strong>951<\/strong> Edistet\u00e4\u00e4n reilua kauppapolitiikkaa <span style=\"color: #ff0000;\">suhteessa kehitysmaihin<br \/>\n<\/span>POISTO: &#8221;suhteessa kehitysmaihin&#8221;<br \/>\nPerustelu: Edistet\u00e4\u00e4n reilua kauppapolitiikkaa, piste. Listassa on asioita jotka eiv\u00e4t liity kehitysmaihin.<\/p>\n<p><strong>969<\/strong> 1. Suomessa siirryt\u00e4\u00e4n <span style=\"color: #ff0000;\">valikoivaan, lyhyemp\u00e4\u00e4n ja sukupuolineutraaliin asevelvollisuuteen.<\/span><br \/>\n<strong>970<\/strong> Ihmisoikeus- ja tasa-arvon\u00e4k\u00f6kulmien perusteella on syyt\u00e4 siirty\u00e4 <span style=\"color: #ff0000;\">vapaaehtoiseen ja<\/span><br \/>\n<strong>971<\/strong> <span style=\"color: #ff0000;\">sukupuolineutraaliin asepalvelukseen. Lyhyempi asepalvelus my\u00f6s nopeuttaa nuorten<br \/>\n<\/span><strong>972<\/strong> <span style=\"color: #ff0000;\">ty\u00f6markkinoille p\u00e4\u00e4sy\u00e4, mill\u00e4 on positiivisia vaikutuksia valtiontalouteen sek\u00e4 kest\u00e4vyysvajeeseen.<\/span><\/p>\n<p>MUUTOS: <span style=\"color: #0000ff;\">Suomessa siirryt\u00e4\u00e4n sukupuolineutraaliin maanpuolustukseen. Ihmisoikeus- ja tasa-arvon\u00e4k\u00f6kulmien perusteella on syyt\u00e4 siirty\u00e4 joko vapaaehtoiseen ja sukupuolineutraaliin asepalvelukseen tai yleiseen maanpuolustusvelvollisuuteen, joka koskee kaikkia sukupuolesta, asuinpaikasta ja uskonnollisesta vakaumuksesta riippumatta ja jonka voi suorittaa ase- tai siviilipalveluna.<br \/>\n<\/span><\/p>\n<p>Perustelu: Pohjateksti on ristiriitainen: ei voi olla yht&#8217;aikaa vapaaehtoista asepalvelua ja asevelvollisuutta. On ep\u00e4selv\u00e4\u00e4, mit\u00e4 &#8221;valikoiva asevelvollisuus&#8221;  tarkoittaa. Asepalveluksen ajallinen lyhent\u00e4minen ei sovi tavoitteeseen v\u00e4hent\u00e4\u00e4 suorittajien lukum\u00e4\u00e4r\u00e4\u00e4 ja lis\u00e4t\u00e4 heid\u00e4n osaamistasoaan.<\/p>\n<p>* * *<\/p>\n<p>Kaiken kaikkiaan ohjelmaluonnos on siis aika hyv\u00e4, mutta noilla muutoksilla siit\u00e4 tulisi viel\u00e4 parempi. Tekstiss\u00e4 on my\u00f6s muutamia mietitytt\u00e4vi\u00e4 linjauksia, kuten:<\/p>\n<p><strong>568<\/strong> 4. Hallitukselle valitaan tiedepoliittinen neuvonantaja.<\/p>\n<p>Perustelut ja tavoitteet p\u00e4\u00e4t\u00f6ksenteon ja tutkimuksen yhteisty\u00f6st\u00e4 ovat hyvi\u00e4, mutta tarvitaanko hallituksen ja tutkijoiden v\u00e4lille joku portinvartija? Sopiva henkil\u00f6 kyll\u00e4 voisi neuvonantajana saada aikaan paljonkin hyv\u00e4\u00e4, mutta ent\u00e4 jos teht\u00e4v\u00e4\u00e4n valitaankin vaikka joku Pekka Himanen?<\/p>\n<p>Luonnoksessa on my\u00f6s mainittu joitakin asioita, jotka eiv\u00e4t oikeastaan kuuluisi poliittiseen ohjelmaan lainkaan, kuten:<\/p>\n<p><strong>578<\/strong> 2. Demokratiaa ja yhteis\u00f6llisyytt\u00e4 lis\u00e4t\u00e4\u00e4n koulutuksen kaikilla tasoilla.<br \/>\n<strong>579<\/strong> J\u00e4yk\u00e4t ylh\u00e4\u00e4lt\u00e4 p\u00e4in sanellut rakenteet ja tutkimuksen suunnat est\u00e4v\u00e4t ennalta-arvaamattomien<br \/>\n<strong>580<\/strong> tutkimussuuntien l\u00f6ytymisen ja hidastavat koulutuksenkin kehittymist\u00e4. Erityisesti yliopistojen<br \/>\n<strong>581<\/strong> tulee olla herkki\u00e4 erilaisille yhteiskunnan muutoksille, mutta tarkastella niit\u00e4 kriittisesti.<\/p>\n<p>Ketk\u00e4 niit\u00e4 j\u00e4ykki\u00e4 rakenteita sanelevat? Yliopistoillahan on ja pit\u00e4\u00e4 olla vapaus itse hakea tutkimussuuntansa ja toimintakulttuurinsa. K\u00e4yt\u00e4nn\u00f6ss\u00e4 asioita saattaa ehk\u00e4 joskus jarruttaa joku proffa, mutta t\u00e4lle ei Suomen hallitus voi mit\u00e4\u00e4n &#8211; ellei sitten haluta esitt\u00e4\u00e4, ett\u00e4 professorinvirat muutetaan m\u00e4\u00e4r\u00e4aikaisiksi?<\/p>\n<p><strong>638<\/strong> Koulujen pit\u00e4\u00e4 olla demokraattisia yhteis\u00f6j\u00e4. Lapsille ja nuorille on annettava valtaa ja vastuuta<br \/>\n<strong>639<\/strong> heid\u00e4n ik\u00e4ns\u00e4 karttuessa. Vanhemmat pit\u00e4\u00e4 saada mukaan kouluyhteis\u00f6\u00f6n oppilaiden ja koko<br \/>\n<strong>640<\/strong> koulun henkil\u00f6kunnan kanssa.<\/p>\n<p>Minusta tuollaiset asiat pit\u00e4\u00e4 j\u00e4tt\u00e4\u00e4 koulujen ja lasten vanhempien ihan kesken\u00e4\u00e4n l\u00e4hidemokraattisesti hoidettavaksi &#8211; ei siihen tarvita valtiojohtoista ohjausta.<\/p>\n<p>Muutamassa kohdassa sis\u00e4ll\u00f6llisesti hyvienkin linjausten kieliasu kaipaisi selkeytyst\u00e4, esim.:<\/p>\n<p><strong>820<\/strong> Meille kaikille kuuluvat tiedot ja teokset kuuluvat meid\u00e4n kaikkien k\u00e4ytt\u00f6\u00f6n.<br \/>\n&#8211;&gt; Yhdess\u00e4 maksamamme tiedot ja teokset kuuluvat meid\u00e4n kaikkien k\u00e4ytt\u00f6\u00f6n.<\/p>\n<p>N\u00e4it\u00e4 toki voi oikoa lopullisessa puhtaaksikirjoituksessa ilman muodollisia muutosesityksi\u00e4kin. <\/p>\n","protected":false},"excerpt":{"rendered":"<p>Vihre\u00e4n liiton poliittinen ohjelma tulevalle eduskuntakaudelle 2015&#8211;18 on hyv\u00e4ksytt\u00e4v\u00e4n\u00e4 ensi viikonlopun puoluekokouksessa J\u00e4ms\u00e4ss\u00e4. Menen kokoukseen Vihre\u00e4n miesliikkeen (!) edustajana ja my\u00f6s ohjelmaty\u00f6ryhm\u00e4\u00e4n Keski-Suomen Vihreiden edustajana.<\/p>\n","protected":false},"author":1,"featured_media":0,"comment_status":"open","ping_status":"open","sticky":false,"template":"","format":"standard","meta":{"footnotes":""},"categories":[7],"tags":[],"class_list":["post-3215","post","type-post","status-publish","format-standard","hentry","category-politiikka"],"_links":{"self":[{"href":"https:\/\/v.kauko.org\/index.php?rest_route=\/wp\/v2\/posts\/3215","targetHints":{"allow":["GET"]}}],"collection":[{"href":"https:\/\/v.kauko.org\/index.php?rest_route=\/wp\/v2\/posts"}],"about":[{"href":"https:\/\/v.kauko.org\/index.php?rest_route=\/wp\/v2\/types\/post"}],"author":[{"embeddable":true,"href":"https:\/\/v.kauko.org\/index.php?rest_route=\/wp\/v2\/users\/1"}],"replies":[{"embeddable":true,"href":"https:\/\/v.kauko.org\/index.php?rest_route=%2Fwp%2Fv2%2Fcomments&post=3215"}],"version-history":[{"count":17,"href":"https:\/\/v.kauko.org\/index.php?rest_route=\/wp\/v2\/posts\/3215\/revisions"}],"predecessor-version":[{"id":3225,"href":"https:\/\/v.kauko.org\/index.php?rest_route=\/wp\/v2\/posts\/3215\/revisions\/3225"}],"wp:attachment":[{"href":"https:\/\/v.kauko.org\/index.php?rest_route=%2Fwp%2Fv2%2Fmedia&parent=3215"}],"wp:term":[{"taxonomy":"category","embeddable":true,"href":"https:\/\/v.kauko.org\/index.php?rest_route=%2Fwp%2Fv2%2Fcategories&post=3215"},{"taxonomy":"post_tag","embeddable":true,"href":"https:\/\/v.kauko.org\/index.php?rest_route=%2Fwp%2Fv2%2Ftags&post=3215"}],"curies":[{"name":"wp","href":"https:\/\/api.w.org\/{rel}","templated":true}]}}