{"id":3178,"date":"2014-05-12T23:47:16","date_gmt":"2014-05-12T21:47:16","guid":{"rendered":"http:\/\/v.kauko.org\/?p=3178"},"modified":"2014-05-12T23:47:16","modified_gmt":"2014-05-12T21:47:16","slug":"eurovaalikampanjointia-keski-suomessa","status":"publish","type":"post","link":"https:\/\/v.kauko.org\/?p=3178","title":{"rendered":"Eurovaalikampanjointia Keski-Suomessa"},"content":{"rendered":"<p><img decoding=\"async\" src=\"https:\/\/v.kauko.org\/wp-content\/uploads\/1000-IMG_7220.jpg\" alt=\"\" title=\"1000-IMG_7220\" width=\"110\"  class=\"alignleft size-full wp-image-3168\" srcset=\"https:\/\/v.kauko.org\/wp-content\/uploads\/1000-IMG_7220.jpg 1000w, https:\/\/v.kauko.org\/wp-content\/uploads\/1000-IMG_7220-300x200.jpg 300w\" sizes=\"(max-width: 1000px) 100vw, 1000px\" \/>Europarlamenttivaalit l\u00e4hestyv\u00e4t &#8211; ennakko\u00e4\u00e4nestys alkaa jo 14.5. ja varsinainen vaalip\u00e4iv\u00e4 on 25.5. Viikonloppuna telttailtiin kadulla ja ajeltiin maakunnassa biokaasuautolla ehdokkaiden kanssa.<!--more--><\/p>\n<p><img decoding=\"async\" src=\"https:\/\/v.kauko.org\/wp-content\/uploads\/1000-IMG_7196.jpg\" alt=\"\" title=\"1000-IMG_7196\" width=\"500\" class=\"alignnone size-full wp-image-3166\" srcset=\"https:\/\/v.kauko.org\/wp-content\/uploads\/1000-IMG_7196.jpg 1000w, https:\/\/v.kauko.org\/wp-content\/uploads\/1000-IMG_7196-300x200.jpg 300w\" sizes=\"(max-width: 1000px) 100vw, 1000px\" \/><br \/>\nJyv\u00e4skyl\u00e4n seudun luonnonsuojeluyhdistyksen puheenjohtaja <strong>Heikki Susiluoma<\/strong> lainasi autonsa vaality\u00f6h\u00f6n. K\u00e4vimme tankkaamassa sen Laukaassa. <strong>Erkki Kalmari <\/strong>tuottaa tilallaan biokaasua sianlannasta ja muusta bioj\u00e4tteest\u00e4 ja myy sit\u00e4 autoilijoille. <\/p>\n<p><img decoding=\"async\" src=\"https:\/\/v.kauko.org\/wp-content\/uploads\/1000-IMG_7208.jpg\" alt=\"\" title=\"1000-IMG_7208\" width=\"500\" class=\"alignnone size-full wp-image-3167\" srcset=\"https:\/\/v.kauko.org\/wp-content\/uploads\/1000-IMG_7208.jpg 1000w, https:\/\/v.kauko.org\/wp-content\/uploads\/1000-IMG_7208-300x200.jpg 300w\" sizes=\"(max-width: 1000px) 100vw, 1000px\" \/><br \/>\nPoimimme kyytiin kaksi vihre\u00e4\u00e4 europarlamenttivaaliehdokasta: kansanedustaja <strong>Oras Tynkkynen (169)<\/strong> (vihreiss\u00e4 kynsikk\u00e4iss\u00e4) sek\u00e4 Jyv\u00e4skyl\u00e4n kaupunginvaltuutettu, Jani Toivolan eduskunta-avustaja ja Vihre\u00e4n liiton varapuheenjohtaja <strong>Touko Aalto (152)<\/strong> (sinisess\u00e4 takissa).<\/p>\n<p><img decoding=\"async\" src=\"https:\/\/v.kauko.org\/wp-content\/uploads\/1000-IMG_7220.jpg\" alt=\"\" title=\"1000-IMG_7220\" width=\"500\" class=\"alignnone size-full wp-image-3168\" srcset=\"https:\/\/v.kauko.org\/wp-content\/uploads\/1000-IMG_7220.jpg 1000w, https:\/\/v.kauko.org\/wp-content\/uploads\/1000-IMG_7220-300x200.jpg 300w\" sizes=\"(max-width: 1000px) 100vw, 1000px\" \/><br \/>\nMatkalla Saarij\u00e4rvelle. Ratissa Keski-Suomen Vihreiden varapuheenjohtaja <strong>Petri V\u00e4h\u00e4kangas<\/strong>, apukuskin paikalla kuvaaja ja takapenkill\u00e4 ehdokkaiden lis\u00e4ksi Oraksen \u00e4iti <strong>Riitta L\u00e4tti.<\/strong> Kamera on kojetaulun p\u00e4\u00e4ll\u00e4 ja aikalaukaisin p\u00e4\u00e4ll\u00e4. K\u00e4\u00e4ntyv\u00e4 etsinn\u00e4ytt\u00f6 auttoi t\u00e4ht\u00e4yksess\u00e4.<\/p>\n<p><img decoding=\"async\" src=\"https:\/\/v.kauko.org\/wp-content\/uploads\/1000-IMG_7263.jpg\" alt=\"\" title=\"1000-IMG_7263\" width=\"500\"  class=\"alignnone size-full wp-image-3169\" srcset=\"https:\/\/v.kauko.org\/wp-content\/uploads\/1000-IMG_7263.jpg 1000w, https:\/\/v.kauko.org\/wp-content\/uploads\/1000-IMG_7263-300x200.jpg 300w\" sizes=\"(max-width: 1000px) 100vw, 1000px\" \/><br \/>\nSaarij\u00e4rven torilla.<\/p>\n<p><img decoding=\"async\" src=\"https:\/\/v.kauko.org\/wp-content\/uploads\/1000-IMG_7271.jpg\" alt=\"\" title=\"1000-IMG_7271\" width=\"500\" class=\"alignnone size-full wp-image-3177\" srcset=\"https:\/\/v.kauko.org\/wp-content\/uploads\/1000-IMG_7271.jpg 1000w, https:\/\/v.kauko.org\/wp-content\/uploads\/1000-IMG_7271-300x200.jpg 300w\" sizes=\"(max-width: 1000px) 100vw, 1000px\" \/><br \/>\n\u00c4\u00e4nekoskella toimittaja haastetteli Orasta ja kirjoitti <a href=\"http:\/\/aksa.fi\/oras-tynkkynen-aanekoskella-nain-kunnatkin-voisivat-toimia-kestavammin\/\">artikkelin \u00c4KS-lehteen.<\/a> Touko palasi bussilla Jyv\u00e4skyl\u00e4\u00e4n ehti\u00e4kseen Py\u00f6r\u00e4ilyviikon avajaisiin. <\/p>\n<p><img decoding=\"async\" src=\"https:\/\/v.kauko.org\/wp-content\/uploads\/1000-IMG_7300.jpg\" alt=\"\" title=\"1000-IMG_7300\" width=\"500\" class=\"alignnone size-full wp-image-3170\" srcset=\"https:\/\/v.kauko.org\/wp-content\/uploads\/1000-IMG_7300.jpg 1000w, https:\/\/v.kauko.org\/wp-content\/uploads\/1000-IMG_7300-300x200.jpg 300w\" sizes=\"(max-width: 1000px) 100vw, 1000px\" \/><br \/>\nLaukaan Vihreiden teltalla.<\/p>\n<p><img decoding=\"async\" src=\"https:\/\/v.kauko.org\/wp-content\/uploads\/1000-IMG_7324.jpg\" alt=\"\" title=\"1000-IMG_7324\" width=\"500\" class=\"alignnone size-full wp-image-3171\" srcset=\"https:\/\/v.kauko.org\/wp-content\/uploads\/1000-IMG_7324.jpg 1000w, https:\/\/v.kauko.org\/wp-content\/uploads\/1000-IMG_7324-300x200.jpg 300w\" sizes=\"(max-width: 1000px) 100vw, 1000px\" \/><br \/>\nIlmapallot hupenivat nopeasti.<\/p>\n<p><img decoding=\"async\" src=\"https:\/\/v.kauko.org\/wp-content\/uploads\/1000-IMG_7311.jpg\" alt=\"\" title=\"1000-IMG_7311\" width=\"500\" class=\"alignnone size-full wp-image-3172\" srcset=\"https:\/\/v.kauko.org\/wp-content\/uploads\/1000-IMG_7311.jpg 829w, https:\/\/v.kauko.org\/wp-content\/uploads\/1000-IMG_7311-300x225.jpg 300w\" sizes=\"(max-width: 829px) 100vw, 829px\" \/><br \/>\nPetri ja peruskahvi.<\/p>\n<p><img decoding=\"async\" src=\"https:\/\/v.kauko.org\/wp-content\/uploads\/1000-IMG_7329.jpg\" alt=\"\" title=\"1000-IMG_7329\" width=\"500\" class=\"alignnone size-full wp-image-3173\" srcset=\"https:\/\/v.kauko.org\/wp-content\/uploads\/1000-IMG_7329.jpg 1000w, https:\/\/v.kauko.org\/wp-content\/uploads\/1000-IMG_7329-300x200.jpg 300w\" sizes=\"(max-width: 1000px) 100vw, 1000px\" \/><br \/>\nOras ja biokaasuauto Kalmarin tankkausasemalla Laukaassa.<\/p>\n","protected":false},"excerpt":{"rendered":"<p>Europarlamenttivaalit l\u00e4hestyv\u00e4t &#8211; ennakko\u00e4\u00e4nestys alkaa jo 14.5. ja varsinainen vaalip\u00e4iv\u00e4 on 25.5. Viikonloppuna telttailtiin kadulla ja ajeltiin maakunnassa biokaasuautolla ehdokkaiden kanssa.<\/p>\n","protected":false},"author":1,"featured_media":0,"comment_status":"open","ping_status":"open","sticky":false,"template":"","format":"standard","meta":{"footnotes":""},"categories":[11],"tags":[],"class_list":["post-3178","post","type-post","status-publish","format-standard","hentry","category-vaalit"],"_links":{"self":[{"href":"https:\/\/v.kauko.org\/index.php?rest_route=\/wp\/v2\/posts\/3178","targetHints":{"allow":["GET"]}}],"collection":[{"href":"https:\/\/v.kauko.org\/index.php?rest_route=\/wp\/v2\/posts"}],"about":[{"href":"https:\/\/v.kauko.org\/index.php?rest_route=\/wp\/v2\/types\/post"}],"author":[{"embeddable":true,"href":"https:\/\/v.kauko.org\/index.php?rest_route=\/wp\/v2\/users\/1"}],"replies":[{"embeddable":true,"href":"https:\/\/v.kauko.org\/index.php?rest_route=%2Fwp%2Fv2%2Fcomments&post=3178"}],"version-history":[{"count":5,"href":"https:\/\/v.kauko.org\/index.php?rest_route=\/wp\/v2\/posts\/3178\/revisions"}],"predecessor-version":[{"id":3183,"href":"https:\/\/v.kauko.org\/index.php?rest_route=\/wp\/v2\/posts\/3178\/revisions\/3183"}],"wp:attachment":[{"href":"https:\/\/v.kauko.org\/index.php?rest_route=%2Fwp%2Fv2%2Fmedia&parent=3178"}],"wp:term":[{"taxonomy":"category","embeddable":true,"href":"https:\/\/v.kauko.org\/index.php?rest_route=%2Fwp%2Fv2%2Fcategories&post=3178"},{"taxonomy":"post_tag","embeddable":true,"href":"https:\/\/v.kauko.org\/index.php?rest_route=%2Fwp%2Fv2%2Ftags&post=3178"}],"curies":[{"name":"wp","href":"https:\/\/api.w.org\/{rel}","templated":true}]}}