{"id":3140,"date":"2014-05-06T21:36:07","date_gmt":"2014-05-06T19:36:07","guid":{"rendered":"http:\/\/v.kauko.org\/?p=3140"},"modified":"2014-05-06T21:36:07","modified_gmt":"2014-05-06T19:36:07","slug":"yleiskaava-lautakunnassa","status":"publish","type":"post","link":"https:\/\/v.kauko.org\/?p=3140","title":{"rendered":"Yleiskaava lautakunnassa"},"content":{"rendered":"<p><a href=\"https:\/\/v.kauko.org\/wp-content\/uploads\/yleiskaava_e2_kartta1.jpg\"><img loading=\"lazy\" decoding=\"async\" src=\"https:\/\/v.kauko.org\/wp-content\/uploads\/yleiskaava_e2_kartta1-1022x1024.jpg\" alt=\"\" title=\"yleiskaava_e2_kartta1\" width=\"110\" height=\"110\" class=\"alignleft size-large wp-image-3143\" srcset=\"https:\/\/v.kauko.org\/wp-content\/uploads\/yleiskaava_e2_kartta1-1022x1024.jpg 1022w, https:\/\/v.kauko.org\/wp-content\/uploads\/yleiskaava_e2_kartta1-299x300.jpg 299w, https:\/\/v.kauko.org\/wp-content\/uploads\/yleiskaava_e2_kartta1.jpg 1142w\" sizes=\"auto, (max-width: 110px) 100vw, 110px\" \/><\/a>P\u00e4\u00e4sin j\u00e4lleen <a href=\"http:\/\/www3.jkl.fi\/paatokset\/karltk\/2014\/06051630.1\/index.htm\">kaupunkirakennelautakuntaan 6.5.<\/a> T\u00e4ll\u00e4 kertaa selv\u00e4sti isoin asia oli \u00a7142 eli  <a href=\"http:\/\/www.jkl.fi\/kaavoitus\/yleiskaava\">kaupungin yleiskaava,<\/a>  jonka pit\u00e4isi vedell\u00e4 koko kaupungin maank\u00e4yt\u00f6n yleiset suuntaviivat vuosikymmeneksi. Yleiskaavan pit\u00e4\u00e4 olla linjassa maakuntakaavan kanssa, mik\u00e4 rajoittaa kaupungin luottamuselinten p\u00e4\u00e4t\u00f6svaltaa.<!--more--><\/p>\n<p><figure id=\"attachment_3145\" aria-describedby=\"caption-attachment-3145\" style=\"width: 233px\" class=\"wp-caption alignright\"><img loading=\"lazy\" decoding=\"async\" src=\"https:\/\/v.kauko.org\/wp-content\/uploads\/yleiskaava_e2_kartta1_pal.jpg\" alt=\"\" title=\"yleiskaava_e2_kartta1_pal\" width=\"233\" height=\"233\" class=\"size-full wp-image-3145\" \/><\/a><figcaption id=\"caption-attachment-3145\" class=\"wp-caption-text\">Palokankeskus ymp\u00e4rist\u00f6ineen. Punaiseen aluekeskukseen saa rakentaa hypermarketin, keltaiseen ei.<\/figcaption><\/figure>Odotetusti yleiskaavapyk\u00e4l\u00e4\u00e4n k\u00e4ytettiin suurin osa parituntisesta kokousajasta, mutta yll\u00e4tt\u00e4v\u00e4mp\u00e4\u00e4 oli keskustelun painottuminen Palokankeskukseen. Keskimaa on lobannut voimakkasti sen puolesta, ett\u00e4 Alvaj\u00e4rven ja Palokanorren v\u00e4liin j\u00e4\u00e4v\u00e4 Terran tontti saisi punaisen kaavamerkinn\u00e4n, joka sallisi hypermarketin. Kukaan ei esitt\u00e4nyt t\u00e4h\u00e4n toiveeseen suostumista, mutta silti asiasta riitti juttua.<\/p>\n<p>Kaavap\u00e4\u00e4llikk\u00f6 Leena Rossi ja apulaiskaupunginjohtaja Timo Koivisto esittiv\u00e4t hyvi\u00e4 perusteita, miksi hypermarkettia ei pid\u00e4 sallia: ensinn\u00e4kin nelostien toisella puolella on jo kaksi hypermarkettia, ja hypermarketit tunnetusti n\u00e4ivett\u00e4v\u00e4t kaupunkikeskustaa. Etel\u00e4porttikin mainittiin.<\/p>\n<p><figure id=\"attachment_3144\" aria-describedby=\"caption-attachment-3144\" style=\"width: 233px\" class=\"wp-caption alignleft\"><img loading=\"lazy\" decoding=\"async\" src=\"https:\/\/v.kauko.org\/wp-content\/uploads\/yleiskaava_e2_kartta1_ep.jpg\" alt=\"\" title=\"yleiskaava_e2_kartta1_ep\" width=\"233\" height=\"233\" class=\"size-full wp-image-3144\" \/><figcaption id=\"caption-attachment-3144\" class=\"wp-caption-text\">Kauram\u00e4en alue mustan ysitien ja vaaleanpunaisen Mustankorkean v\u00e4liss\u00e4. Etel\u00e4portti on merkitty punaisella. Keljonkeskus on keltaisella oikeassa yl\u00e4nurkassa.<\/figcaption><\/figure>T\u00e4st\u00e4 sainkin hyvin alkuvauhtia omaan puheenvuorooni. Kehuin Rossin ja Koiviston hyvi\u00e4 pointteja ja viittasin <a href=\"http:\/\/www.ym.fi\/fi-FI\/Ajankohtaista\/Julkaisut\/YMra_82014_Keskustaalueet_ja\n_vahittaiska(29085)\">Ymp\u00e4rist\u00f6ministeri\u00f6n ja SYKEn viime viikolla ilmestyneeseen raporttiin,<\/a> joka my\u00f6s osoittaa kaupunkiseutujen keskusta-alueiden aseman heikentyneen v\u00e4hitt\u00e4iskaupan keskittyess\u00e4 niiden ulkopuolelle. N\u00e4in ollen hypermarketteja ei pid\u00e4 rakentaa moottoriteiden varsille, ei my\u00f6sk\u00e4\u00e4n Etel\u00e4porttiin. Seh\u00e4n on viel\u00e4 keskemm\u00e4ll\u00e4 ei mit\u00e4\u00e4n kuin Palokankeskus, jossa sent\u00e4\u00e4n asuu ihmisi\u00e4. <\/p>\n<p>Samalla vaadin Kauram\u00e4keen kaavaillun asuinalueen poistamista samoin perustein kuin <a href=\"http:\/\/www.jyvaskylanvihreat.fi\/ajankohtaista\/jyvaskylan-vihreat-jatti-muistutuksen-kauramaki-etelaportin-kaavasta\/\">JyVin pari vuotta sitten j\u00e4tt\u00e4m\u00e4ss\u00e4 kaavamuistutuksessa<\/a> ja <a href=\"https:\/\/v.kauko.org\/?p=1792\">aiemmassa bloggauksessani.<\/a> Etel\u00e4portin hypermarketithan saivat v. 2009 ymp\u00e4rist\u00f6ministeri\u00f6ss\u00e4 punakyn\u00e4\u00e4 sill\u00e4 perusteella, ett\u00e4 paikka on irrallaan kaupunkirakenteesta. Sitten marketteja yritettiin ujuttaa maakuntakaavaan uudelleen k\u00e4ytt\u00e4en kyytipoikana uutta mets\u00e4l\u00e4hi\u00f6t\u00e4, jolloin hehtaarihalli olisikin muka kaupunkirakenteen osa.<\/p>\n<p>Pohjaesitys oli, ett\u00e4 yleiskaava asetetaan n\u00e4ht\u00e4ville kuukaudeksi. Esitin p\u00e4\u00e4t\u00f6kseen seuraavaa lis\u00e4yst\u00e4:<\/p>\n<p><strong><em>\u201dKaupunkirakennelautakunta esitt\u00e4\u00e4, ett\u00e4 yleiskaavaehdotuksesta poistetaan Kauram\u00e4en asuinalue ja Etel\u00e4portin kaupan suuryksikk\u00f6.<\/strong> <a href=\"http:\/\/www.ymparisto.fi\/fi-FI\/Elinymparisto_ja_kaavoitus\/Kaupunkiseutujen_keskustaalueiden_asema_%2829150%29\">Ymp\u00e4rist\u00f6ministeri\u00f6n tuoreen selvityksenkin<\/a> mukaan kaupan suuryksik\u00f6iden sijoittuminen keskusta-alueiden ulkopuolelle on heikent\u00e4nyt kaupunkikeskustojen elinvoimaisuutta. <\/p>\n<p>Kauram\u00e4en\/Roninm\u00e4en mets\u00e4 on t\u00e4rke\u00e4 virkistysalue. Se ei ole liitett\u00e4viss\u00e4 olemassaolevaan kaupunkirakenteeseen mm. moottoritien ja jyrk\u00e4n m\u00e4kisen maaston vuoksi, eik\u00e4 se siis toteuttaisi yleiskaavaan kirjattuja tavoitteita kest\u00e4v\u00e4st\u00e4 liikkumisesta, t\u00e4ydennysrakentamisesta eik\u00e4 virkistysalueiden saavutettavuudesta. Moottoritien vuoksi se olisi my\u00f6s meluisa ja ep\u00e4viihtyis\u00e4 asuinpaikka.\u201d<br \/>\n<\/em><\/p>\n<p>Esityst\u00e4ni ei kannatettu, joten se raukesi. J\u00e4tin eri\u00e4v\u00e4n mielipiteen. <\/p>\n<p>Olisi toki kannattanut soitella ihmisille jo viikkoja aiemmin ja esitell\u00e4 ideaa, mutta itsellenikin juolahti mieleen vasta t\u00e4n\u00e4 aamuna, ett\u00e4 nyt olisi hyv\u00e4 paikka j\u00e4lleen nostaa esiin sama asia josta olemme aiemminkin metel\u00f6ineet. Ehk\u00e4 olisi my\u00f6s kannattanut tehd\u00e4 kaksi eri esityst\u00e4 eik\u00e4 puhua Etel\u00e4portista ja Kauram\u00e4est\u00e4 yht&#8217;aikaa. <\/p>\n<p>Yleiskaava on niin valtavan laaja kokonaisuus, ett\u00e4 sit\u00e4 tutkiessa meinaa menn\u00e4 t\u00e4rke\u00e4tkin asiat ohi. Esim. Vaajakosken moottoritien oikaisu Varassaaren kautta on asia, joka olisi syyt\u00e4 haudata. Onneksi K\u00f6hni\u00f6nj\u00e4rven rinteeseen ja Lehtinen-saareen kaavailluista asuinalueista sent\u00e4\u00e4n on luovuttu muun kansalaispalutteen perusteella, ja l\u00e4ntinen keh\u00e4v\u00e4yl\u00e4kin on pantu ainakin toistaiseksi j\u00e4ihin.<\/p>\n<p>Mutta t\u00e4st\u00e4 p\u00e4\u00e4st\u00e4\u00e4n viel\u00e4 v\u00e4\u00e4nt\u00e4m\u00e4\u00e4n. Kaava siis asetetaan nyt n\u00e4ytille, siihen voi j\u00e4tt\u00e4\u00e4 muistutuksia ja sitten se k\u00e4y viel\u00e4 ymp\u00e4rist\u00f6ministeri\u00f6ss\u00e4 ennen kuin tulee takaisin lautakuntaan ja valtuustoon.<\/p>\n","protected":false},"excerpt":{"rendered":"<p>P\u00e4\u00e4sin j\u00e4lleen kaupunkirakennelautakuntaan 6.5. T\u00e4ll\u00e4 kertaa selv\u00e4sti isoin asia oli \u00a7142 eli kaupungin yleiskaava, jonka pit\u00e4isi vedell\u00e4 koko kaupungin maank\u00e4yt\u00f6n yleiset suuntaviivat vuosikymmeneksi. Yleiskaavan pit\u00e4\u00e4 olla linjassa maakuntakaavan kanssa, mik\u00e4 rajoittaa kaupungin luottamuselinten p\u00e4\u00e4t\u00f6svaltaa.<\/p>\n","protected":false},"author":1,"featured_media":0,"comment_status":"open","ping_status":"open","sticky":false,"template":"","format":"standard","meta":{"footnotes":""},"categories":[75,7],"tags":[],"class_list":["post-3140","post","type-post","status-publish","format-standard","hentry","category-maankaytto-ja-kaavoitus","category-politiikka"],"_links":{"self":[{"href":"https:\/\/v.kauko.org\/index.php?rest_route=\/wp\/v2\/posts\/3140","targetHints":{"allow":["GET"]}}],"collection":[{"href":"https:\/\/v.kauko.org\/index.php?rest_route=\/wp\/v2\/posts"}],"about":[{"href":"https:\/\/v.kauko.org\/index.php?rest_route=\/wp\/v2\/types\/post"}],"author":[{"embeddable":true,"href":"https:\/\/v.kauko.org\/index.php?rest_route=\/wp\/v2\/users\/1"}],"replies":[{"embeddable":true,"href":"https:\/\/v.kauko.org\/index.php?rest_route=%2Fwp%2Fv2%2Fcomments&post=3140"}],"version-history":[{"count":20,"href":"https:\/\/v.kauko.org\/index.php?rest_route=\/wp\/v2\/posts\/3140\/revisions"}],"predecessor-version":[{"id":3163,"href":"https:\/\/v.kauko.org\/index.php?rest_route=\/wp\/v2\/posts\/3140\/revisions\/3163"}],"wp:attachment":[{"href":"https:\/\/v.kauko.org\/index.php?rest_route=%2Fwp%2Fv2%2Fmedia&parent=3140"}],"wp:term":[{"taxonomy":"category","embeddable":true,"href":"https:\/\/v.kauko.org\/index.php?rest_route=%2Fwp%2Fv2%2Fcategories&post=3140"},{"taxonomy":"post_tag","embeddable":true,"href":"https:\/\/v.kauko.org\/index.php?rest_route=%2Fwp%2Fv2%2Ftags&post=3140"}],"curies":[{"name":"wp","href":"https:\/\/api.w.org\/{rel}","templated":true}]}}