{"id":3059,"date":"2014-02-23T12:30:01","date_gmt":"2014-02-23T10:30:01","guid":{"rendered":"http:\/\/v.kauko.org\/?p=3059"},"modified":"2014-02-23T12:30:01","modified_gmt":"2014-02-23T10:30:01","slug":"metsasuunnitelma-on-aika-uudistaa","status":"publish","type":"post","link":"https:\/\/v.kauko.org\/?p=3059","title":{"rendered":"Mets\u00e4suunnitelma on aika uudistaa"},"content":{"rendered":"<p><a href=\"https:\/\/v.kauko.org\/wp-content\/uploads\/jkl_ilmakuva_roni.png\"><img decoding=\"async\" src=\"https:\/\/v.kauko.org\/wp-content\/uploads\/jkl_ilmakuva_roni.png\" alt=\"\" title=\"jkl_ilmakuva_roni\" width=\"110\" class=\"alignleft size-full wp-image-3067\" srcset=\"https:\/\/v.kauko.org\/wp-content\/uploads\/jkl_ilmakuva_roni.png 538w, https:\/\/v.kauko.org\/wp-content\/uploads\/jkl_ilmakuva_roni-300x300.png 300w\" sizes=\"(max-width: 538px) 100vw, 538px\" \/><\/a>Kaupunkimetsien viimeaikaiset rajut hakkuut ovat her\u00e4tt\u00e4neet ihmetyst\u00e4 &#8212; ketk\u00e4 t\u00e4llaisesta ovat p\u00e4\u00e4tt\u00e4neet ja mill\u00e4 perustein? Kaupungin mets\u00e4toimesta on kansalaisten kyselyihin vastattu, ett\u00e4 hakkuut ovat hyv\u00e4ksytyn mets\u00e4suunnitelman mukaisia.<\/p>\n<p>Kaupunkirakennepalveluiden <a href=\"http:\/\/www.jkl.fi\/metsat\">nettisivuilta l\u00f6ytyy Mets\u00e4suunnitelma 2005-2014.<\/a> <!--more-->Mets\u00e4tyyppej\u00e4 ja mets\u00e4nk\u00e4sittelyn yleisi\u00e4 linjauksia esittelev\u00e4 pdf-dokumentti on laadittu v. 2005 ja hyv\u00e4ksytty silloisessa kaupunkisuunnittelulautakunnassa 13.6.2006. Yksityiskohtaisemmat suunnitelmat on j\u00e4tetty kaupungin mets\u00e4toimen vastuulle. <\/p>\n<p>Yleissuunnitelma on sin\u00e4ns\u00e4 hyv\u00e4 ja sit\u00e4 laadittaessa on kuunneltu eri sidosryhmi\u00e4. Mutta sen j\u00e4lkeen on ollut kahdet vaalit ja yksi kuntaliitoskin, joten mets\u00e4suunnitelma olisi korkea aika uudistaa, tarkentaa ja tuoda uuden lautakunnan hyv\u00e4ksytt\u00e4v\u00e4ksi. Kaupungin viherryhm\u00e4ss\u00e4 kaupunkirakennelautakuntaa edustavan Marja Kuparin esityksest\u00e4 mets\u00e4suunnitelma otettiin viherryhm\u00e4n asialistalle. Marjan varaj\u00e4senen\u00e4 p\u00e4\u00e4sinkin sitten kokouksen 20.2. j\u00e4lkipuoliskolle keskustelemaan mets\u00e4politiikasta virkamiesten kanssa.  <\/p>\n<p>(Viherryhm\u00e4n asialistalla oli toinenkin minua erityisesti kiinnostava asia, Tourujoen uomavaihtoehtojen monitavoitearviointi. Ty\u00f6n alla on kyselylomake, jolla kysyt\u00e4\u00e4n eri asiantuntijoilta ja sidosryhmilt\u00e4 n\u00e4kemyksi\u00e4 eri vaihtoehtojen hyvist\u00e4 ja huonoista puolista. Tourujoen ns. pitk\u00e4 uoma, joka toimisi my\u00f6s j\u00e4rvitaimenen elinymp\u00e4rist\u00f6n\u00e4, on ilokseni yh\u00e4 vahvana vaihtoehtona mukana suunnitelmissa. T\u00e4st\u00e4 asiasta olen <a href=\"https:\/\/v.kauko.org\/?p=2832\">kirjoittanut ennenkin<\/a>.)<\/p>\n<p>Ennen kokousta olin perehtynyt mets\u00e4suunnitelmaan ja siihen liittyv\u00e4\u00e4n <a href=\"http:\/\/www.netforest.fi\/jyvaskyla\/\">NetForestCity -kartastoon,<\/a> johon on merkitty metsikk\u00f6kuviokohtaiset hoitoluokitukset ja hakkuusuunnitelmat. Myllyj\u00e4rven\/Keljonkankaan alueelta, minulle hyvin tutuksi tulleen mets\u00e4polun varrelta, l\u00f6ysin pari huolestuttavaa kohtaa. <\/p>\n<h3>Arvomets\u00e4 katosi<\/h3>\n<p><a href=\"https:\/\/v.kauko.org\/wp-content\/uploads\/800-v140205_018-v.jpg\"><img loading=\"lazy\" decoding=\"async\" width=\"800\" height=\"533\" src=\"https:\/\/v.kauko.org\/wp-content\/uploads\/800-v140205_018-v.jpg\" alt=\"\" title=\"N\u00e4kym\u00e4 mastolta koilliseen 5.2.2014\"  class=\"alignnone size-full wp-image-3063\" srcset=\"https:\/\/v.kauko.org\/wp-content\/uploads\/800-v140205_018-v.jpg 800w, https:\/\/v.kauko.org\/wp-content\/uploads\/800-v140205_018-v-300x199.jpg 300w\" sizes=\"auto, (max-width: 800px) 100vw, 800px\" \/><\/a><\/p>\n<p><a href=\"https:\/\/v.kauko.org\/wp-content\/uploads\/800-v140205_022-v.jpg\"><img loading=\"lazy\" decoding=\"async\" width=\"800\" height=\"533\" src=\"https:\/\/v.kauko.org\/wp-content\/uploads\/800-v140205_022-v.jpg\" alt=\"\" title=\"N\u00e4kym\u00e4 mastolta it\u00e4\u00e4n 5.2.2014\" class=\"alignnone size-full wp-image-3066\" srcset=\"https:\/\/v.kauko.org\/wp-content\/uploads\/800-v140205_022-v.jpg 800w, https:\/\/v.kauko.org\/wp-content\/uploads\/800-v140205_022-v-300x199.jpg 300w\" sizes=\"auto, (max-width: 800px) 100vw, 800px\" \/><\/a><\/p>\n<p><a href=\"https:\/\/v.kauko.org\/wp-content\/uploads\/800-v120916_030-vs.jpg\"><img decoding=\"async\" src=\"https:\/\/v.kauko.org\/wp-content\/uploads\/800-v120916_030-vs.jpg\" alt=\"\" title=\"N\u00e4kym\u00e4 mastolta it\u00e4\u00e4n 16.9.2012\" width=\"150\" class=\"alignright size-full wp-image-2997\" srcset=\"https:\/\/v.kauko.org\/wp-content\/uploads\/800-v120916_030-vs.jpg 496w, https:\/\/v.kauko.org\/wp-content\/uploads\/800-v120916_030-vs-197x300.jpg 197w\" sizes=\"(max-width: 496px) 100vw, 496px\" \/><\/a>Keskitalvella tehtyjen hakkuiden j\u00e4ljilt\u00e4 Roninm\u00e4en mastolta avautuu it\u00e4\u00e4np\u00e4in alarinteeseen t\u00e4m\u00e4nn\u00e4k\u00f6inen maisema, kuten <a href=\"https:\/\/v.kauko.org\/?p=2991\">kirjoitin<\/a> pari viikkoa sitten.<\/p>\n<p>T\u00e4m\u00e4 s\u00e4hk\u00f6linjaan ja mastoa ymp\u00e4r\u00f6iv\u00e4\u00e4n valtion mets\u00e4\u00e4n rajautuva kolmiomainen ala on kuvio #886, joka on hoitoluokituksessa merkitty magentanpunaisella &#8221;Arvomets\u00e4ksi&#8221; ja jolle ei ole merkitty teht\u00e4v\u00e4ksi mit\u00e4\u00e4n toimenpiteit\u00e4. Alla on kaksi kuvakaappausta <a href=\"http:\/\/www.netforest.fi\/jyvaskyla\/\">NetForestCity -karttasivuilta.<\/a><\/p>\n<p><a href=\"https:\/\/v.kauko.org\/wp-content\/uploads\/jkl_metsasuunn_roni_hoito.png\"><img loading=\"lazy\" decoding=\"async\" width=\"708\" height=\"636\" src=\"https:\/\/v.kauko.org\/wp-content\/uploads\/jkl_metsasuunn_roni_hoito.png\" alt=\"\" title=\"netforest - hoitoluokat\" class=\"alignnone size-full wp-image-3069\" srcset=\"https:\/\/v.kauko.org\/wp-content\/uploads\/jkl_metsasuunn_roni_hoito.png 708w, https:\/\/v.kauko.org\/wp-content\/uploads\/jkl_metsasuunn_roni_hoito-300x269.png 300w\" sizes=\"auto, (max-width: 708px) 100vw, 708px\" \/><\/a><\/p>\n<p><a href=\"https:\/\/v.kauko.org\/wp-content\/uploads\/jkl_metsasuunn_roni_hakkuu.png\"><img loading=\"lazy\" decoding=\"async\" width=\"708\" height=\"636\" src=\"https:\/\/v.kauko.org\/wp-content\/uploads\/jkl_metsasuunn_roni_hakkuu.png\" alt=\"\" title=\"netforest - hakkuut 1-5v\" class=\"alignnone size-full wp-image-3068\" srcset=\"https:\/\/v.kauko.org\/wp-content\/uploads\/jkl_metsasuunn_roni_hakkuu.png 708w, https:\/\/v.kauko.org\/wp-content\/uploads\/jkl_metsasuunn_roni_hakkuu-300x269.png 300w\" sizes=\"auto, (max-width: 708px) 100vw, 708px\" \/><\/a><\/p>\n<p>Kartassa on palautekanava, jonka kautta kansalaiset voivat kommentoida suunnitelmia. Kirjoitin palautetta kuviosta #886 ja sain viipym\u00e4tt\u00e4 vastaukset:<\/p>\n<p>14.2.2014 10:50 suunnittelija:<\/p>\n<ul>\n<li>Mets\u00e4suunnitelma on ty\u00f6kalu mets\u00e4omaisuuden hallintaan ja sit\u00e4 p\u00e4ivitet\u00e4\u00e4n koko ajan, koska my\u00f6sk\u00e4\u00e4n puusto ei pysy samanlaisena. Puuston kehityst\u00e4 ei voida pys\u00e4ytt\u00e4\u00e4 tiettyyn hetkeen ja sen vuoksi my\u00f6s toimenpide-ehdotuksia lis\u00e4t\u00e4\u00e4n ja poistetaan tarpeen mukaan. T\u00e4ll\u00e4 maiseman vuoksi arvomets\u00e4ksi luokitellulla kuviolla tehty hakkuu ei ole rikkonut maisemaa tai rinteen siluettia ja alueelle j\u00e4tetty puusto pehment\u00e4\u00e4 osaltaan t\u00e4t\u00e4 vaikutusta maisemaan.<\/li>\n<\/ul>\n<p>17.02.2014 11:32 suunnittelija:<\/p>\n<ul>\n<li>Mets\u00e4suunnitelma on hyv\u00e4ksytty lautakunnassa, jolloin on p\u00e4\u00e4tetty hyv\u00e4ksy\u00e4 mets\u00e4suunnitelma ja hoitoluokitus suunnitelmassa esitetyll\u00e4 tehokkuudella. Tarkempien vuotuisten tavoitteiden ja vuosittain teht\u00e4vien t\u00f6iden suunnittelusta ja toteutuksesta sek\u00e4 mets\u00e4suunnitelman p\u00e4ivitt\u00e4misest\u00e4 vastaa mets\u00e4toimi. Valitettavasti t\u00e4ll\u00e4 hetkell\u00e4 k\u00e4yt\u00f6ss\u00e4mme oleva ohjelma on sellainen, ett\u00e4 p\u00e4ivityksi\u00e4 nettiversioon ei en\u00e4\u00e4 saada ja siten mets\u00e4suunnitelman p\u00e4ivitykset eiv\u00e4t ole n\u00e4ht\u00e4viss\u00e4 netiss\u00e4. K\u00e4ytt\u00f6\u00f6n on tulossa uudenlainen ohjelma, jonka nettiversioon saadaan my\u00f6s p\u00e4ivitykset tehty\u00e4. Nettisivuiltamme l\u00f6ytyy kuitenkin ajankohtaista tietoa ja tutkimusta mm. l\u00e4himetsien hoidosta, joten kannattaa tutustua. <\/li>\n<\/ul>\n<p>Kokouksessa keskustelin t\u00e4st\u00e4 lis\u00e4\u00e4 mets\u00e4p\u00e4\u00e4llikk\u00f6 Marko Kemppaisen kanssa. H\u00e4n oli jopa lukenut linkitt\u00e4m\u00e4ni <a href=\"https:\/\/v.kauko.org\/?p=2991\">kirjoitukseni.<\/a>  Jotkut alarinteess\u00e4 asuvat ihmiset olivat kyseist\u00e4 hakkuuta kiitelleet, kun nyt aurinko p\u00e4\u00e4see paistamaan heid\u00e4n pihaansa. N\u00e4kym\u00e4 rinteest\u00e4 kaupungille ja P\u00e4ij\u00e4nteelle on my\u00f6s kielt\u00e4m\u00e4tt\u00e4 komea. Eri ihmiset toki arvostavat maisemassa eri piirteit\u00e4, ja suunnittelussa on eri n\u00e4k\u00f6kulmat jotenkin sovitettava yhteen. Mutta sit\u00e4 en oikein ymm\u00e4rr\u00e4, ett\u00e4 maisema-\/arvomets\u00e4ksi luokiteltu metsikk\u00f6 voidaan hakata ilman ett\u00e4 s\u00e4ilytt\u00e4misen arvoisena pidetty maisema muuttuu olennaisesti.<\/p>\n<h3>Mets\u00e4polku ilman mets\u00e4\u00e4?<\/h3>\n<p>Hakkuukarttaan on merkitty vaaleansinisell\u00e4 &#8211; siis avohakattavaksi! &#8212; kapea, pitkulainen kuvio #879. Hoitoluokituskartassa sit\u00e4 ei silti ole merkitty vihre\u00e4ll\u00e4 talousmets\u00e4ksi, vaan tummansinisell\u00e4 ulkoilu- ja virkistysmets\u00e4ksi. Kuvion halki kulkeekin suosittu ulkoilupolku. T\u00e4\u00e4ll\u00e4 on vanhaa kuusikkoa, muutama kelohonkakin pohjantikkojen iloksi ja hyv\u00e4t marja- ja sienimaastot. Kuvio #879 rajautuu etel\u00e4p\u00e4\u00e4ss\u00e4\u00e4n satavuotiasta kuusikkoa sis\u00e4lt\u00e4v\u00e4\u00e4n kuvioon #13, joka on onneksi karttaankin merkitty tummanpunaisella luonnonsuojelullisesti arvokkaaksi vanhaksi mets\u00e4ksi ja suojelualueeksi. Rajalla on valtavan suuri kuusi, jonka katveessa olen viett\u00e4nyt pitki\u00e4 aikoja kuvaten <a href=\"https:\/\/v.kauko.org\/?p=2083\">lintulaudan asiakkaita<\/a>.<\/p>\n<p><a href=\"https:\/\/v.kauko.org\/wp-content\/uploads\/800-v130120_021-x.jpg\"><img loading=\"lazy\" decoding=\"async\" width=\"800\" height=\"533\" src=\"https:\/\/v.kauko.org\/wp-content\/uploads\/800-v130120_021-x.jpg\" alt=\"\" title=\"Mets\u00e4polku kuviossa #879, 20.1.2013\" class=\"alignnone size-full wp-image-3061\" srcset=\"https:\/\/v.kauko.org\/wp-content\/uploads\/800-v130120_021-x.jpg 800w, https:\/\/v.kauko.org\/wp-content\/uploads\/800-v130120_021-x-300x199.jpg 300w\" sizes=\"auto, (max-width: 800px) 100vw, 800px\" \/><\/a><\/p>\n<p><a href=\"https:\/\/v.kauko.org\/wp-content\/uploads\/800-v110227_016.jpg\"><img loading=\"lazy\" decoding=\"async\" width=\"800\" height=\"669\" src=\"https:\/\/v.kauko.org\/wp-content\/uploads\/800-v110227_016.jpg\" alt=\"\" title=\"H\u00f6m\u00f6tiainen ja puukiipij\u00e4 27.2.2011\" class=\"alignright size-full wp-image-3077\" srcset=\"https:\/\/v.kauko.org\/wp-content\/uploads\/800-v110227_016.jpg 800w, https:\/\/v.kauko.org\/wp-content\/uploads\/800-v110227_016-300x250.jpg 300w\" sizes=\"auto, (max-width: 800px) 100vw, 800px\" \/><\/a><\/p>\n<p>Kuvion #879 kohdalle lis\u00e4tiedoksi on merkitty, ett\u00e4 &#8221;Polkua ei tuhota hakkuussa&#8221;.  Kirjoitin t\u00e4st\u00e4kin palautelaatikkoon ja sain vastauksen jo samana p\u00e4iv\u00e4n\u00e4: <\/p>\n<p>13.2.2014 12:57 Virpi Kauko:<\/p>\n<ul>\n<li>Avohakkuu tuhoaisi polun arvon virkistysalueena ja heikent\u00e4isi viereisen kuvion 13 luonnonsuojelullista arvoa. Vanhaa mets\u00e4\u00e4 ei saa j\u00e4tt\u00e4\u00e4 yksin\u00e4iseksi saareksi hakkuuaukkojen v\u00e4liin.<\/li>\n<\/ul>\n<p>13.2.2014 17:35 suunnittelija:<\/p>\n<ul>\n<li>Kaupungin mets\u00e4suunnitelmassa on huomioitu muun muassa metsien virkistys- ja suojeluarvot hyvin laajasti suunnitelmaa teht\u00e4ess\u00e4. Lis\u00e4ksi arviointia tehd\u00e4\u00e4n aina ennen toimenpiteisiin ryhtymist\u00e4 ja toimenpiteiden aikana. Vapaaehtoisesti suojeltua mets\u00e4\u00e4 (kuvio 13) ymp\u00e4r\u00f6iviss\u00e4 kuvioissa on varttuneita taimikoita, mutta my\u00f6s puustoisia nuoria ja varttuneita kasvatusmetsi\u00e4.<\/li>\n<\/ul>\n<p>Viherryhm\u00e4n kokouksessa keskustelimme pitk\u00e4\u00e4n suojelualueiden ja muiden arvokkaiden elinymp\u00e4rist\u00f6jen v\u00e4lisist\u00e4 viherk\u00e4yt\u00e4vist\u00e4, joita my\u00f6ten mahdolliset uhanalaiset el\u00e4imet p\u00e4\u00e4sev\u00e4t kulkemaan. Ne on kuulemma suunnitelmissa pyrittykin ottamaan huomioon. Ehdotin, ett\u00e4 ainakin virkistysalueilla ja varsinkin n\u00e4in l\u00e4hell\u00e4 suojeltuja tilkkuja avohakkuista luovuttaisiin kokonaan, ja ett\u00e4 muutenkin rajummat hakkuut pantaisiin j\u00e4ihin edes siihen asti ett\u00e4 uudet p\u00e4ivitetyt suunnitelmat saadaan voimaan. <\/p>\n<p>Sit\u00e4 ei tietysti suoriltaan luvattu, mutta kuulemma ainakin Myllyj\u00e4rven metsi\u00e4 on nyt &#8221;hoidettu&#8221; t\u00e4lt\u00e4 er\u00e4\u00e4 tarpeeksi eik\u00e4 sinne olla aikeissa menn\u00e4 koneiden kanssa uudelleen useaan vuoteen. Toivottavasti siis t\u00e4m\u00e4kin, jo l\u00e4hes luonnonmukaisen kaltaiseksi kehittym\u00e4ss\u00e4 oleva, tilkku ehtii pelastua. Koko Kauram\u00e4en aluetta kuitenkin uhkaa (mets\u00e4suunnitelmasta riippumatta) sinne <a href=\"https:\/\/v.kauko.org\/?p=1792\">kaavailtu asuinalue.<\/a><\/p>\n<p><a href=\"https:\/\/v.kauko.org\/wp-content\/uploads\/800-v130420_001-v.jpg\"><img loading=\"lazy\" decoding=\"async\" width=\"800\" height=\"533\" src=\"https:\/\/v.kauko.org\/wp-content\/uploads\/800-v130420_001-v.jpg\" alt=\"\" title=\"Polku vanhan mets\u00e4n ja hakkuuaukion rajalla, 20.4.2013\" class=\"alignnone size-full wp-image-3062\" srcset=\"https:\/\/v.kauko.org\/wp-content\/uploads\/800-v130420_001-v.jpg 800w, https:\/\/v.kauko.org\/wp-content\/uploads\/800-v130420_001-v-300x199.jpg 300w\" sizes=\"auto, (max-width: 800px) 100vw, 800px\" \/><\/a><br \/>\nSuojeltu kuvio #13 rajautuu etel\u00e4puolella kuvioon #18, josta vanha kuusikko on avohakattu v. 2006. Polku kulkee nyt kuvioiden jyrkk\u00e4\u00e4 rajaa my\u00f6ten.  Hakkuuaukko n\u00e4kyy my\u00f6s v. 2012 otetun <a href=\"http:\/\/kartta.jkl.fi\/ims\">ilmakuvan<\/a> alareunassa. <\/p>\n<p><a href=\"https:\/\/v.kauko.org\/wp-content\/uploads\/jkl_ilmakuva_roni.png\"><img loading=\"lazy\" decoding=\"async\" width=\"538\" height=\"538\" src=\"https:\/\/v.kauko.org\/wp-content\/uploads\/jkl_ilmakuva_roni.png\" alt=\"\" title=\"Ilmakuva 2012 - Jyv\u00e4skyl\u00e4n karttapalvelu\" class=\"alignnone size-full wp-image-3067\" srcset=\"https:\/\/v.kauko.org\/wp-content\/uploads\/jkl_ilmakuva_roni.png 538w, https:\/\/v.kauko.org\/wp-content\/uploads\/jkl_ilmakuva_roni-300x300.png 300w\" sizes=\"auto, (max-width: 538px) 100vw, 538px\" \/><\/a><\/p>\n<h3>Avoin ja vuorovaikutteinen suunnitteluprosessi<\/h3>\n<p>Kymmenen vuotta sitten mets\u00e4suunnitelmaa valmisteltiin yhteisty\u00f6ss\u00e4 kansalaisten ja sidosryhmien kanssa. Viherryhm\u00e4n torstaisessa keskustelussa p\u00e4\u00e4dyimme siihen, ett\u00e4 vastaava, viel\u00e4kin avoimempi suunnittelu on syyt\u00e4 k\u00e4ynnist\u00e4\u00e4 l\u00e4hiaikoina. Uutta parempaa karttaohjelmistoa ollaankin jo ottamassa k\u00e4ytt\u00f6\u00f6n, ja mahdollisesti mets\u00e4suunnitelma voitaisiin yhdist\u00e4\u00e4 my\u00f6s kaupungin omaan <a href=\"http:\/\/kartta.jkl.fi\/ims\">karttapalveluun.<\/a><\/p>\n<p>Erityisesti tulee pohtia kaupunkimetsien hoidon tavoitteita. Nykyisen hoitoluokituskartan hallitseva v\u00e4ri on talousmets\u00e4\u00e4 kuvaava tummanvihre\u00e4. Sinisell\u00e4 merkittyj\u00e4 ulkoilu- ja virkistysmetsi\u00e4 on selv\u00e4sti v\u00e4hemm\u00e4n, ja niihinkin kohdistetaan hakkuita. Tummanpunaiset suojelualueet ja magentanpunaiset maisema- tai arvomets\u00e4t koristavat karttaa pienin\u00e4 t\u00e4plin\u00e4. Uudessa suunnitelmassa toivoisin n\u00e4kev\u00e4ni paljon enemm\u00e4n n\u00e4it\u00e4 muita v\u00e4rej\u00e4. Voi kysy\u00e4, tarvitseeko puutavaran tuotantoa asettaa p\u00e4\u00e4tavoitteeksi mill\u00e4\u00e4n alueella? <\/p>\n<p>Vanhat mets\u00e4t hupenevat kaikkialla kovaa vauhtia ja juuri kaupungin pit\u00e4isi kantaa vastuunsa eli\u00f6yhteis\u00f6jen s\u00e4ilymisest\u00e4. Mets\u00e4p\u00e4\u00e4llikk\u00f6 Kemppainen kertoi, ett\u00e4 kaupunki onkin suojellut useita metsi\u00e4\u00e4n (mm. P\u00e4ij\u00e4nteen saarissa) vapaaehtoisesti ja saanut niist\u00e4 valtiolta Metso-ohjelman mukaisesti korvauksia. Talousmetsiss\u00e4kin ollaan jo ottamassa k\u00e4ytt\u00f6\u00f6n hell\u00e4varaisempia, ns. jatkuvaan kasvatukseen perustuvia hakkuumenetelmi\u00e4.  Kaiken kaikkiaan keskustelu sujui hyv\u00e4ss\u00e4 ja rakentavassa hengess\u00e4, ja odotan paljon uudelta mets\u00e4suunnitelmalta. Sen tulee perustua laajaan ja avoimeen kansalaiskeskusteluun, jossa kuuluu asukkaiden, luonnonsuojeluj\u00e4rjest\u00f6jen ja ekologian tutkijoiden \u00e4\u00e4net. <\/p>\n<p>Jatkossa mets\u00e4suunnitelmat tulisi k\u00e4sitell\u00e4 valtuustossa ja kaupunkirakenne- sek\u00e4 rakennus- ja ymp\u00e4rist\u00f6lautakunnissa v\u00e4hint\u00e4\u00e4n kerran valtuustokaudessa, samaan tapaan kuin <a href=\"http:\/\/www.jyvaskyla.fi\/kaavoitus\/kymppiohjelma\">KymppiR -maank\u00e4ytt\u00f6ohjelma.<\/a> Mets\u00e4politiikka kuuluu meille kaikille jyv\u00e4skyl\u00e4l\u00e4isille ja vaaleissa valitsemillemme valtuutetuille.<\/p>\n<p>* * *<\/p>\n<p>Kaupungin mets\u00e4osastollakin ajatellaan luontoa, mutta siell\u00e4 toivottavasti ajatellaan pidemm\u00e4lle kuin Heimo Vesa tulostaessaan:<\/p>\n<p><a href=\"http:\/\/www.hs.fi\/fingerpori\/s1349766346232\"><img loading=\"lazy\" decoding=\"async\" src=\"https:\/\/v.kauko.org\/wp-content\/uploads\/finger_ajatteleluontoa.jpeg\" alt=\"\" title=\"finger_ajatteleluontoa\" width=\"560\" height=\"180\" class=\"alignnone size-full wp-image-3079\" srcset=\"https:\/\/v.kauko.org\/wp-content\/uploads\/finger_ajatteleluontoa.jpeg 560w, https:\/\/v.kauko.org\/wp-content\/uploads\/finger_ajatteleluontoa-300x96.jpg 300w\" sizes=\"auto, (max-width: 560px) 100vw, 560px\" \/><\/a><\/p>\n","protected":false},"excerpt":{"rendered":"<p>Kaupunkimetsien viimeaikaiset rajut hakkuut ovat her\u00e4tt\u00e4neet ihmetyst\u00e4 &#8212; ketk\u00e4 t\u00e4llaisesta ovat p\u00e4\u00e4tt\u00e4neet ja mill\u00e4 perustein? Kaupungin mets\u00e4toimesta on kansalaisten kyselyihin vastattu, ett\u00e4 hakkuut ovat hyv\u00e4ksytyn mets\u00e4suunnitelman mukaisia. Kaupunkirakennepalveluiden nettisivuilta l\u00f6ytyy Mets\u00e4suunnitelma 2005-2014.<\/p>\n","protected":false},"author":1,"featured_media":0,"comment_status":"open","ping_status":"open","sticky":false,"template":"","format":"standard","meta":{"footnotes":""},"categories":[10,75,7,73],"tags":[],"class_list":["post-3059","post","type-post","status-publish","format-standard","hentry","category-luonto","category-maankaytto-ja-kaavoitus","category-politiikka","category-ymparistovaikutukset"],"_links":{"self":[{"href":"https:\/\/v.kauko.org\/index.php?rest_route=\/wp\/v2\/posts\/3059","targetHints":{"allow":["GET"]}}],"collection":[{"href":"https:\/\/v.kauko.org\/index.php?rest_route=\/wp\/v2\/posts"}],"about":[{"href":"https:\/\/v.kauko.org\/index.php?rest_route=\/wp\/v2\/types\/post"}],"author":[{"embeddable":true,"href":"https:\/\/v.kauko.org\/index.php?rest_route=\/wp\/v2\/users\/1"}],"replies":[{"embeddable":true,"href":"https:\/\/v.kauko.org\/index.php?rest_route=%2Fwp%2Fv2%2Fcomments&post=3059"}],"version-history":[{"count":43,"href":"https:\/\/v.kauko.org\/index.php?rest_route=\/wp\/v2\/posts\/3059\/revisions"}],"predecessor-version":[{"id":3114,"href":"https:\/\/v.kauko.org\/index.php?rest_route=\/wp\/v2\/posts\/3059\/revisions\/3114"}],"wp:attachment":[{"href":"https:\/\/v.kauko.org\/index.php?rest_route=%2Fwp%2Fv2%2Fmedia&parent=3059"}],"wp:term":[{"taxonomy":"category","embeddable":true,"href":"https:\/\/v.kauko.org\/index.php?rest_route=%2Fwp%2Fv2%2Fcategories&post=3059"},{"taxonomy":"post_tag","embeddable":true,"href":"https:\/\/v.kauko.org\/index.php?rest_route=%2Fwp%2Fv2%2Ftags&post=3059"}],"curies":[{"name":"wp","href":"https:\/\/api.w.org\/{rel}","templated":true}]}}