{"id":2991,"date":"2014-02-06T13:44:57","date_gmt":"2014-02-06T11:44:57","guid":{"rendered":"http:\/\/v.kauko.org\/?p=2991"},"modified":"2014-02-06T14:11:45","modified_gmt":"2014-02-06T12:11:45","slug":"metsaa-puilta","status":"publish","type":"post","link":"https:\/\/v.kauko.org\/?p=2991","title":{"rendered":"Mets\u00e4\u00e4 puilta"},"content":{"rendered":"<p><img decoding=\"async\" src=\"https:\/\/v.kauko.org\/wp-content\/uploads\/800-v140120_012-vs.jpg\" alt=\"\" title=\"L\u00e4himets\u00e4 pinossa 20.1.2014\" width=\"110\" class=\"alignleft size-full wp-image-2999\" srcset=\"https:\/\/v.kauko.org\/wp-content\/uploads\/800-v140120_012-vs.jpg 800w, https:\/\/v.kauko.org\/wp-content\/uploads\/800-v140120_012-vs-300x199.jpg 300w\" sizes=\"(max-width: 800px) 100vw, 800px\" \/>Myllyj\u00e4rvell\u00e4 ja Roninm\u00e4ess\u00e4 on hakattu kaupunkimetsi\u00e4. Satavuotiaita kuusia on kaadettu uusia taimia varjostamasta. Onko t\u00e4m\u00e4 kest\u00e4v\u00e4\u00e4 mets\u00e4n hoitoa ja uudistusta vai monimuotoisuuden tuhoamista? <!--more--><\/p>\n<p><a href=\"https:\/\/v.kauko.org\/wp-content\/uploads\/800-v130826_003-vr.jpg\"><img loading=\"lazy\" decoding=\"async\" width=\"800\" height=\"441\" src=\"https:\/\/v.kauko.org\/wp-content\/uploads\/800-v130826_003-vr.jpg\" alt=\"\" title=\"Kevytv\u00e4yl\u00e4 kuusikossa 26.8.2013\" class=\"alignnone size-full wp-image-2998\" srcset=\"https:\/\/v.kauko.org\/wp-content\/uploads\/800-v130826_003-vr.jpg 800w, https:\/\/v.kauko.org\/wp-content\/uploads\/800-v130826_003-vr-300x165.jpg 300w\" sizes=\"auto, (max-width: 800px) 100vw, 800px\" \/><\/a><br \/>\n1. T\u00e4m\u00e4 mets\u00e4polku oli pitk\u00e4\u00e4n osa jokap\u00e4iv\u00e4ist\u00e4 kotimatkaani. Er\u00e4s espanjalainen tuttukin piti matkaa bussipys\u00e4kille upean eksoottisena luontoel\u00e4myksen\u00e4. Elokuussa 2013 puihin ilmestyi punaisia merkkej\u00e4. <\/p>\n<p>Kuvien p\u00e4iv\u00e4m\u00e4\u00e4r\u00e4t n\u00e4kyv\u00e4t pit\u00e4m\u00e4ll\u00e4 hiirt\u00e4 kuvan p\u00e4\u00e4ll\u00e4. Kuvat suurenevat klikkaamalla. Numerot viittaavat artikkelin lopussa olevaan karttaan.<\/p>\n<p><a href=\"https:\/\/v.kauko.org\/wp-content\/uploads\/800-v140120_012-vs.jpg\"><img loading=\"lazy\" decoding=\"async\" width=\"800\" height=\"532\" src=\"https:\/\/v.kauko.org\/wp-content\/uploads\/800-v140120_012-vs.jpg\" alt=\"\" title=\"L\u00e4himets\u00e4 pinossa 20.1.2014\" class=\"alignnone size-full wp-image-2999\" srcset=\"https:\/\/v.kauko.org\/wp-content\/uploads\/800-v140120_012-vs.jpg 800w, https:\/\/v.kauko.org\/wp-content\/uploads\/800-v140120_012-vs-300x199.jpg 300w\" sizes=\"auto, (max-width: 800px) 100vw, 800px\" \/><\/a><br \/>\n1. Mets\u00e4 polun ymp\u00e4rilt\u00e4 on pinottu polunvarteen. Nyt kevytv\u00e4ylien risteykseen mahtuisi vaikka liikenneympyr\u00e4. Puita on sent\u00e4\u00e4n j\u00e4tetty pystyynkin sen verran ett\u00e4 aluetta voi viel\u00e4 nimitt\u00e4\u00e4 mets\u00e4ksi.<\/p>\n<p><a href=\"https:\/\/v.kauko.org\/wp-content\/uploads\/800-v140205_005.jpg\"><img loading=\"lazy\" decoding=\"async\" width=\"800\" height=\"533\" src=\"https:\/\/v.kauko.org\/wp-content\/uploads\/800-v140205_005.jpg\" alt=\"\" title=\"Harvennettua l\u00e4himets\u00e4\u00e4 5.2.2014\"  class=\"alignnone size-full wp-image-3026\" srcset=\"https:\/\/v.kauko.org\/wp-content\/uploads\/800-v140205_005.jpg 800w, https:\/\/v.kauko.org\/wp-content\/uploads\/800-v140205_005-300x199.jpg 300w\" sizes=\"auto, (max-width: 800px) 100vw, 800px\" \/><\/a><br \/>\n2. Tuulimyllyntien ja s\u00e4hk\u00f6linjan v\u00e4list\u00e4 mets\u00e4\u00e4 on harvennettu rajusti. Yl\u00e4myllyj\u00e4rven talotkin n\u00e4kyv\u00e4t. Tuuhea kuusikuja, jonka kohdalta s\u00e4hk\u00f6linja ennen h\u00e4dintuskin h\u00e4\u00e4m\u00f6tti puunlatvojen takaa, on sent\u00e4\u00e4n j\u00e4tetty pystyyn.<\/p>\n<p><a href=\"https:\/\/v.kauko.org\/wp-content\/uploads\/800-v120916_017-v.jpg\"><img loading=\"lazy\" decoding=\"async\" width=\"800\" height=\"533\" src=\"https:\/\/v.kauko.org\/wp-content\/uploads\/800-v120916_017-v.jpg\" alt=\"\" title=\"Vanhaa mets\u00e4\u00e4 Roninm\u00e4ess\u00e4 16.9.2012\" class=\"alignnone size-full wp-image-2995\" srcset=\"https:\/\/v.kauko.org\/wp-content\/uploads\/800-v120916_017-v.jpg 800w, https:\/\/v.kauko.org\/wp-content\/uploads\/800-v120916_017-v-300x199.jpg 300w\" sizes=\"auto, (max-width: 800px) 100vw, 800px\" \/><\/a><\/p>\n<p><a href=\"https:\/\/v.kauko.org\/wp-content\/uploads\/800-v140205_011-v.jpg\"><img loading=\"lazy\" decoding=\"async\" width=\"800\" height=\"533\" src=\"https:\/\/v.kauko.org\/wp-content\/uploads\/800-v140205_011-v.jpg\" alt=\"\" title=\"Vanhaa mets\u00e4\u00e4 Roninm\u00e4ess\u00e4 5.2.2014\" class=\"alignnone size-full wp-image-3002\" srcset=\"https:\/\/v.kauko.org\/wp-content\/uploads\/800-v140205_011-v.jpg 800w, https:\/\/v.kauko.org\/wp-content\/uploads\/800-v140205_011-v-300x199.jpg 300w\" sizes=\"auto, (max-width: 800px) 100vw, 800px\" \/><\/a><br \/>\n3. Roninm\u00e4en maston l\u00e4hell\u00e4 oleva komea vanhan mets\u00e4n laikku on onneksi s\u00e4\u00e4stetty. T\u00e4ss\u00e4 kohtaa on aika paljon luonnostaan (mm. aiempien talvien tykkylumen painosta) katkenneita puita. Mets\u00e4n l\u00e4pi n\u00e4kyy kuitenkin huolestuttavan paljon valoa&#8230;<\/p>\n<p><a href=\"https:\/\/v.kauko.org\/wp-content\/uploads\/800-v120916_027.jpg\"><img decoding=\"async\" src=\"https:\/\/v.kauko.org\/wp-content\/uploads\/800-v120916_027.jpg\" alt=\"\" title=\"Roninm\u00e4en masto 16.9.2012\" height=\"330\" class=\"alignnone size-full wp-image-2996\" srcset=\"https:\/\/v.kauko.org\/wp-content\/uploads\/800-v120916_027.jpg 533w, https:\/\/v.kauko.org\/wp-content\/uploads\/800-v120916_027-199x300.jpg 199w\" sizes=\"(max-width: 533px) 100vw, 533px\" \/><\/a> <a href=\"https:\/\/v.kauko.org\/wp-content\/uploads\/800-v140205_025-v.jpg\"><img decoding=\"async\" src=\"https:\/\/v.kauko.org\/wp-content\/uploads\/800-v140205_025-v.jpg\" alt=\"\" title=\"Roninm\u00e4en masto 5.2.2014\" height=\"330\" class=\"alignnone size-full wp-image-3004\" srcset=\"https:\/\/v.kauko.org\/wp-content\/uploads\/800-v140205_025-v.jpg 533w, https:\/\/v.kauko.org\/wp-content\/uploads\/800-v140205_025-v-199x300.jpg 199w\" sizes=\"(max-width: 533px) 100vw, 533px\" \/><\/a><br \/>\n4. Maston ymp\u00e4rill\u00e4 kuusikko on pystyss\u00e4&#8230;<\/p>\n<p><a href=\"https:\/\/v.kauko.org\/wp-content\/uploads\/800-v140205_021-v.jpg\"><img loading=\"lazy\" decoding=\"async\" width=\"800\" height=\"533\" src=\"https:\/\/v.kauko.org\/wp-content\/uploads\/800-v140205_021-v.jpg\" alt=\"\" title=\"N\u00e4kym\u00e4 mastolta koilliseen 5.2.2014\" class=\"alignnone size-full wp-image-3023\" srcset=\"https:\/\/v.kauko.org\/wp-content\/uploads\/800-v140205_021-v.jpg 800w, https:\/\/v.kauko.org\/wp-content\/uploads\/800-v140205_021-v-300x199.jpg 300w\" sizes=\"auto, (max-width: 800px) 100vw, 800px\" \/><\/a><br \/>\n4. &#8230;mutta siit\u00e4 it\u00e4\u00e4n p\u00e4in laskeutuvaan rinteeseen on parturoitu leve\u00e4 aukko. Keljonkeskuksen yli avautuu nyt n\u00e4kym\u00e4 Jyv\u00e4sj\u00e4rvelle, keskustaan ja Keljonlahdelle.<\/p>\n<p><a href=\"https:\/\/v.kauko.org\/wp-content\/uploads\/800-v120916_030-vs.jpg\"><img decoding=\"async\" src=\"https:\/\/v.kauko.org\/wp-content\/uploads\/800-v120916_030-vs.jpg\" alt=\"\" title=\"N\u00e4kym\u00e4 mastolta it\u00e4\u00e4n 16.9.2012\" height=\"335\" class=\"alignnone size-full wp-image-2997\" srcset=\"https:\/\/v.kauko.org\/wp-content\/uploads\/800-v120916_030-vs.jpg 496w, https:\/\/v.kauko.org\/wp-content\/uploads\/800-v120916_030-vs-197x300.jpg 197w\" sizes=\"(max-width: 496px) 100vw, 496px\" \/><\/a> <a href=\"https:\/\/v.kauko.org\/wp-content\/uploads\/800-v140205_022-r.jpg\"><img decoding=\"async\" src=\"https:\/\/v.kauko.org\/wp-content\/uploads\/800-v140205_022-r.jpg\" alt=\"\" title=\"N\u00e4kym\u00e4 mastolta it\u00e4\u00e4n 5.2.2014\" height=\"335\" class=\"alignnone size-full wp-image-3003\" srcset=\"https:\/\/v.kauko.org\/wp-content\/uploads\/800-v140205_022-r.jpg 497w, https:\/\/v.kauko.org\/wp-content\/uploads\/800-v140205_022-r-197x300.jpg 197w\" sizes=\"(max-width: 497px) 100vw, 497px\" \/><\/a><br \/>\n4. S\u00e4hk\u00f6linjan ymp\u00e4rill\u00e4 oli ennen vain kapea puuton vy\u00f6hyke. Vy\u00f6hykkeen levent\u00e4minen oli ehk\u00e4 tarpeen jotta puita ei kaatuisi linjoille, mutta ei n\u00e4in laaja aukko. Yksin\u00e4iset puut kaatuvat myrskyss\u00e4 jopa entist\u00e4 helpommin, kun puiden juuristot eiv\u00e4t en\u00e4\u00e4 tue toisiaan. Toki aukko tuo lis\u00e4\u00e4 elintilaa aurinkoista ymp\u00e4rist\u00f6\u00e4 suosiville lajeille, kuten katajille. Mutta se on pois vanhaa kuusimets\u00e4\u00e4 suosivien lajien elintilasta, ja niist\u00e4 monet ovat uhanalaisia.<\/p>\n<p><a href=\"https:\/\/v.kauko.org\/wp-content\/uploads\/800-v140205_027.jpg\"><img loading=\"lazy\" decoding=\"async\" width=\"800\" height=\"533\" src=\"https:\/\/v.kauko.org\/wp-content\/uploads\/800-v140205_027.jpg\" alt=\"\" title=\"Vanhaa mets\u00e4\u00e4 Roninm\u00e4ess\u00e4 5.2.2014\" class=\"alignnone size-full wp-image-3005\" srcset=\"https:\/\/v.kauko.org\/wp-content\/uploads\/800-v140205_027.jpg 800w, https:\/\/v.kauko.org\/wp-content\/uploads\/800-v140205_027-300x199.jpg 300w\" sizes=\"auto, (max-width: 800px) 100vw, 800px\" \/><\/a><br \/>\n5. S\u00e4hk\u00f6linjan etel\u00e4puolella alkaa j\u00e4lleen koskematon mets\u00e4saareke. <\/p>\n<p><img loading=\"lazy\" decoding=\"async\" width=\"600\" height=\"451\" src=\"https:\/\/v.kauko.org\/wp-content\/uploads\/600-v140205_036-vtr.jpg\" alt=\"\" title=\"Kuusi- ja h\u00f6m\u00f6tiainen 5.2.2014\" class=\"alignnone size-full wp-image-2992\" srcset=\"https:\/\/v.kauko.org\/wp-content\/uploads\/600-v140205_036-vtr.jpg 600w, https:\/\/v.kauko.org\/wp-content\/uploads\/600-v140205_036-vtr-300x225.jpg 300w\" sizes=\"auto, (max-width: 600px) 100vw, 600px\" \/>Valtavassa kuusessa vuosikausia olleella lintulaudalla riitt\u00e4\u00e4 asiakkaita. Kuusitiainen (vas.) ja h\u00f6m\u00f6tiainen ovat osuneet paikalle yht&#8217;aikaa.<\/p>\n<p><img loading=\"lazy\" decoding=\"async\" width=\"600\" height=\"600\" src=\"https:\/\/v.kauko.org\/wp-content\/uploads\/600-v140205_047-vt.jpg\" alt=\"\" title=\"Puukiipij\u00e4 5.2.2014\" class=\"alignnone size-full wp-image-2993\" srcset=\"https:\/\/v.kauko.org\/wp-content\/uploads\/600-v140205_047-vt.jpg 600w, https:\/\/v.kauko.org\/wp-content\/uploads\/600-v140205_047-vt-300x300.jpg 300w\" sizes=\"auto, (max-width: 600px) 100vw, 600px\" \/>Pieni puukiipij\u00e4 l\u00f6yt\u00e4\u00e4 kuusesta luomuruokaa (pikku\u00f6t\u00f6k\u00f6it\u00e4 kaarnanraosta), mutta auringonkukansiemenen murusetkin maistuvat. Lis\u00e4\u00e4 kuvia n\u00e4ist\u00e4 yh\u00e4 kutistuvista vanhan mets\u00e4n tilkuista ja v\u00e4h\u00e4n uudemmistakin on artikkeleissa <a href=\"https:\/\/v.kauko.org\/?p=1792\">Asfaltin alle?<\/a>, <a href=\"https:\/\/v.kauko.org\/?p=2083\">Ravintola mets\u00e4n siimeksess\u00e4<\/a>, <a href=\"https:\/\/v.kauko.org\/?p=858\">K\u00e4pylinnut lounaalla<\/a> ja <a href=\" https:\/\/v.kauko.org\/?p=695\">Kiipiv\u00e4 kaarnanpala.<\/a><\/p>\n<p><a href=\"https:\/\/v.kauko.org\/wp-content\/uploads\/jyvas_ilmakuva_roni_merk.png\"><img loading=\"lazy\" decoding=\"async\" width=\"732\" height=\"626\" src=\"https:\/\/v.kauko.org\/wp-content\/uploads\/jyvas_ilmakuva_roni_merk.png\" alt=\"\" title=\"Ilmakuva\" class=\"alignnone size-full wp-image-3029\" srcset=\"https:\/\/v.kauko.org\/wp-content\/uploads\/jyvas_ilmakuva_roni_merk.png 732w, https:\/\/v.kauko.org\/wp-content\/uploads\/jyvas_ilmakuva_roni_merk-300x256.png 300w\" sizes=\"auto, (max-width: 732px) 100vw, 732px\" \/><\/a> <a href=\"http:\/\/kartta.jkl.fi\/ims\">Kaupungin karttapalvelun<\/a> tuottamaan ilmakuvaan on merkitty viitteellisesti kuvien ottopaikat oranssein numeroin.<\/p>\n<p>Keuruuntien ja Ronsuntaipaleentien varsilta mets\u00e4\u00e4 on kaadettu viel\u00e4kin rankemmin ottein. Se on oman juttunsa aihe&#8230;<\/p>\n","protected":false},"excerpt":{"rendered":"<p>Myllyj\u00e4rvell\u00e4 ja Roninm\u00e4ess\u00e4 on hakattu kaupunkimetsi\u00e4. Satavuotiaita kuusia on kaadettu uusia taimia varjostamasta. Onko t\u00e4m\u00e4 kest\u00e4v\u00e4\u00e4 mets\u00e4n hoitoa ja uudistusta vai monimuotoisuuden tuhoamista?<\/p>\n","protected":false},"author":1,"featured_media":0,"comment_status":"open","ping_status":"open","sticky":false,"template":"","format":"standard","meta":{"footnotes":""},"categories":[10,75,73],"tags":[],"class_list":["post-2991","post","type-post","status-publish","format-standard","hentry","category-luonto","category-maankaytto-ja-kaavoitus","category-ymparistovaikutukset"],"_links":{"self":[{"href":"https:\/\/v.kauko.org\/index.php?rest_route=\/wp\/v2\/posts\/2991","targetHints":{"allow":["GET"]}}],"collection":[{"href":"https:\/\/v.kauko.org\/index.php?rest_route=\/wp\/v2\/posts"}],"about":[{"href":"https:\/\/v.kauko.org\/index.php?rest_route=\/wp\/v2\/types\/post"}],"author":[{"embeddable":true,"href":"https:\/\/v.kauko.org\/index.php?rest_route=\/wp\/v2\/users\/1"}],"replies":[{"embeddable":true,"href":"https:\/\/v.kauko.org\/index.php?rest_route=%2Fwp%2Fv2%2Fcomments&post=2991"}],"version-history":[{"count":27,"href":"https:\/\/v.kauko.org\/index.php?rest_route=\/wp\/v2\/posts\/2991\/revisions"}],"predecessor-version":[{"id":3037,"href":"https:\/\/v.kauko.org\/index.php?rest_route=\/wp\/v2\/posts\/2991\/revisions\/3037"}],"wp:attachment":[{"href":"https:\/\/v.kauko.org\/index.php?rest_route=%2Fwp%2Fv2%2Fmedia&parent=2991"}],"wp:term":[{"taxonomy":"category","embeddable":true,"href":"https:\/\/v.kauko.org\/index.php?rest_route=%2Fwp%2Fv2%2Fcategories&post=2991"},{"taxonomy":"post_tag","embeddable":true,"href":"https:\/\/v.kauko.org\/index.php?rest_route=%2Fwp%2Fv2%2Ftags&post=2991"}],"curies":[{"name":"wp","href":"https:\/\/api.w.org\/{rel}","templated":true}]}}