{"id":2949,"date":"2013-12-19T12:04:44","date_gmt":"2013-12-19T10:04:44","guid":{"rendered":"http:\/\/v.kauko.org\/?p=2949"},"modified":"2013-12-19T12:09:38","modified_gmt":"2013-12-19T10:09:38","slug":"aijalanranta-rakentuu","status":"publish","type":"post","link":"https:\/\/v.kauko.org\/?p=2949","title":{"rendered":"\u00c4ij\u00e4l\u00e4nranta rakentuu"},"content":{"rendered":"<p><a href=\"https:\/\/v.kauko.org\/wp-content\/uploads\/800-v131218_030.jpg\"><img decoding=\"async\" src=\"https:\/\/v.kauko.org\/wp-content\/uploads\/800-v131218_030.jpg\" alt=\"\" title=\"N\u00e4kym\u00e4 Halssilan uimarannan suunnasta\" width=\"110\" class=\"alignleft size-full wp-image-2959\" srcset=\"https:\/\/v.kauko.org\/wp-content\/uploads\/800-v131218_030.jpg 800w, https:\/\/v.kauko.org\/wp-content\/uploads\/800-v131218_030-300x199.jpg 300w\" sizes=\"(max-width: 800px) 100vw, 800px\" \/><\/a>\u00c4ij\u00e4l\u00e4nrantaan nousee vauhdikkaasti uusi kaupunginosa. Ensi kes\u00e4n\u00e4 siell\u00e4 on <a href=\"http:\/\/www.asuntomessut.fi\/jyvaskyla-2014\">asuntomessut.<\/a><!--more--><\/p>\n<p><a href=\"https:\/\/v.kauko.org\/wp-content\/uploads\/1000-v120918_009-vr.jpg\"><img loading=\"lazy\" decoding=\"async\" width=\"1000\" height=\"668\" src=\"https:\/\/v.kauko.org\/wp-content\/uploads\/1000-v120918_009-vr.jpg\" alt=\"\" title=\"N\u00e4kym\u00e4 Harjun tornista\" class=\"alignnone size-full wp-image-2958\" srcset=\"https:\/\/v.kauko.org\/wp-content\/uploads\/1000-v120918_009-vr.jpg 1000w, https:\/\/v.kauko.org\/wp-content\/uploads\/1000-v120918_009-vr-300x200.jpg 300w\" sizes=\"auto, (max-width: 1000px) 100vw, 1000px\" \/><\/a><br \/>\nHarjun tornista syksyll\u00e4 2012 otetussa kuvassa \u00c4ij\u00e4l\u00e4nranta on vehre\u00e4\u00e4 rantaluhtaa Jyv\u00e4sj\u00e4rven vastarannalla. Vasemmalla n\u00e4kyy Rauhalahden voimala savupiippuineen, oikealla m\u00e4nnynlatvojen v\u00e4liss\u00e4 \u00c4ij\u00e4l\u00e4nsalmen silta. Tornitalo nousee rantaan suunnilleen Innova-tornin oikealla puolella n\u00e4kyv\u00e4n mustavalkoisen tolpan kohdalle. (Kuvat suurenevat klikkaamalla.)<\/p>\n<p><a href=\"https:\/\/v.kauko.org\/wp-content\/uploads\/jyvas_ilmakuva2012_reng.png\"><img loading=\"lazy\" decoding=\"async\" width=\"1110\" height=\"649\" src=\"https:\/\/v.kauko.org\/wp-content\/uploads\/jyvas_ilmakuva2012_reng.png\" alt=\"\" title=\"jyvas_ilmakuva2012_reng\" class=\"alignnone size-full wp-image-2978\" srcset=\"https:\/\/v.kauko.org\/wp-content\/uploads\/jyvas_ilmakuva2012_reng.png 1110w, https:\/\/v.kauko.org\/wp-content\/uploads\/jyvas_ilmakuva2012_reng-300x175.png 300w, https:\/\/v.kauko.org\/wp-content\/uploads\/jyvas_ilmakuva2012_reng-1024x598.png 1024w\" sizes=\"auto, (max-width: 1110px) 100vw, 1110px\" \/><\/a><br \/>\n<a href=\"http:\/\/kartta.jkl.fi\/ims\">Jyv\u00e4skyl\u00e4n karttapalvelun<\/a> ilmakuvaan (12.5.2012) on merkitty punaisilla renkailla Harjun torni, Rauhalahden voimala ja \u00c4ij\u00e4l\u00e4nsalmen silta. Keltaisen renkaan kohdalla on nyt rakenteilla oleva tornitalo.<\/p>\n<p><a href=\"https:\/\/v.kauko.org\/wp-content\/uploads\/900-v130122_012-vr.jpg\"><img loading=\"lazy\" decoding=\"async\" width=\"900\" height=\"514\" src=\"https:\/\/v.kauko.org\/wp-content\/uploads\/900-v130122_012-vr.jpg\" alt=\"\" title=\"Ensimm\u00e4iset talot\" class=\"alignnone size-full wp-image-2951\" srcset=\"https:\/\/v.kauko.org\/wp-content\/uploads\/900-v130122_012-vr.jpg 900w, https:\/\/v.kauko.org\/wp-content\/uploads\/900-v130122_012-vr-300x171.jpg 300w\" sizes=\"auto, (max-width: 900px) 100vw, 900px\" \/><\/a><br \/>\nTalvella Jyv\u00e4sj\u00e4rven j\u00e4\u00e4lt\u00e4 otetussa kuvassa ensimm\u00e4iset kerrostalot h\u00e4\u00e4m\u00f6tt\u00e4v\u00e4t rantaluhdan ja voimalan v\u00e4liss\u00e4.<\/p>\n<p><a href=\"https:\/\/v.kauko.org\/wp-content\/uploads\/900-v130531_026-vr.jpg\"><img loading=\"lazy\" decoding=\"async\" width=\"900\" height=\"602\" src=\"https:\/\/v.kauko.org\/wp-content\/uploads\/900-v130531_026-vr.jpg\" alt=\"\" title=\"N\u00e4kym\u00e4 Jyv\u00e4sj\u00e4rvelt\u00e4\"  class=\"alignnone size-full wp-image-2954\" srcset=\"https:\/\/v.kauko.org\/wp-content\/uploads\/900-v130531_026-vr.jpg 900w, https:\/\/v.kauko.org\/wp-content\/uploads\/900-v130531_026-vr-300x200.jpg 300w\" sizes=\"auto, (max-width: 900px) 100vw, 900px\" \/><\/a><\/p>\n<p><a href=\"https:\/\/v.kauko.org\/wp-content\/uploads\/900-v130531_009.jpg\"><img loading=\"lazy\" decoding=\"async\" width=\"900\" height=\"599\" src=\"https:\/\/v.kauko.org\/wp-content\/uploads\/900-v130531_009.jpg\" alt=\"\" title=\"Tornitalo puolessav\u00e4liss\u00e4\"  class=\"alignnone size-full wp-image-2953\" srcset=\"https:\/\/v.kauko.org\/wp-content\/uploads\/900-v130531_009.jpg 900w, https:\/\/v.kauko.org\/wp-content\/uploads\/900-v130531_009-300x199.jpg 300w\" sizes=\"auto, (max-width: 900px) 100vw, 900px\" \/><\/a><br \/>\nToukokuussa Rhea-laivalta otetuissa kuvissa tornitalo on noussut l\u00e4hes puoleenv\u00e4liin.<\/p>\n<p><a href=\"https:\/\/v.kauko.org\/wp-content\/uploads\/900-v130607_025.jpg\"><img loading=\"lazy\" decoding=\"async\" width=\"900\" height=\"600\" src=\"https:\/\/v.kauko.org\/wp-content\/uploads\/900-v130607_025.jpg\" alt=\"\" title=\"Tornitalo puolessav\u00e4liss\u00e4\"  class=\"alignnone size-full wp-image-2956\" srcset=\"https:\/\/v.kauko.org\/wp-content\/uploads\/900-v130607_025.jpg 900w, https:\/\/v.kauko.org\/wp-content\/uploads\/900-v130607_025-300x200.jpg 300w\" sizes=\"auto, (max-width: 900px) 100vw, 900px\" \/><\/a><br \/>\nViikossa tornitalo on kasvanut pari kerrosta lis\u00e4\u00e4. <\/p>\n<p><a href=\"https:\/\/v.kauko.org\/wp-content\/uploads\/900-v130607_023.jpg\"><img loading=\"lazy\" decoding=\"async\" width=\"900\" height=\"600\" src=\"https:\/\/v.kauko.org\/wp-content\/uploads\/900-v130607_023.jpg\" alt=\"\" title=\"900-v130607_023\"  class=\"alignnone size-full wp-image-2955\" srcset=\"https:\/\/v.kauko.org\/wp-content\/uploads\/900-v130607_023.jpg 900w, https:\/\/v.kauko.org\/wp-content\/uploads\/900-v130607_023-300x200.jpg 300w\" sizes=\"auto, (max-width: 900px) 100vw, 900px\" \/><\/a><br \/>\nEnsimm\u00e4inen talo on saanut v\u00e4ri\u00e4 pintaan.<\/p>\n<p><a href=\"https:\/\/v.kauko.org\/wp-content\/uploads\/800-v131218_030.jpg\"><img loading=\"lazy\" decoding=\"async\" width=\"800\" height=\"533\" src=\"https:\/\/v.kauko.org\/wp-content\/uploads\/800-v131218_030.jpg\" alt=\"\" title=\"N\u00e4kym\u00e4 Halssilan uimarannan suunnasta\" class=\"alignnone size-full wp-image-2959\" srcset=\"https:\/\/v.kauko.org\/wp-content\/uploads\/800-v131218_030.jpg 800w, https:\/\/v.kauko.org\/wp-content\/uploads\/800-v131218_030-300x199.jpg 300w\" sizes=\"auto, (max-width: 800px) 100vw, 800px\" \/><\/a><br \/>\nJoulukuussa tornitalo on harjakorkeudessa.<\/p>\n<p><a href=\"https:\/\/v.kauko.org\/wp-content\/uploads\/800-v131218_038.jpg\"><img loading=\"lazy\" decoding=\"async\" width=\"800\" height=\"533\" src=\"https:\/\/v.kauko.org\/wp-content\/uploads\/800-v131218_038.jpg\" alt=\"\" title=\"Tornitalo\"  class=\"alignnone size-full wp-image-2960\" srcset=\"https:\/\/v.kauko.org\/wp-content\/uploads\/800-v131218_038.jpg 800w, https:\/\/v.kauko.org\/wp-content\/uploads\/800-v131218_038-300x199.jpg 300w\" sizes=\"auto, (max-width: 800px) 100vw, 800px\" \/><\/a><\/p>\n<p><a href=\"https:\/\/v.kauko.org\/wp-content\/uploads\/800-v131218_050.jpg\"><img loading=\"lazy\" decoding=\"async\" width=\"800\" height=\"533\" src=\"https:\/\/v.kauko.org\/wp-content\/uploads\/800-v131218_050.jpg\" alt=\"\" title=\"ex-rantaluhta\"  class=\"alignnone size-full wp-image-2963\" srcset=\"https:\/\/v.kauko.org\/wp-content\/uploads\/800-v131218_050.jpg 800w, https:\/\/v.kauko.org\/wp-content\/uploads\/800-v131218_050-300x199.jpg 300w\" sizes=\"auto, (max-width: 800px) 100vw, 800px\" \/><\/a><br \/>\nRakennust\u00f6iden ohessa rantaluhtaan kaavoitetulta luonnonsuojelualueeltakin kaadettiin marraskuussa puita ja pensaita luvattomasti &#8221;vahingossa&#8221; (?).<br \/>\n<a href=\"https:\/\/v.kauko.org\/wp-content\/uploads\/KSML_131121_003.jpg\"><img decoding=\"async\" src=\"https:\/\/v.kauko.org\/wp-content\/uploads\/KSML_131121_003.jpg\" alt=\"\" title=\"KSML_131121_003\" height=\"130\" class=\"alignnone size-full wp-image-2980\" srcset=\"https:\/\/v.kauko.org\/wp-content\/uploads\/KSML_131121_003.jpg 1000w, https:\/\/v.kauko.org\/wp-content\/uploads\/KSML_131121_003-300x144.jpg 300w\" sizes=\"(max-width: 1000px) 100vw, 1000px\" \/><\/a> <a href=\"https:\/\/v.kauko.org\/wp-content\/uploads\/KSML-131113.jpg\"><img decoding=\"async\" src=\"https:\/\/v.kauko.org\/wp-content\/uploads\/KSML-131113.jpg\" alt=\"\" title=\"KSML-131113\" height=\"130\" class=\"alignnone size-full wp-image-2979\" \/><\/a><br \/>\nEilen <a href=\"http:\/\/www3.jkl.fi\/paatokset\/rakympltk\/2013\/18121630.1\/frmtxt134.htm\">Rakennus- ja ymp\u00e4rist\u00f6lautakunnassa<\/a> esitys rikosilmoituksen tekemisest\u00e4 poliisille h\u00e4visi \u00e4\u00e4nestyksess\u00e4. Lautakunta vain p\u00e4\u00e4tti selvitytt\u00e4\u00e4, miten vastaavilta tuhot\u00f6ilt\u00e4 voitaisiin vastaisuudessa v\u00e4ltty\u00e4&#8230; <\/p>\n<p><a href=\"https:\/\/v.kauko.org\/wp-content\/uploads\/800-v131218_053.jpg\"><img loading=\"lazy\" decoding=\"async\" width=\"800\" height=\"533\" src=\"https:\/\/v.kauko.org\/wp-content\/uploads\/800-v131218_053.jpg\" alt=\"\" title=\"\u00c4ij\u00e4l\u00e4nrannantie\"  class=\"alignnone size-full wp-image-2965\" srcset=\"https:\/\/v.kauko.org\/wp-content\/uploads\/800-v131218_053.jpg 800w, https:\/\/v.kauko.org\/wp-content\/uploads\/800-v131218_053-300x199.jpg 300w\" sizes=\"auto, (max-width: 800px) 100vw, 800px\" \/><\/a><br \/>\nRakennusty\u00f6mies kottik\u00e4rryineen \u00c4ij\u00e4l\u00e4nrannantiell\u00e4.<\/p>\n<p><a href=\"https:\/\/v.kauko.org\/wp-content\/uploads\/800-v131218_054.jpg\"><img loading=\"lazy\" decoding=\"async\" width=\"800\" height=\"533\" src=\"https:\/\/v.kauko.org\/wp-content\/uploads\/800-v131218_054.jpg\" alt=\"\" title=\"\u00c4ij\u00e4l\u00e4nrannantie\" class=\"alignnone size-full wp-image-2966\" srcset=\"https:\/\/v.kauko.org\/wp-content\/uploads\/800-v131218_054.jpg 800w, https:\/\/v.kauko.org\/wp-content\/uploads\/800-v131218_054-300x199.jpg 300w\" sizes=\"auto, (max-width: 800px) 100vw, 800px\" \/><\/a><br \/>\nEnsimm\u00e4isiss\u00e4 taloissa asutaan jo.<\/p>\n<p><a href=\"https:\/\/v.kauko.org\/wp-content\/uploads\/800-v131218_055.jpg\"><img loading=\"lazy\" decoding=\"async\" width=\"800\" height=\"533\" src=\"https:\/\/v.kauko.org\/wp-content\/uploads\/800-v131218_055.jpg\" alt=\"\" title=\"\u00c4ij\u00e4l\u00e4nrannantie\" class=\"alignnone size-full wp-image-2967\" srcset=\"https:\/\/v.kauko.org\/wp-content\/uploads\/800-v131218_055.jpg 800w, https:\/\/v.kauko.org\/wp-content\/uploads\/800-v131218_055-300x199.jpg 300w\" sizes=\"auto, (max-width: 800px) 100vw, 800px\" \/><\/a><\/p>\n<p><a href=\"https:\/\/v.kauko.org\/wp-content\/uploads\/800-v131218_057.jpg\"><img loading=\"lazy\" decoding=\"async\" width=\"800\" height=\"533\" src=\"https:\/\/v.kauko.org\/wp-content\/uploads\/800-v131218_057.jpg\" alt=\"\" title=\"800-v131218_057\"  class=\"alignnone size-full wp-image-2968\" srcset=\"https:\/\/v.kauko.org\/wp-content\/uploads\/800-v131218_057.jpg 800w, https:\/\/v.kauko.org\/wp-content\/uploads\/800-v131218_057-300x199.jpg 300w\" sizes=\"auto, (max-width: 800px) 100vw, 800px\" \/><\/a><br \/>\n\u00c4ij\u00e4l\u00e4n vanhat talot saavat paljon uusia naapureita.<\/p>\n<p><a href=\"https:\/\/v.kauko.org\/wp-content\/uploads\/800-v131218_058.jpg\"><img loading=\"lazy\" decoding=\"async\" width=\"800\" height=\"533\" src=\"https:\/\/v.kauko.org\/wp-content\/uploads\/800-v131218_058.jpg\" alt=\"\" title=\"\u00c4ij\u00e4l\u00e4nrannan k\u00e4velysilta\" class=\"alignnone size-full wp-image-2969\" srcset=\"https:\/\/v.kauko.org\/wp-content\/uploads\/800-v131218_058.jpg 800w, https:\/\/v.kauko.org\/wp-content\/uploads\/800-v131218_058-300x199.jpg 300w\" sizes=\"auto, (max-width: 800px) 100vw, 800px\" \/><\/a><br \/>\nKaarisilta on hahmollaan, mutta kaiteet puuttuvat.<\/p>\n<p><a href=\"https:\/\/v.kauko.org\/wp-content\/uploads\/800-v131218_064.jpg\"><img loading=\"lazy\" decoding=\"async\" width=\"800\" height=\"533\" src=\"https:\/\/v.kauko.org\/wp-content\/uploads\/800-v131218_064.jpg\" alt=\"\" title=\"\u00c4ij\u00e4l\u00e4nrannan k\u00e4velysilta\" class=\"alignnone size-full wp-image-2970\" srcset=\"https:\/\/v.kauko.org\/wp-content\/uploads\/800-v131218_064.jpg 800w, https:\/\/v.kauko.org\/wp-content\/uploads\/800-v131218_064-300x199.jpg 300w\" sizes=\"auto, (max-width: 800px) 100vw, 800px\" \/><\/a><\/p>\n","protected":false},"excerpt":{"rendered":"<p>\u00c4ij\u00e4l\u00e4nrantaan nousee vauhdikkaasti uusi kaupunginosa. Ensi kes\u00e4n\u00e4 siell\u00e4 on asuntomessut.<\/p>\n","protected":false},"author":1,"featured_media":0,"comment_status":"open","ping_status":"open","sticky":false,"template":"","format":"standard","meta":{"footnotes":""},"categories":[75],"tags":[],"class_list":["post-2949","post","type-post","status-publish","format-standard","hentry","category-maankaytto-ja-kaavoitus"],"_links":{"self":[{"href":"https:\/\/v.kauko.org\/index.php?rest_route=\/wp\/v2\/posts\/2949","targetHints":{"allow":["GET"]}}],"collection":[{"href":"https:\/\/v.kauko.org\/index.php?rest_route=\/wp\/v2\/posts"}],"about":[{"href":"https:\/\/v.kauko.org\/index.php?rest_route=\/wp\/v2\/types\/post"}],"author":[{"embeddable":true,"href":"https:\/\/v.kauko.org\/index.php?rest_route=\/wp\/v2\/users\/1"}],"replies":[{"embeddable":true,"href":"https:\/\/v.kauko.org\/index.php?rest_route=%2Fwp%2Fv2%2Fcomments&post=2949"}],"version-history":[{"count":15,"href":"https:\/\/v.kauko.org\/index.php?rest_route=\/wp\/v2\/posts\/2949\/revisions"}],"predecessor-version":[{"id":2988,"href":"https:\/\/v.kauko.org\/index.php?rest_route=\/wp\/v2\/posts\/2949\/revisions\/2988"}],"wp:attachment":[{"href":"https:\/\/v.kauko.org\/index.php?rest_route=%2Fwp%2Fv2%2Fmedia&parent=2949"}],"wp:term":[{"taxonomy":"category","embeddable":true,"href":"https:\/\/v.kauko.org\/index.php?rest_route=%2Fwp%2Fv2%2Fcategories&post=2949"},{"taxonomy":"post_tag","embeddable":true,"href":"https:\/\/v.kauko.org\/index.php?rest_route=%2Fwp%2Fv2%2Ftags&post=2949"}],"curies":[{"name":"wp","href":"https:\/\/api.w.org\/{rel}","templated":true}]}}