{"id":274,"date":"2010-06-24T18:29:21","date_gmt":"2010-06-24T16:29:21","guid":{"rendered":"http:\/\/v.kauko.org\/?p=274"},"modified":"2012-06-17T13:55:15","modified_gmt":"2012-06-17T11:55:15","slug":"rikolliset-mielipiteet","status":"publish","type":"post","link":"https:\/\/v.kauko.org\/?p=274","title":{"rendered":"Rikolliset mielipiteet?"},"content":{"rendered":"<blockquote><p>Lakiluonnoksessa m\u00e4\u00e4ritell\u00e4\u00e4n &#8221;rasistisiksi rikoksiksi&#8221; ihmisiin kohdistuvan syrjinn\u00e4n ja v\u00e4kivallan lis\u00e4ksi mielipiteenilmaisut ja v\u00e4\u00e4r\u00e4nlaiset tiedot, jopa sellaisiin linkitt\u00e4minen. Yli 40 vihre\u00e4\u00e4 aktiivia kehottaa j\u00e4tt\u00e4m\u00e4\u00e4n tilaa sananvapaudelle.\n<\/p><\/blockquote>\n<p><!--more--><\/p>\n<p>Nyky\u00e4\u00e4n t\u00f6rm\u00e4\u00e4 v\u00e4h\u00e4n v\u00e4li\u00e4 toinen toistaan kauheampiin hankkeisiin, joiden puolustajilla on mit\u00e4 parhaimmat ja ylevimm\u00e4t tavoitteet ja motiivit. Lasten suojelun, terrorisminvastaisen taistelun tai tasa-arvon puolustamisen nimiss\u00e4 s\u00e4\u00e4det\u00e4\u00e4n lakeja, jotka murentavat vapaan yhteiskunnan peruskivi\u00e4, sananvapautta ja yksityisyyden suojaa. <\/p>\n<p>Yksi t\u00e4llainen hanke on oikeusministeri\u00f6ss\u00e4 valmisteltu <a href=\"http:\/\/www.om.fi\/1247668342834\">lakiehdotus<\/a>, jossa &#8221;rasistisiksi rikoksiksi&#8221; m\u00e4\u00e4ritell\u00e4\u00e4n ihmisiin kohdistuvan syrjinn\u00e4n ja v\u00e4kivallan lis\u00e4ksi kuin puolivahingossa my\u00f6s mielipiteenilmaisut. <\/p>\n<p>Tutustuin mietint\u00f6\u00f6n talvella, kun Effiss\u00e4 laadittiin siit\u00e4 <a href=\"http:\/\/www.effi.org\/julkaisut\/tiedotteet\/nettirasismityoryhma-20100121.html\">tiedote<\/a> ja <a href=\"http:\/\/www.effi.org\/julkaisut\/lausunnot\/rasistiset-rikokset-lausunto-20100315.html\">lausunto<\/a>. Huhtikuussa p\u00e4\u00e4sin asiasta <a href=\"https:\/\/v.kauko.org\/?p=419\">haastateltavaksi<\/a> Nelosen Uutisiin.<\/p>\n<p>Useimmat Vihre\u00e4t taisivat kuulla asiasta ensimm\u00e4ist\u00e4 kertaa, kun sen sis\u00e4lt\u00e4mist\u00e4 linkityskiellosta ja yhdistysten rangaistusvastuun laajentamisesta uutisoitiin toukokuussa mm. <a href=\"http:\/\/yle.fi\/uutiset\/teksti\/kotimaa\/2010\/05\/uusi_laki_rasistisista_rikoksista_herattaa_pelkoja_sananvapauden_kaventumisesta_1712098.html?browserArticleId=1712098&#038;defaultArticleId=1712098&#038;wireframe=text&#038;pageNumber=4\">YLEn Aamu-tv:ss\u00e4<\/a>. <a href=\"http:\/\/www.aamulehti.fi\/uutiset\/kotimaa\/179545.shtml\">Aamulehden tulkinta<\/a> oli hiukan liioiteltu, vaikka mietinn\u00f6ss\u00e4 on kyll\u00e4 liioittelemattakin aika hiuksianostattavia kohtia, esim. &#8221;tieto voi t\u00e4ytt\u00e4\u00e4 rikoksen tunnusmerkist\u00f6n&#8221; (s. 53). <\/p>\n<p>Lakiluonnoksen ja sen perustelujen kummallisuuksista k\u00e4ytiin Vihreiden keskuudessa vilkasta keskustelua, jonka innoittamana kirjoitettiin <a href=\"http:\/\/antti-juhani.kaijanaho.fi\/sananvapauskirje\">avoin kirje<\/a> puoluejohdolle, kansanedustajille ja oikeusministerille. Olen yksi reilusta nelj\u00e4st\u00e4kymmenest\u00e4 <a href=\"http:\/\/antti-juhani.kaijanaho.fi\/sananvapauskirje\/#allek\">allekirjoittajasta<\/a>. Vihreiksi ihmisoikeusaktivisteiksi tunnustautuvat voivat yh\u00e4 liitty\u00e4 allekirjoittajien joukkoon. Marko Kivel\u00e4n <a href=\"http:\/\/markok.blogit.uusisuomi.fi\/2010\/06\/23\/vihreat-aktiivit-torjuvat-sananvapautta-rajoittavan-lain\/\">US-blogissa<\/a> kirjett\u00e4 on kommentoitukin.<\/p>\n<p>* * * <\/p>\n<h3>Arvoisat Vihre\u00e4t p\u00e4\u00e4tt\u00e4j\u00e4t!<\/h3>\n<p>Oikeusministeri\u00f6n Rasistiset rikokset -ty\u00f6ryhm\u00e4 on valmistellut lakimuutosesityksi\u00e4, joiden tavoitteena on edist\u00e4\u00e4 eri kansanryhmien tasavertaista kohtelua ja torjua syrjint\u00e4\u00e4. Me <a href=\"http:\/\/antti-juhani.kaijanaho.fi\/sananvapauskirje\/#allek\">allekirjoittaneet<\/a> kannatamme l\u00e4mpim\u00e4sti t\u00e4t\u00e4 tavoitetta.<\/p>\n<p>Olemme kuitenkin huolestuneet siit\u00e4, ett\u00e4 nyt ollaan ep\u00e4huomiossa s\u00e4\u00e4t\u00e4m\u00e4ss\u00e4 lakeja, jotka ovat tavoitteen kannalta tehottomia tai suorastaan haitallisia ja lis\u00e4ksi rajoittavat kaikkien kansalaisten perusoikeuksia oikeusvaltion periaatteiden vastaisesti. Hyv\u00e4k\u00e4\u00e4n tarkoitus ei pyhit\u00e4 keinoja.<\/p>\n<p>Me allekirjoittaneet vaadimmekin, ett\u00e4 lakiesitys on palautettava huomattavasti huolellisempaan valmisteluun.<\/p>\n<h4>Uhkailu on rikos, mielipide ei<\/h4>\n<p>Erityisen ongelmallinen on ty\u00f6ryhm\u00e4n muistiossa toistuvasti ilmaistu ajatus, jonka mukaan jokin tieto tai mielipide voisi itsess\u00e4\u00e4n t\u00e4ytt\u00e4\u00e4 rikoksen tunnusmerkist\u00f6n.<\/p>\n<p>Perustuslain ja kansainv\u00e4listen ihmisoikeussopimusten takaama sananvapaus suojaa my\u00f6s ja erityisesti kiistanalaisia ja monien mielest\u00e4 vastenmielisi\u00e4 n\u00e4kemyksi\u00e4. My\u00f6s rasistisia mielipiteit\u00e4, vaikka me pid\u00e4mme niit\u00e4 v\u00e4\u00e4rin\u00e4. Niit\u00e4 on voitava vapaasti esitt\u00e4\u00e4 \u2013 ja my\u00f6s keskustelemalla ja argumentoimalla vastustaa.<\/p>\n<p>Ihmisiin kohdistuva syrjint\u00e4, h\u00e4irint\u00e4, ilkivalta, v\u00e4kivalta, niill\u00e4 uhkailu ja niihin julkinen kehottaminen, kunnianloukkaus ja muut senkaltaiset teot sen sijaan ovat tietenkin rangaistavia rikoksia. N\u00e4it\u00e4 ei kuitenkaan pid\u00e4 samaistaa pelkk\u00e4\u00e4n mielipiteiden ilmaisuun.<\/p>\n<p>Rasististen lausuntojen kriminalisointi ei v\u00e4henn\u00e4 rasistisia asenteita, vaan pikemminkin harhaluulot voivat j\u00e4\u00e4d\u00e4 el\u00e4m\u00e4\u00e4n omaa el\u00e4m\u00e4\u00e4ns\u00e4 ja niihin perustuvat asenteet jyrkenty\u00e4 ei-julkisissa keskusteluissa. Rasisteille ei pid\u00e4 antaa sananvapauden marttyyrin kruunua.<\/p>\n<p>Ohjenuorana olisikin pidett\u00e4v\u00e4 Voltairen nimiss\u00e4 kulkevaa lausetta: &#8221;Vastustan sit\u00e4, mit\u00e4 sanoit, mutta puolustan kuolemaani asti oikeuttasi sanoa se.&#8221;<\/p>\n<h4>Joidenkin sana on vapaampi kuin toisten?<\/h4>\n<p>Kansanryhm\u00e4\u00e4 vastaan kiihottaminen on jo voimassaolevassakin laissa m\u00e4\u00e4ritelty turhan laveasti, kun &#8221;panetteluksi ja solvaukseksi&#8221; voidaan tulkita l\u00e4hes mik\u00e4 tahansa negatiiviss\u00e4vyinen lausunto.<\/p>\n<p>Ihmiset saavat tuomita sanoillaan mit\u00e4 vain, vaikkapa kommunistien luokkavihapuheen, mutta valtio ei saa rangaista poliittisesta puheesta, ellei se ole esimerkiksi yllytyst\u00e4 v\u00e4kivaltaan.<\/p>\n<p>Kiihotuspyk\u00e4l\u00e4\u00e4n esitet\u00e4\u00e4n nyt lis\u00e4tt\u00e4v\u00e4ksi momentti, jota perustellaan sananvapauden turvaamisella tieteen, taiteen ja journalismin kaltaisessa toiminnassa. Mutta perustuslain mukaan sananvapaus kuuluu kaikille; vai onko ideana, ett\u00e4 tavallisen ihmisen sananvapautta voidaan rajoittaa enemm\u00e4n kuin taiteilijoiden?<\/p>\n<p>Kansanryhmi\u00e4 koskevien yleist\u00e4vien v\u00e4itteiden tieteellisen p\u00e4tevyyden tai kansanryhm\u00e4\u00e4 kuvaavan teoksen taiteellisen hyv\u00e4ksytt\u00e4vyyden arviointi ei voi kuulua tuomioistuimille.<\/p>\n<p>Perustuslain mukaan sananvapauden rajoitusten on oltava hyvin perusteltuja ja tarkkarajaisia. T\u00e4ss\u00e4 muistiossa kiellet\u00e4\u00e4n summittainen rykelm\u00e4 sananvapauden k\u00e4ytt\u00f6\u00e4 ja sitten erikseen korjataan sallituiksi vain kirjoittajien mieleen tulleet poikkeukset.<\/p>\n<h4>Suomi matkalla Kiinaan?<\/h4>\n<p>Ty\u00f6ryhm\u00e4 esitt\u00e4\u00e4 kriminalisoitavaksi my\u00f6s linkitt\u00e4misen &#8221;rasistista kiihottamista&#8221; sis\u00e4lt\u00e4v\u00e4lle nettisivustolle, t\u00e4sment\u00e4m\u00e4tt\u00e4 linkitt\u00e4misen tarkoitusta ja kontekstia.<\/p>\n<p>Kansalaisten \u2013 muidenkin kuin juristien \u2013 tulisi voida ennalta tiet\u00e4\u00e4 kohtuullisen tarkasti, millainen sananvapauden k\u00e4ytt\u00f6 on sallittua ja millainen kielletty\u00e4. Tulkinnanvaraisia lakeja sovellettaessa helposti kohdellaan v\u00e4hemmist\u00f6mielipiteit\u00e4 ankarammin.<\/p>\n<p>Ellei Suomi pid\u00e4 kiinni omista ihmisoikeuksistaan, ei se voi uskottavasti vaatia niiden noudattamista my\u00f6sk\u00e4\u00e4n Kiinan ja Iranin kaltaisilta mailta, joissa hallituksen kanssa eri mielt\u00e4 oleminen on vankeudella ja jopa kuolemalla rangaistava rikos. Rasismin kriminalisoinnista on yll\u00e4tt\u00e4v\u00e4n lyhyt askel hallituksen politiikan kritisoinnin kriminalisointiin.<\/p>\n<p>Me <a href=\"http:\/\/antti-juhani.kaijanaho.fi\/sananvapauskirje\/#allek\">allekirjoittaneet<\/a> Vihre\u00e4t ihmisoikeusaktivistit toivomme, ett\u00e4 Vihre\u00e4 liitto toimii hallituksessa aktiivisesti nyt esitetyn kaltaisten, mielipiteen ja tiedon vapautta uhkaavien lakien korjaamiseksi. <\/p>\n<p>* * *<\/p>\n<p>EDIT 26.1.2011:<br \/>\nMietint\u00f6 on edennyt hallituksen <a href=\"http:\/\/www.eduskunta.fi\/valtiopaivaasiat\/HE+317\/2010\">lakiesitykseksi.<\/a> <\/p>\n","protected":false},"excerpt":{"rendered":"<p>Lakiluonnoksessa m\u00e4\u00e4ritell\u00e4\u00e4n &#8221;rasistisiksi rikoksiksi&#8221; ihmisiin kohdistuvan syrjinn\u00e4n ja v\u00e4kivallan lis\u00e4ksi mielipiteenilmaisut ja v\u00e4\u00e4r\u00e4nlaiset tiedot, jopa sellaisiin linkitt\u00e4minen. Yli 40 vihre\u00e4\u00e4 aktiivia kehottaa j\u00e4tt\u00e4m\u00e4\u00e4n tilaa sananvapaudelle.<\/p>\n","protected":false},"author":1,"featured_media":0,"comment_status":"open","ping_status":"open","sticky":false,"template":"","format":"standard","meta":{"footnotes":""},"categories":[7,14,12],"tags":[15],"class_list":["post-274","post","type-post","status-publish","format-standard","hentry","category-politiikka","category-sananvapaus","category-yhteiskunta","tag-rasismi"],"_links":{"self":[{"href":"https:\/\/v.kauko.org\/index.php?rest_route=\/wp\/v2\/posts\/274","targetHints":{"allow":["GET"]}}],"collection":[{"href":"https:\/\/v.kauko.org\/index.php?rest_route=\/wp\/v2\/posts"}],"about":[{"href":"https:\/\/v.kauko.org\/index.php?rest_route=\/wp\/v2\/types\/post"}],"author":[{"embeddable":true,"href":"https:\/\/v.kauko.org\/index.php?rest_route=\/wp\/v2\/users\/1"}],"replies":[{"embeddable":true,"href":"https:\/\/v.kauko.org\/index.php?rest_route=%2Fwp%2Fv2%2Fcomments&post=274"}],"version-history":[{"count":26,"href":"https:\/\/v.kauko.org\/index.php?rest_route=\/wp\/v2\/posts\/274\/revisions"}],"predecessor-version":[{"id":1665,"href":"https:\/\/v.kauko.org\/index.php?rest_route=\/wp\/v2\/posts\/274\/revisions\/1665"}],"wp:attachment":[{"href":"https:\/\/v.kauko.org\/index.php?rest_route=%2Fwp%2Fv2%2Fmedia&parent=274"}],"wp:term":[{"taxonomy":"category","embeddable":true,"href":"https:\/\/v.kauko.org\/index.php?rest_route=%2Fwp%2Fv2%2Fcategories&post=274"},{"taxonomy":"post_tag","embeddable":true,"href":"https:\/\/v.kauko.org\/index.php?rest_route=%2Fwp%2Fv2%2Ftags&post=274"}],"curies":[{"name":"wp","href":"https:\/\/api.w.org\/{rel}","templated":true}]}}