{"id":2688,"date":"2013-06-30T23:23:14","date_gmt":"2013-06-30T21:23:14","guid":{"rendered":"http:\/\/v.kauko.org\/?p=2688"},"modified":"2013-07-23T12:06:59","modified_gmt":"2013-07-23T10:06:59","slug":"keskikesaluontoa","status":"publish","type":"post","link":"https:\/\/v.kauko.org\/?p=2688","title":{"rendered":"Keskikes\u00e4luontoa"},"content":{"rendered":"<p><img decoding=\"async\" src=\"https:\/\/v.kauko.org\/wp-content\/uploads\/200-v130622_016-vrr.jpg\" alt=\"\" title=\"Joutsenenpoikaset\" height=\"110\" class=\"alignnone size-full wp-image-2711\" \/><\/a> <img decoding=\"async\" src=\"https:\/\/v.kauko.org\/wp-content\/uploads\/200-v130622_246-vr.jpg\" alt=\"\" title=\"Ruskohukankorento\" height=\"110\" class=\"alignnone size-full wp-image-2712\" \/> <img decoding=\"async\" src=\"https:\/\/v.kauko.org\/wp-content\/uploads\/200-v130626_038-vrr.jpg\" alt=\"\" title=\"Silkkiuikut\" height=\"110\" class=\"alignnone size-full wp-image-2713\" \/><br \/>\n<!--more--><\/p>\n<p><a href=\"https:\/\/v.kauko.org\/wp-content\/uploads\/900-v130622_004-vr.jpg\"><img decoding=\"async\" src=\"https:\/\/v.kauko.org\/wp-content\/uploads\/900-v130622_004-vr.jpg\" alt=\"\" title=\"Joutsenperhe Kotalammella #1 22.6.-13 - VIK\" width=\"440\" class=\"alignnone size-full wp-image-2690\" srcset=\"https:\/\/v.kauko.org\/wp-content\/uploads\/900-v130622_004-vr.jpg 900w, https:\/\/v.kauko.org\/wp-content\/uploads\/900-v130622_004-vr-300x199.jpg 300w\" sizes=\"(max-width: 900px) 100vw, 900px\" \/><\/a><br \/>\nKeltinm\u00e4en l\u00e4hi\u00f6joutsenten poikaset kuoriutuivat juhannusta edelt\u00e4v\u00e4ll\u00e4 viikolla. Paikallinen asukas tiesi kertoa, ett\u00e4 niit\u00e4 oli ollut viisi, mutta 22.6. niit\u00e4 oli nelj\u00e4 ja 26.6. en\u00e4\u00e4 kolme. Toivottavasti ne pysyv\u00e4t elossa!<\/p>\n<p><a href=\"https:\/\/v.kauko.org\/wp-content\/uploads\/900-v130622_016-vr.jpg\"><img decoding=\"async\" src=\"https:\/\/v.kauko.org\/wp-content\/uploads\/900-v130622_016-vr.jpg\" alt=\"\" title=\"Joutsenperhe Kotalammella #2 22.6.-13 - VIK\" width=\"440\"  class=\"alignnone size-full wp-image-2714\" srcset=\"https:\/\/v.kauko.org\/wp-content\/uploads\/900-v130622_016-vr.jpg 900w, https:\/\/v.kauko.org\/wp-content\/uploads\/900-v130622_016-vr-300x199.jpg 300w\" sizes=\"(max-width: 900px) 100vw, 900px\" \/><\/a><\/p>\n<p><a href=\"https:\/\/v.kauko.org\/wp-content\/uploads\/v130622_016-vrr.jpg\"><img decoding=\"async\" src=\"https:\/\/v.kauko.org\/wp-content\/uploads\/v130622_016-vrr.jpg\" alt=\"\" title=\"Joutsenenpoikaset Kotalammella 22.6.-13 - VIK\" width=\"440\" class=\"alignnone size-full wp-image-2715\" srcset=\"https:\/\/v.kauko.org\/wp-content\/uploads\/v130622_016-vrr.jpg 804w, https:\/\/v.kauko.org\/wp-content\/uploads\/v130622_016-vrr-300x225.jpg 300w\" sizes=\"(max-width: 804px) 100vw, 804px\" \/><\/a><\/p>\n<p><a href=\"https:\/\/v.kauko.org\/wp-content\/uploads\/900-v130622_132-vr.jpg\"><img decoding=\"async\" src=\"https:\/\/v.kauko.org\/wp-content\/uploads\/900-v130622_132-vr.jpg\" alt=\"\" title=\"Joutsenperhe Kotalammella #3 22.6.-13 - VIK\" width=\"440\" class=\"alignnone size-full wp-image-2694\" srcset=\"https:\/\/v.kauko.org\/wp-content\/uploads\/900-v130622_132-vr.jpg 900w, https:\/\/v.kauko.org\/wp-content\/uploads\/900-v130622_132-vr-300x186.jpg 300w\" sizes=\"(max-width: 900px) 100vw, 900px\" \/><\/a><\/p>\n<p><a href=\"https:\/\/v.kauko.org\/wp-content\/uploads\/900-v130626_218-r.jpg\"><img decoding=\"async\" src=\"https:\/\/v.kauko.org\/wp-content\/uploads\/900-v130626_218-r.jpg\" alt=\"\" title=\"Taviperhe Kotalammella 26.6.13 - VIK\" width=\"440\" class=\"alignnone size-full wp-image-2706\" srcset=\"https:\/\/v.kauko.org\/wp-content\/uploads\/900-v130626_218-r.jpg 899w, https:\/\/v.kauko.org\/wp-content\/uploads\/900-v130626_218-r-300x200.jpg 300w\" sizes=\"(max-width: 899px) 100vw, 899px\" \/><\/a><br \/>\nJoutsenperheen <i>(Cygnus cygnus)<\/i> naapureina Kotalammella asustaa my\u00f6s taviperhe <i>(Anas crecca)<\/i>. <\/p>\n<p><a href=\"https:\/\/v.kauko.org\/wp-content\/uploads\/900-v130622_138.jpg\"><img decoding=\"async\" src=\"https:\/\/v.kauko.org\/wp-content\/uploads\/900-v130622_138.jpg\" alt=\"\" title=\"Sinisorsaperhe Kotalammella 22.6.-13 - VIK\" width=\"440\" class=\"alignnone size-full wp-image-2695\" srcset=\"https:\/\/v.kauko.org\/wp-content\/uploads\/900-v130622_138.jpg 900w, https:\/\/v.kauko.org\/wp-content\/uploads\/900-v130622_138-300x200.jpg 300w\" sizes=\"(max-width: 900px) 100vw, 900px\" \/><\/a><br \/>\nTavinaaras ja poikaset muistuttavat v\u00e4ritykselt\u00e4\u00e4n sinisorsaa  <i>(Anas platyrhynchus)<\/i>, mutta tavi on selv\u00e4sti pienempi ja siipipeili on vihre\u00e4, ei sininen.<\/p>\n<p><a href=\"https:\/\/v.kauko.org\/wp-content\/uploads\/900-v130626_137-r.jpg\"><img decoding=\"async\" src=\"https:\/\/v.kauko.org\/wp-content\/uploads\/900-v130626_137-r.jpg\" alt=\"\" title=\"Kalalokkipari Kotalammella 26.6.-13 - VIK\" width=\"440\" class=\"alignnone size-full wp-image-2704\" srcset=\"https:\/\/v.kauko.org\/wp-content\/uploads\/900-v130626_137-r.jpg 900w, https:\/\/v.kauko.org\/wp-content\/uploads\/900-v130626_137-r-300x199.jpg 300w\" sizes=\"(max-width: 900px) 100vw, 900px\" \/><\/a><br \/>\nKalalokkipariskunta <i>(Larus canus)<\/i>. <\/p>\n<p><a href=\"https:\/\/v.kauko.org\/wp-content\/uploads\/900-v130626_091-vr.jpg\"><img decoding=\"async\" src=\"https:\/\/v.kauko.org\/wp-content\/uploads\/900-v130626_091-vr.jpg\" alt=\"\" title=\"Naurulokki kalastaa #1 26.6.-13 - VIK\" height=\"145\" class=\"alignnone size-full wp-image-2699\" srcset=\"https:\/\/v.kauko.org\/wp-content\/uploads\/900-v130626_091-vr.jpg 900w, https:\/\/v.kauko.org\/wp-content\/uploads\/900-v130626_091-vr-300x199.jpg 300w\" sizes=\"(max-width: 900px) 100vw, 900px\" \/><\/a> <a href=\"https:\/\/v.kauko.org\/wp-content\/uploads\/900-v130626_094-r.jpg\"><img decoding=\"async\" src=\"https:\/\/v.kauko.org\/wp-content\/uploads\/900-v130626_094-r.jpg\" alt=\"\" title=\"Naurulokki kalastaa #2 26.6.-13 - VIK\" height=\"145\" class=\"alignnone size-full wp-image-2700\" srcset=\"https:\/\/v.kauko.org\/wp-content\/uploads\/900-v130626_094-r.jpg 900w, https:\/\/v.kauko.org\/wp-content\/uploads\/900-v130626_094-r-300x199.jpg 300w\" sizes=\"(max-width: 900px) 100vw, 900px\" \/><\/a> <a href=\"https:\/\/v.kauko.org\/wp-content\/uploads\/900-v130626_097-vr.jpg\"><img decoding=\"async\" src=\"https:\/\/v.kauko.org\/wp-content\/uploads\/900-v130626_097-vr.jpg\" alt=\"\" title=\"Naurulokki kalastaa #3 26.6.-13 - VIK\" height=\"295\" class=\"alignnone size-full wp-image-2701\" srcset=\"https:\/\/v.kauko.org\/wp-content\/uploads\/900-v130626_097-vr.jpg 900w, https:\/\/v.kauko.org\/wp-content\/uploads\/900-v130626_097-vr-300x199.jpg 300w\" sizes=\"(max-width: 900px) 100vw, 900px\" \/><\/a><br \/>\nNaurulokki <i>(Larus ridibundus)<\/i> kalastelee \u00c4ij\u00e4l\u00e4nrannassa Jyv\u00e4sj\u00e4rveen laskevalla ojalla.<\/p>\n<p><a href=\"https:\/\/v.kauko.org\/wp-content\/uploads\/v130626_038-vrr.jpg\"><img decoding=\"async\" src=\"https:\/\/v.kauko.org\/wp-content\/uploads\/v130626_038-vrr.jpg\" alt=\"\" title=\"Silkkiuikkuperhe Jyv\u00e4sj\u00e4rvell\u00e4 #1 26.6.-13 - VIK\" width=\"440\" class=\"alignnone size-full wp-image-2709\" srcset=\"https:\/\/v.kauko.org\/wp-content\/uploads\/v130626_038-vrr.jpg 814w, https:\/\/v.kauko.org\/wp-content\/uploads\/v130626_038-vrr-300x199.jpg 300w\" sizes=\"(max-width: 814px) 100vw, 814px\" \/><\/a><br \/>\nJyv\u00e4sj\u00e4rven silkkiuikkupareista ainakin yhdell\u00e4 on jo kaksi pient\u00e4 poikasta&#8230;<\/p>\n<p><a href=\"https:\/\/v.kauko.org\/wp-content\/uploads\/900-v130626_054-vr.jpg\"><img decoding=\"async\" src=\"https:\/\/v.kauko.org\/wp-content\/uploads\/900-v130626_054-vr.jpg\" alt=\"\" title=\"Silkkiuikkuperhe Jyv\u00e4sj\u00e4rvell\u00e4 #2 26.6.-13 - VIK\" width=\"440\"  class=\"alignnone size-full wp-image-2698\" srcset=\"https:\/\/v.kauko.org\/wp-content\/uploads\/900-v130626_054-vr.jpg 900w, https:\/\/v.kauko.org\/wp-content\/uploads\/900-v130626_054-vr-300x185.jpg 300w\" sizes=\"(max-width: 900px) 100vw, 900px\" \/><\/a><br \/>\n&#8230;ei, vaan kolme!<\/p>\n<p><a href=\"https:\/\/v.kauko.org\/wp-content\/uploads\/900-v130626_191-rx.jpg\"><img decoding=\"async\" src=\"https:\/\/v.kauko.org\/wp-content\/uploads\/900-v130626_191-rx.jpg\" alt=\"\" title=\"Sudenkorennot Kotalammella 26.6.-13 - VIK\" width=\"440\" class=\"alignnone size-full wp-image-2705\" srcset=\"https:\/\/v.kauko.org\/wp-content\/uploads\/900-v130626_191-rx.jpg 899w, https:\/\/v.kauko.org\/wp-content\/uploads\/900-v130626_191-rx-300x200.jpg 300w\" sizes=\"(max-width: 899px) 100vw, 899px\" \/><\/a><br \/>\nKotalammella el\u00e4\u00e4 useita sudenkorentolajeja, joista t\u00e4ss\u00e4 kuvassa p\u00e4iv\u00e4\u00e4 paistattelee kolme: ruskohukankorento, lummelampikorento ja isotyt\u00f6nkorento.<\/p>\n<p><a href=\"https:\/\/v.kauko.org\/wp-content\/uploads\/900-v130622_228-vr.jpg\"><img decoding=\"async\" src=\"https:\/\/v.kauko.org\/wp-content\/uploads\/900-v130622_228-vr.jpg\" alt=\"\" title=\"Vaskikorento 22.6.-13 - VIK\" width=\"440\" class=\"alignnone size-full wp-image-2731\" srcset=\"https:\/\/v.kauko.org\/wp-content\/uploads\/900-v130622_228-vr.jpg 899w, https:\/\/v.kauko.org\/wp-content\/uploads\/900-v130622_228-vr-300x200.jpg 300w\" sizes=\"(max-width: 899px) 100vw, 899px\" \/><\/a><br \/>\nMetallinhohtoisen vihre\u00e4 vaskikorento-koiras <i>(Cordulia aenea)<\/i> p\u00f6rr\u00e4\u00e4 pitki\u00e4 aikoja laskeutumatta lep\u00e4\u00e4m\u00e4\u00e4n. <\/p>\n<p><a href=\"https:\/\/v.kauko.org\/wp-content\/uploads\/900-v130626_130-vr.jpg\"><img decoding=\"async\" src=\"https:\/\/v.kauko.org\/wp-content\/uploads\/900-v130626_130-vr.jpg\" alt=\"\" title=\"Isotyt\u00f6nkorento Kotalammella 26.6.-13 - VIK\" width=\"440\" class=\"alignnone size-full wp-image-2703\" srcset=\"https:\/\/v.kauko.org\/wp-content\/uploads\/900-v130626_130-vr.jpg 900w, https:\/\/v.kauko.org\/wp-content\/uploads\/900-v130626_130-vr-300x200.jpg 300w\" sizes=\"(max-width: 900px) 100vw, 900px\" \/><\/a><br \/>\nIsotyt\u00f6nkorento-koiraan <i>(Erythromma najas)<\/i> suuret punaiset silm\u00e4t erottavat sen muista samann\u00e4k\u00f6isist\u00e4 tyt\u00f6nkorennoista. <\/p>\n<p><a href=\"https:\/\/v.kauko.org\/wp-content\/uploads\/v130626_189-vrr.jpg\"><img decoding=\"async\" src=\"https:\/\/v.kauko.org\/wp-content\/uploads\/v130626_189-vrr.jpg\" alt=\"\" title=\"Lummelampikorento Kotalammella 26.6.-13 - VIK\" width=\"440\" class=\"alignnone size-full wp-image-2710\" srcset=\"https:\/\/v.kauko.org\/wp-content\/uploads\/v130626_189-vrr.jpg 825w, https:\/\/v.kauko.org\/wp-content\/uploads\/v130626_189-vrr-300x199.jpg 300w\" sizes=\"(max-width: 825px) 100vw, 825px\" \/><\/a><br \/>\nLummelampikorento-koiraan <i>(Leucorrhinia caudalis)<\/i> valkoiset siipit\u00e4pl\u00e4t erottavat sen l\u00e4hisukuisesta sirolampikorennosta.  Suomen Sudenkorennot -kirjan (Sami Karjalainen, Tammi 2002) mukaan molemmat lajit ovat jokseenkin harvinaisia. <\/p>\n<p><a href=\"https:\/\/v.kauko.org\/wp-content\/uploads\/900-v130626_311-r.jpg\"><img decoding=\"async\" src=\"https:\/\/v.kauko.org\/wp-content\/uploads\/900-v130626_311-r.jpg\" alt=\"\" title=\"Ruskohukankorento 26.6.-13 - VIK\" height=\"295\" class=\"alignnone size-full wp-image-2708\" srcset=\"https:\/\/v.kauko.org\/wp-content\/uploads\/900-v130626_311-r.jpg 899w, https:\/\/v.kauko.org\/wp-content\/uploads\/900-v130626_311-r-300x200.jpg 300w\" sizes=\"(max-width: 899px) 100vw, 899px\" \/><\/a><br \/>\nRuskohukankorento <i>(Libellula quadrimaculata)<\/i> puolestaan on hyvin yleinen. Sukupuolet ovat samann\u00e4k\u00f6iset.<br \/>\n<a href=\"https:\/\/v.kauko.org\/wp-content\/uploads\/900-v130622_099-vrx.jpg\"><img decoding=\"async\" src=\"https:\/\/v.kauko.org\/wp-content\/uploads\/900-v130622_099-vrx.jpg\" alt=\"\" title=\"Ruskohukankorento munii Kotalammella #1 22.6.-13 - VIK\" height=\"109\" class=\"alignnone size-full wp-image-2692\" srcset=\"https:\/\/v.kauko.org\/wp-content\/uploads\/900-v130622_099-vrx.jpg 900w, https:\/\/v.kauko.org\/wp-content\/uploads\/900-v130622_099-vrx-300x226.jpg 300w\" sizes=\"(max-width: 900px) 100vw, 900px\" \/><\/a> <a href=\"https:\/\/v.kauko.org\/wp-content\/uploads\/900-v130622_098-vrx.jpg\"><img decoding=\"async\" src=\"https:\/\/v.kauko.org\/wp-content\/uploads\/900-v130622_098-vrx.jpg\" alt=\"\" title=\"Ruskohukankorento munii Kotalammella #2 22.6.-13 - VIK\" height=\"109\" class=\"alignnone size-full wp-image-2691\" srcset=\"https:\/\/v.kauko.org\/wp-content\/uploads\/900-v130622_098-vrx.jpg 900w, https:\/\/v.kauko.org\/wp-content\/uploads\/900-v130622_098-vrx-300x225.jpg 300w\" sizes=\"(max-width: 900px) 100vw, 900px\" \/><\/a> <a href=\"https:\/\/v.kauko.org\/wp-content\/uploads\/900-v130622_118-vrx.jpg\"><img decoding=\"async\" src=\"https:\/\/v.kauko.org\/wp-content\/uploads\/900-v130622_118-vrx.jpg\" alt=\"\" title=\"Ruskohukankorento munii Kotalammella #3 22.6.-13 - VIK\" height=\"109\" class=\"alignnone size-full wp-image-2693\" srcset=\"https:\/\/v.kauko.org\/wp-content\/uploads\/900-v130622_118-vrx.jpg 900w, https:\/\/v.kauko.org\/wp-content\/uploads\/900-v130622_118-vrx-300x225.jpg 300w\" sizes=\"(max-width: 900px) 100vw, 900px\" \/><\/a><br \/>\n<a href=\"https:\/\/v.kauko.org\/wp-content\/uploads\/900-v130622_246-vr.jpg\"><img decoding=\"async\" src=\"https:\/\/v.kauko.org\/wp-content\/uploads\/900-v130622_246-vr.jpg\" alt=\"\" title=\"Ruskohukankorento lennossa Kotalammella 22.6.-13 - VIK\" height=\"295\" class=\"alignnone size-full wp-image-2697\" srcset=\"https:\/\/v.kauko.org\/wp-content\/uploads\/900-v130622_246-vr.jpg 898w, https:\/\/v.kauko.org\/wp-content\/uploads\/900-v130622_246-vr-300x200.jpg 300w\" sizes=\"(max-width: 898px) 100vw, 898px\" \/><\/a><br \/>\nKotalampeenkin niit\u00e4 on tulossa lis\u00e4\u00e4: naaras munii vedenpinnan alle hyppelem\u00e4ll\u00e4 pinnassa pystysuorassa. <\/p>\n<p>* * * <\/p>\n<p>P\u00c4IVITYS: Joutsenten perheonni loppui surullisesti: kaikki poikaset kuolivat yksi kerrallaan. Torstaina 4.7. oli n\u00e4hty viel\u00e4 yksi poikanen, mutta lauantaina 6.7. aikuiset olivat lammella kahdestaan. Vanhemman edess\u00e4 heinikossa n\u00e4kyy yhden poikasen ruumis.<\/p>\n<p><a href=\"https:\/\/v.kauko.org\/wp-content\/uploads\/800-v130706_014-vsr.jpg\"><img loading=\"lazy\" decoding=\"async\" width=\"800\" height=\"600\" src=\"https:\/\/v.kauko.org\/wp-content\/uploads\/800-v130706_014-vsr.jpg\" alt=\"\" title=\"Joutsen\" class=\"alignnone size-full wp-image-2807\" srcset=\"https:\/\/v.kauko.org\/wp-content\/uploads\/800-v130706_014-vsr.jpg 800w, https:\/\/v.kauko.org\/wp-content\/uploads\/800-v130706_014-vsr-300x225.jpg 300w\" sizes=\"auto, (max-width: 800px) 100vw, 800px\" \/><\/a><\/p>\n<p><a href=\"https:\/\/v.kauko.org\/wp-content\/uploads\/v130706_014-vsrr.jpg\"><img loading=\"lazy\" decoding=\"async\" width=\"801\" height=\"600\" src=\"https:\/\/v.kauko.org\/wp-content\/uploads\/v130706_014-vsrr.jpg\" alt=\"\" title=\"ex-joutsen\" class=\"alignnone size-full wp-image-2808\" srcset=\"https:\/\/v.kauko.org\/wp-content\/uploads\/v130706_014-vsrr.jpg 801w, https:\/\/v.kauko.org\/wp-content\/uploads\/v130706_014-vsrr-300x224.jpg 300w\" sizes=\"auto, (max-width: 801px) 100vw, 801px\" \/><\/a><\/p>\n","protected":false},"excerpt":{"rendered":"","protected":false},"author":1,"featured_media":0,"comment_status":"open","ping_status":"open","sticky":false,"template":"","format":"standard","meta":{"footnotes":""},"categories":[10],"tags":[],"class_list":["post-2688","post","type-post","status-publish","format-standard","hentry","category-luonto"],"_links":{"self":[{"href":"https:\/\/v.kauko.org\/index.php?rest_route=\/wp\/v2\/posts\/2688","targetHints":{"allow":["GET"]}}],"collection":[{"href":"https:\/\/v.kauko.org\/index.php?rest_route=\/wp\/v2\/posts"}],"about":[{"href":"https:\/\/v.kauko.org\/index.php?rest_route=\/wp\/v2\/types\/post"}],"author":[{"embeddable":true,"href":"https:\/\/v.kauko.org\/index.php?rest_route=\/wp\/v2\/users\/1"}],"replies":[{"embeddable":true,"href":"https:\/\/v.kauko.org\/index.php?rest_route=%2Fwp%2Fv2%2Fcomments&post=2688"}],"version-history":[{"count":22,"href":"https:\/\/v.kauko.org\/index.php?rest_route=\/wp\/v2\/posts\/2688\/revisions"}],"predecessor-version":[{"id":2811,"href":"https:\/\/v.kauko.org\/index.php?rest_route=\/wp\/v2\/posts\/2688\/revisions\/2811"}],"wp:attachment":[{"href":"https:\/\/v.kauko.org\/index.php?rest_route=%2Fwp%2Fv2%2Fmedia&parent=2688"}],"wp:term":[{"taxonomy":"category","embeddable":true,"href":"https:\/\/v.kauko.org\/index.php?rest_route=%2Fwp%2Fv2%2Fcategories&post=2688"},{"taxonomy":"post_tag","embeddable":true,"href":"https:\/\/v.kauko.org\/index.php?rest_route=%2Fwp%2Fv2%2Ftags&post=2688"}],"curies":[{"name":"wp","href":"https:\/\/api.w.org\/{rel}","templated":true}]}}