{"id":2577,"date":"2013-06-26T14:15:07","date_gmt":"2013-06-26T12:15:07","guid":{"rendered":"http:\/\/v.kauko.org\/?p=2577"},"modified":"2013-08-05T16:20:01","modified_gmt":"2013-08-05T14:20:01","slug":"kalaallit-nunaat","status":"publish","type":"post","link":"https:\/\/v.kauko.org\/?p=2577","title":{"rendered":"Kalaallit Nunaat"},"content":{"rendered":"<p><a href=\"https:\/\/en.wikipedia.org\/wiki\/File:Greenland_%28orthographic_projection%29.svg\"><img decoding=\"async\" src=\"https:\/\/v.kauko.org\/wp-content\/uploads\/Greenland_wiki-r.jpg\" alt=\"\" title=\"Greenland_wiki-r\" height=\"110\" class=\"alignleft size-full wp-image-2578\" \/><\/a>Saaren tanskalaisper\u00e4inen nimi vaikuttaa vitsilt\u00e4, koska Gr\u00f6nlannin karun kauniissa maisemissa on kovin v\u00e4h\u00e4n vihre\u00e4\u00e4.  Suurin osa maasta on valtavan mannerj\u00e4\u00e4n peitossa. <!--more-->Vain rannikolla on kes\u00e4isin sulaa maata ja kasveja. Rannikko on vuoristoista ja sit\u00e4 halkovat syv\u00e4t vuonot, joten maassa on hyvin v\u00e4h\u00e4n teit\u00e4 eik\u00e4 lainkaan rautateit\u00e4. Kyl\u00e4st\u00e4 toiseen kuljetaan yleens\u00e4 vesitse.<\/p>\n<p><a href=\"https:\/\/v.kauko.org\/wp-content\/uploads\/750-v130612_050.jpg\"><img decoding=\"async\" src=\"https:\/\/v.kauko.org\/wp-content\/uploads\/750-v130612_050.jpg\" alt=\"\" title=\"Mannerj\u00e4\u00e4t\u00e4 12.6. - Virpi Kauko\"  height=\"140\" class=\"alignnone size-full wp-image-2580\" srcset=\"https:\/\/v.kauko.org\/wp-content\/uploads\/750-v130612_050.jpg 750w, https:\/\/v.kauko.org\/wp-content\/uploads\/750-v130612_050-300x200.jpg 300w\" sizes=\"(max-width: 750px) 100vw, 750px\" \/><\/a> <a href=\"https:\/\/v.kauko.org\/wp-content\/uploads\/750-v130612_054-v.jpg\"><img decoding=\"async\" src=\"https:\/\/v.kauko.org\/wp-content\/uploads\/750-v130612_054-v.jpg\" alt=\"\" title=\"Joki ja tunturilampia 12.6. - Virpi Kauko\" height=\"140\" class=\"alignnone size-full wp-image-2591\" srcset=\"https:\/\/v.kauko.org\/wp-content\/uploads\/750-v130612_054-v.jpg 750w, https:\/\/v.kauko.org\/wp-content\/uploads\/750-v130612_054-v-300x200.jpg 300w\" sizes=\"(max-width: 750px) 100vw, 750px\" \/><\/a><\/p>\n<p>Lentokoneesta n\u00e4kee hyvin, miten mannerj\u00e4\u00e4tikk\u00f6 valuu hitaasti merta kohti. Kes\u00e4isin se my\u00f6s sulaa reunoista. J\u00e4\u00e4tik\u00f6n sulamisveden kuljettamat maa-ainekset v\u00e4rj\u00e4\u00e4v\u00e4t joen harmaanruskeaksi. Tummansiniset t\u00e4pl\u00e4t ovat kirkasvetisi\u00e4 tunturilampia. <\/p>\n<p><a href=\"https:\/\/v.kauko.org\/wp-content\/uploads\/750-v130612_065-vtr.jpg\"><img decoding=\"async\" src=\"https:\/\/v.kauko.org\/wp-content\/uploads\/750-v130612_065-vtr.jpg\" alt=\"\" title=\"Kangerlussuaq-vuonon pohja ja lentokentt\u00e4 12.6. - Virpi Kauko\" width=\"420\" class=\"alignnone size-full wp-image-2597\" srcset=\"https:\/\/v.kauko.org\/wp-content\/uploads\/750-v130612_065-vtr.jpg 900w, https:\/\/v.kauko.org\/wp-content\/uploads\/750-v130612_065-vtr-300x185.jpg 300w\" sizes=\"(max-width: 900px) 100vw, 900px\" \/><\/a><\/p>\n<p>Jokivesi sekoittuu kirkkaaseen meriveteen Kangerlussuaq-vuonossa, jossa lentokone k\u00e4\u00e4ntyy laskukierrokseen. Lentokentt\u00e4 n\u00e4kyy kuvan keskell\u00e4. Vasemmalla luikertelee tie satamaan, jossa meit\u00e4 odottaa ankkuroituna sinivalkoisena pisteen\u00e4 erottuva laiva. <\/p>\n<p>Kangerlussuaqin kohdalla j\u00e4\u00e4tik\u00f6n ja meren v\u00e4linen sulan maan kaistale on leveimmill\u00e4\u00e4n, noin 200 km, ja ilmasto on varsin mantereinen.  Ennen viikon laivaristeily\u00e4 12.6. teimme l\u00e4hialueella pienen tutustumiskierroksen bussin kyydiss\u00e4 helteisess\u00e4 s\u00e4\u00e4ss\u00e4. Viimeisen\u00e4 p\u00e4iv\u00e4n\u00e4 19.6. teimme ennen lentokent\u00e4lle paluuta pidemm\u00e4n retken j\u00e4\u00e4tik\u00f6lle asti. <\/p>\n<p><a href=\"https:\/\/v.kauko.org\/wp-content\/uploads\/750-v130612_107.jpg\"><img decoding=\"async\" src=\"https:\/\/v.kauko.org\/wp-content\/uploads\/750-v130612_107.jpg\" alt=\"\" title=\"Kukka 12.6.-13 - Virpi Kauko\" height=\"140\" class=\"alignnone size-full wp-image-2599\" srcset=\"https:\/\/v.kauko.org\/wp-content\/uploads\/750-v130612_107.jpg 750w, https:\/\/v.kauko.org\/wp-content\/uploads\/750-v130612_107-300x200.jpg 300w\" sizes=\"(max-width: 750px) 100vw, 750px\" \/><\/a> <a href=\"https:\/\/v.kauko.org\/wp-content\/uploads\/750-v130612_128.jpg\"><img decoding=\"async\" src=\"https:\/\/v.kauko.org\/wp-content\/uploads\/750-v130612_128.jpg\" alt=\"\" title=\"Kukka 12.6.-13 - Virpi Kauko\" height=\"140\" class=\"alignnone size-full wp-image-2600\" srcset=\"https:\/\/v.kauko.org\/wp-content\/uploads\/750-v130612_128.jpg 750w, https:\/\/v.kauko.org\/wp-content\/uploads\/750-v130612_128-300x200.jpg 300w\" sizes=\"(max-width: 750px) 100vw, 750px\" \/><\/a> <a href=\"https:\/\/v.kauko.org\/wp-content\/uploads\/750-v130619_012.jpg\"><img decoding=\"async\" src=\"https:\/\/v.kauko.org\/wp-content\/uploads\/750-v130619_012.jpg\" alt=\"\" title=\"Kukka 19.6.-13 - Virpi Kauko\" height=\"140\" class=\"alignnone size-full wp-image-2601\" srcset=\"https:\/\/v.kauko.org\/wp-content\/uploads\/750-v130619_012.jpg 750w, https:\/\/v.kauko.org\/wp-content\/uploads\/750-v130619_012-300x200.jpg 300w\" sizes=\"(max-width: 750px) 100vw, 750px\" \/><\/a> <a href=\"https:\/\/v.kauko.org\/wp-content\/uploads\/750-v130619_116-rr.jpg\"><img decoding=\"async\" src=\"https:\/\/v.kauko.org\/wp-content\/uploads\/750-v130619_116-rr.jpg\" alt=\"\" title=\"Kukkak\u00e4rp\u00e4nen 19.6.-13 - Virpi Kauko\" height=\"140\" class=\"alignnone size-full wp-image-2602\" srcset=\"https:\/\/v.kauko.org\/wp-content\/uploads\/750-v130619_116-rr.jpg 750w, https:\/\/v.kauko.org\/wp-content\/uploads\/750-v130619_116-rr-300x200.jpg 300w\" sizes=\"(max-width: 750px) 100vw, 750px\" \/><\/a><\/p>\n<p>Karuilla tuntureilla el\u00e4\u00e4 sitkeit\u00e4 ja kauniita kukkakasveja: keltainen hanhikki, valkoinen <del datetime=\"2013-08-05T14:16:44+00:00\">uuvana<\/del> lapinvuokko, violetti <del datetime=\"2013-08-05T14:16:44+00:00\">tunturikohokki<\/del> lapinalppiruusu, &#8230; Vaivaiskoivulle istahti hetkeksi  kukkak\u00e4rp\u00e4nen. <\/p>\n<p><a href=\"https:\/\/v.kauko.org\/wp-content\/uploads\/750-v130619_030-v.jpg\"><img decoding=\"async\" src=\"https:\/\/v.kauko.org\/wp-content\/uploads\/750-v130619_030-v.jpg\" alt=\"\" title=\"Mannerj\u00e4\u00e4tikk\u00f6\u00e4 19.6.-13 - Virpi Kauko\" height=\"140\" class=\"alignnone size-full wp-image-2614\" srcset=\"https:\/\/v.kauko.org\/wp-content\/uploads\/750-v130619_030-v.jpg 750w, https:\/\/v.kauko.org\/wp-content\/uploads\/750-v130619_030-v-300x200.jpg 300w\" sizes=\"(max-width: 750px) 100vw, 750px\" \/><\/a> <a href=\"https:\/\/v.kauko.org\/wp-content\/uploads\/750-v130619_043-v.jpg\"><img decoding=\"async\" src=\"https:\/\/v.kauko.org\/wp-content\/uploads\/750-v130619_043-v.jpg\" alt=\"\" title=\"J\u00e4\u00e4kanjoni 19.6. - Virpi Kauko\" height=\"140\" class=\"alignnone size-full wp-image-2615\" srcset=\"https:\/\/v.kauko.org\/wp-content\/uploads\/750-v130619_043-v.jpg 750w, https:\/\/v.kauko.org\/wp-content\/uploads\/750-v130619_043-v-300x200.jpg 300w\" sizes=\"(max-width: 750px) 100vw, 750px\" \/><\/a><\/p>\n<p>J\u00e4\u00e4tik\u00f6n yli it\u00e4rannikolle on matkaa 600 km. Virtaava j\u00e4\u00e4 rouhii peruskalliota moreeniksi. T\u00e4llaista Suomessakin oli 10 000 vuotta sitten. Bussikuski\/opas Rene kertoi, ett\u00e4 viel\u00e4 parikymment\u00e4 vuotta sitten j\u00e4\u00e4n reuna oli monta kilometri\u00e4 l\u00e4hemp\u00e4n\u00e4 kaupunkia. Ilmastonmuutos on t\u00e4\u00e4ll\u00e4 konkreettista todellisuutta.<\/p>\n<p><a href=\"https:\/\/v.kauko.org\/wp-content\/uploads\/750-gronlanninkartta_merk_crop.jpg\"><img decoding=\"async\" src=\"https:\/\/v.kauko.org\/wp-content\/uploads\/750-gronlanninkartta_merk_crop.jpg\" alt=\"\" title=\"Matkareitti. Kartta: North Pole and Greenland, Sawyer Mapping\/ International Travel Maps Ltd, Canada\" width=\"250\" class=\"alignleft size-full wp-image-2624\" srcset=\"https:\/\/v.kauko.org\/wp-content\/uploads\/750-gronlanninkartta_merk_crop.jpg 423w, https:\/\/v.kauko.org\/wp-content\/uploads\/750-gronlanninkartta_merk_crop-181x300.jpg 181w\" sizes=\"(max-width: 423px) 100vw, 423px\" \/><\/a>Risteilyohjelma:<\/p>\n<p>ke 12.6. Kangerlussuaq<br \/>\nto 13.6. Sisimiut<br \/>\npe 14.6. Qeqertarsuaq, Disko<br \/>\nla 15.6. Uummannaq &#038; Nioqornat<br \/>\nsu 16.6. Eqip Sermia -j\u00e4\u00e4tikk\u00f6 &#038; Ilulissat<br \/>\nma 17.6. Ilulissat &#038; j\u00e4\u00e4vuono<br \/>\nti 18.6. Sarfanguit<br \/>\nke 19.6. Kangerlussuaq<\/p>\n<p>Laiva kulki ensimm\u00e4isen illan ja y\u00f6n aikana 160 km pituista vuonoa pitkin merelle koukaten hetkeksi napapiirin etel\u00e4puolelle ja jatkoi pohjoiseen. Parina p\u00e4iv\u00e4n\u00e4 oli sumuista, muuten aurinko paistoi y\u00f6t\u00e4 p\u00e4iv\u00e4\u00e4. Kangerlussuaqissa oli suorastaan helteist\u00e4 ja muuallakin n. 5 &#8211; 15 asteen v\u00e4lill\u00e4. Pient\u00e4 merenk\u00e4ynti\u00e4 oli torstaina ja tiistaina, muuten oli l\u00e4hes tyynt\u00e4. <\/p>\n<p><a href=\"https:\/\/v.kauko.org\/wp-content\/uploads\/750-v130614_001.jpg\"><img decoding=\"async\" src=\"https:\/\/v.kauko.org\/wp-content\/uploads\/750-v130614_001.jpg\" alt=\"\" title=\"J\u00e4\u00e4vuori Disko-lahdella 14.6.-13 - Virpi Kauko\" height=\"130\" class=\"alignnone size-full wp-image-2632\" srcset=\"https:\/\/v.kauko.org\/wp-content\/uploads\/750-v130614_001.jpg 750w, https:\/\/v.kauko.org\/wp-content\/uploads\/750-v130614_001-300x200.jpg 300w\" sizes=\"(max-width: 750px) 100vw, 750px\" \/><\/a> <a href=\"https:\/\/v.kauko.org\/wp-content\/uploads\/750-v130614_031.jpg\"><img decoding=\"async\" src=\"https:\/\/v.kauko.org\/wp-content\/uploads\/750-v130614_031.jpg\" alt=\"\" title=\"Qeqertarsuaq\" height=\"130\" class=\"alignnone size-full wp-image-2634\" srcset=\"https:\/\/v.kauko.org\/wp-content\/uploads\/750-v130614_031.jpg 800w, https:\/\/v.kauko.org\/wp-content\/uploads\/750-v130614_031-300x171.jpg 300w\" sizes=\"(max-width: 800px) 100vw, 800px\" \/><\/a><br \/>\n<a href=\"https:\/\/v.kauko.org\/wp-content\/uploads\/750-v130614_176-vr.jpg\"><img decoding=\"async\" src=\"https:\/\/v.kauko.org\/wp-content\/uploads\/750-v130614_176-vr.jpg\" alt=\"\" title=\"Vesiputous 14.6.-13 - Virpi Kauko\" height=\"137\" class=\"alignnone size-full wp-image-2642\" srcset=\"https:\/\/v.kauko.org\/wp-content\/uploads\/750-v130614_176-vr.jpg 748w, https:\/\/v.kauko.org\/wp-content\/uploads\/750-v130614_176-vr-300x200.jpg 300w\" sizes=\"(max-width: 748px) 100vw, 748px\" \/><\/a> <a href=\"https:\/\/v.kauko.org\/wp-content\/uploads\/750-v130614_186-vr.jpg\"><img decoding=\"async\" src=\"https:\/\/v.kauko.org\/wp-content\/uploads\/750-v130614_186-vr.jpg\" alt=\"\" title=\"Kanadanhanhet 14.6.-13 - Virpi Kauko\" height=\"137\" class=\"alignnone size-full wp-image-2643\" srcset=\"https:\/\/v.kauko.org\/wp-content\/uploads\/750-v130614_186-vr.jpg 750w, https:\/\/v.kauko.org\/wp-content\/uploads\/750-v130614_186-vr-300x186.jpg 300w\" sizes=\"(max-width: 750px) 100vw, 750px\" \/><\/a><\/p>\n<p>J\u00e4\u00e4vuoria alkaa tulla vastaan Disko-lahdella. Disko-saaren suurin kaupunki Qeqertarsuaq (n. 900 asukasta) on suomeksi Isosaari. Vaelsimme Punaisen joen alkul\u00e4hteill\u00e4 olevan vesiputouksen luo Tunturi-Lappia muistuttavassa maastossa. Putouksen juurella olevalla jyrk\u00e4ll\u00e4 paadella makaa kahdeksi kiveksi naamioitunut kanadanhanhipariskunta <i>(Branta canadensis)<\/i> pes\u00e4ll\u00e4\u00e4n.<\/p>\n<p><a href=\"https:\/\/v.kauko.org\/wp-content\/uploads\/750-v130615_118-v.jpg\"><img decoding=\"async\" src=\"https:\/\/v.kauko.org\/wp-content\/uploads\/750-v130615_118-v.jpg\" alt=\"\" title=\"Uummannaq 15.6.-13 - Virpi Kauko\" height=\"125\" class=\"alignnone size-full wp-image-2637\" srcset=\"https:\/\/v.kauko.org\/wp-content\/uploads\/750-v130615_118-v.jpg 750w, https:\/\/v.kauko.org\/wp-content\/uploads\/750-v130615_118-v-300x200.jpg 300w\" sizes=\"(max-width: 750px) 100vw, 750px\" \/><\/a> <a href=\"https:\/\/v.kauko.org\/wp-content\/uploads\/750-v130615_128-vsrr.jpg\"><img decoding=\"async\" src=\"https:\/\/v.kauko.org\/wp-content\/uploads\/750-v130615_128-vsrr.jpg\" alt=\"\" title=\"Sea Explorer ja Zodiacit. Uummannaq 15.6.-13 - Virpi Kauko \" height=\"125\" class=\"alignnone size-full wp-image-2633\" srcset=\"https:\/\/v.kauko.org\/wp-content\/uploads\/750-v130615_128-vsrr.jpg 900w, https:\/\/v.kauko.org\/wp-content\/uploads\/750-v130615_128-vsrr-300x159.jpg 300w\" sizes=\"(max-width: 900px) 100vw, 900px\" \/><\/a><\/p>\n<p>Maihin kuljettiin yleens\u00e4 kumiveneill\u00e4. <a href=\"https:\/\/en.wikipedia.org\/wiki\/Uummannaq\">Uummannaq<\/a> (1300 as.) sijaitsee samannimisen vuoren juurella, mutta t\u00e4ll\u00e4 kertaa komea syd\u00e4menmuotoinen graniittivuori peittyi paksuun sumuun koko p\u00e4iv\u00e4ksi.  <\/p>\n<p><a href=\"https:\/\/v.kauko.org\/wp-content\/uploads\/750-v130615_153-rr.jpg\"><img decoding=\"async\" src=\"https:\/\/v.kauko.org\/wp-content\/uploads\/750-v130615_153-rr.jpg\" alt=\"\" title=\"Myrskylintu n\u00e4kyy kolmena. 14.6.-13 - Virpi Kauko\" width=\"420\" class=\"alignnone size-full wp-image-2646\" srcset=\"https:\/\/v.kauko.org\/wp-content\/uploads\/750-v130615_153-rr.jpg 750w, https:\/\/v.kauko.org\/wp-content\/uploads\/750-v130615_153-rr-300x200.jpg 300w\" sizes=\"(max-width: 750px) 100vw, 750px\" \/><\/a><\/p>\n<p>Uummannaq-vuonossa sumupeitteen raosta pilkist\u00e4v\u00e4 aurinko valaisee peilityynen veden yll\u00e4 liit\u00e4v\u00e4n myrskylinnun <i>(Fulmarus glacialis)<\/i>. <\/p>\n<p>Gr\u00f6nlannissa pesii vain noin 60 lintulajia &#8211; nelj\u00e4nnes Suomen lajim\u00e4\u00e4r\u00e4st\u00e4. Pienist\u00e4 varpuslinnuista kuitenkin nelj\u00e4 lajia on hyvin runsaslukuisia. Ne kaikki ovat Suomessakin yleisi\u00e4, ainakin Lapissa.<\/p>\n<p><a href=\"https:\/\/v.kauko.org\/wp-content\/uploads\/750-v130617_178-rr.jpg\"><img decoding=\"async\" src=\"https:\/\/v.kauko.org\/wp-content\/uploads\/750-v130617_178-rr.jpg\" alt=\"\" title=\"Pulmunen, Ilulissat 17.6.-13 - Virpi Kauko\" height=\"150\" class=\"alignnone size-full wp-image-2649\" srcset=\"https:\/\/v.kauko.org\/wp-content\/uploads\/750-v130617_178-rr.jpg 700w, https:\/\/v.kauko.org\/wp-content\/uploads\/750-v130617_178-rr-300x213.jpg 300w\" sizes=\"(max-width: 700px) 100vw, 700px\" \/><\/a> <a href=\"https:\/\/v.kauko.org\/wp-content\/uploads\/750-v130613_075-vtr.jpg\"><img decoding=\"async\" src=\"https:\/\/v.kauko.org\/wp-content\/uploads\/750-v130613_075-vtr.jpg\" alt=\"\" title=\"Urpiaiset, Sisimiut 13.6.-13 \" height=\"150\" class=\"alignnone size-full wp-image-2650\" srcset=\"https:\/\/v.kauko.org\/wp-content\/uploads\/750-v130613_075-vtr.jpg 700w, https:\/\/v.kauko.org\/wp-content\/uploads\/750-v130613_075-vtr-300x213.jpg 300w\" sizes=\"(max-width: 700px) 100vw, 700px\" \/><\/a><br \/>\n<a href=\"https:\/\/v.kauko.org\/wp-content\/uploads\/750-v130617_082-vrr.jpg\"><img decoding=\"async\" src=\"https:\/\/v.kauko.org\/wp-content\/uploads\/750-v130617_082-vrr.jpg\" alt=\"\" title=\"Pulmunen, Ilulissat 17.6.-13 - Virpi Kauko\"  height=\"147\" class=\"alignnone size-full wp-image-2652\" srcset=\"https:\/\/v.kauko.org\/wp-content\/uploads\/750-v130617_082-vrr.jpg 706w, https:\/\/v.kauko.org\/wp-content\/uploads\/750-v130617_082-vrr-300x212.jpg 300w\" sizes=\"(max-width: 706px) 100vw, 706px\" \/><\/a> <a href=\"https:\/\/v.kauko.org\/wp-content\/uploads\/750-v130616_220-vrr.jpg\"><img decoding=\"async\" src=\"https:\/\/v.kauko.org\/wp-content\/uploads\/750-v130616_220-vrr.jpg\" alt=\"\" title=\"Kivitasku, Ilulissat 16.6.-13 - Virpi Kauko\" height=\"147\" class=\"alignnone size-full wp-image-2657\" srcset=\"https:\/\/v.kauko.org\/wp-content\/uploads\/750-v130616_220-vrr.jpg 356w, https:\/\/v.kauko.org\/wp-content\/uploads\/750-v130616_220-vrr-213x300.jpg 213w\" sizes=\"(max-width: 356px) 100vw, 356px\" \/><\/a> <a href=\"https:\/\/v.kauko.org\/wp-content\/uploads\/750-v130616_215-vrr.jpg\"><img decoding=\"async\" src=\"https:\/\/v.kauko.org\/wp-content\/uploads\/750-v130616_215-vrr.jpg\" alt=\"\" title=\"Kivitasku, Ilulissat 16.6.-13 - Virpi Kauko\" height=\"147\" class=\"alignnone size-full wp-image-2658\" srcset=\"https:\/\/v.kauko.org\/wp-content\/uploads\/750-v130616_215-vrr.jpg 359w, https:\/\/v.kauko.org\/wp-content\/uploads\/750-v130616_215-vrr-215x300.jpg 215w\" sizes=\"(max-width: 359px) 100vw, 359px\" \/><\/a><br \/>\n<a href=\"https:\/\/v.kauko.org\/wp-content\/uploads\/750-v130619_096-rr.jpg\"><img decoding=\"async\" src=\"https:\/\/v.kauko.org\/wp-content\/uploads\/750-v130619_096-rr.jpg\" alt=\"\" title=\"Lapinsirkku, Kangerlussuaq 19.6.-13 - Virpi Kauko\" width=\"425\" class=\"alignnone size-full wp-image-2651\" srcset=\"https:\/\/v.kauko.org\/wp-content\/uploads\/750-v130619_096-rr.jpg 750w, https:\/\/v.kauko.org\/wp-content\/uploads\/750-v130619_096-rr-300x226.jpg 300w\" sizes=\"(max-width: 750px) 100vw, 750px\" \/><\/a><\/p>\n<p>* Pulmunen &#8211; Snow Bunting &#8211; <i>Plectrophenax nivalis<\/i><br \/>\non yleinen koko maassa. Useimmat muuttavat, pieni osa talvehtii.<br \/>\n* Lapinsirkku &#8211; Lapland Bunting &#8211; <i>Calcarius lapponicus<\/i><br \/>\non yleinen l\u00e4nsi- ja kaakkois-Gr\u00f6nlannissa. Muuttolintu.<br \/>\n* Urpiainen &#8211; Common Redpoll &#8211; <i>Carduelis flammea<\/i><br \/>\non yleinen l\u00e4nsi- ja kaakkois-Gr\u00f6nlannissa. Pohjois- ja koillisosissa<br \/>\nasuu sen sijaan tundraurpiainen <i>(C. hornemanni)<\/i>. Useimmat muuttavat<br \/>\nKanadaan, jotkut talvehtivat Gr\u00f6nlannissa.<br \/>\n* Kivitasku &#8211; Wheatear &#8211; <i>Oenanthe oenanthe<\/i><br \/>\non yleinen pohjoisosaa lukuunottamatta. Muuttaa talveksi Afrikkaan, kuten suomalaisetkin kivitaskut.<\/p>\n<p><a href=\"https:\/\/v.kauko.org\/wp-content\/uploads\/750-v130617_219-rr.jpg\"><img decoding=\"async\" src=\"https:\/\/v.kauko.org\/wp-content\/uploads\/750-v130617_219-rr.jpg\" alt=\"\" title=\"Vesip\u00e4\u00e4sky, Ilulissat 17.6. -13 - Virpi Kauko\" width=\"420\" class=\"alignnone size-full wp-image-2668\" srcset=\"https:\/\/v.kauko.org\/wp-content\/uploads\/750-v130617_219-rr.jpg 750w, https:\/\/v.kauko.org\/wp-content\/uploads\/750-v130617_219-rr-300x186.jpg 300w\" sizes=\"(max-width: 750px) 100vw, 750px\" \/><\/a><\/p>\n<p>Tunturilammessa vesip\u00e4\u00e4skyt <i>(Phalaropus lobatus)<\/i> napsivat pikku\u00f6t\u00f6k\u00f6it\u00e4. <\/p>\n<p><a href=\"https:\/\/v.kauko.org\/wp-content\/uploads\/750-v130617_072-sr.jpg\"><img decoding=\"async\" src=\"https:\/\/v.kauko.org\/wp-content\/uploads\/750-v130617_072-sr.jpg\" alt=\"\" title=\"Koiranunta? Ilulissat 17.6.-13 - Virpi Kauko\" height=\"140\" class=\"alignnone size-full wp-image-2611\" srcset=\"https:\/\/v.kauko.org\/wp-content\/uploads\/750-v130617_072-sr.jpg 750w, https:\/\/v.kauko.org\/wp-content\/uploads\/750-v130617_072-sr-300x199.jpg 300w\" sizes=\"(max-width: 750px) 100vw, 750px\" \/><\/a> <a href=\"https:\/\/v.kauko.org\/wp-content\/uploads\/750-v130617_040-vr.jpg\"><img decoding=\"async\" src=\"https:\/\/v.kauko.org\/wp-content\/uploads\/750-v130617_040-vr.jpg\" alt=\"\" title=\"Sopuli p\u00e4\u00e4si karkuun. Ilulissat 17.6.-13 - Virpi Kauko\" height=\"140\" class=\"alignnone size-full wp-image-2610\" srcset=\"https:\/\/v.kauko.org\/wp-content\/uploads\/750-v130617_040-vr.jpg 750w, https:\/\/v.kauko.org\/wp-content\/uploads\/750-v130617_040-vr-300x200.jpg 300w\" sizes=\"(max-width: 750px) 100vw, 750px\" \/><\/a><br \/>\n<a href=\"https:\/\/v.kauko.org\/wp-content\/uploads\/750-v130617_005-r.jpg\"><img decoding=\"async\" src=\"https:\/\/v.kauko.org\/wp-content\/uploads\/750-v130617_005-r.jpg\" alt=\"\" title=\"Sponsoroitu kulkuneuvo? Ilulissat 17.6.-13 - Virpi Kauko\" height=\"140\" class=\"alignnone size-full wp-image-2608\" srcset=\"https:\/\/v.kauko.org\/wp-content\/uploads\/750-v130617_005-r.jpg 750w, https:\/\/v.kauko.org\/wp-content\/uploads\/750-v130617_005-r-300x180.jpg 300w\" sizes=\"(max-width: 750px) 100vw, 750px\" \/><\/a> <a href=\"https:\/\/v.kauko.org\/wp-content\/uploads\/750-v130612_160-r.jpg\"><img decoding=\"async\" src=\"https:\/\/v.kauko.org\/wp-content\/uploads\/750-v130612_160-r.jpg\" alt=\"\" title=\"Meist\u00e4kin tulee isona rekikoiria! Kangerlussuaq 12.6.-13 - Virpi Kauko\" height=\"140\" class=\"alignnone size-full wp-image-2609\" srcset=\"https:\/\/v.kauko.org\/wp-content\/uploads\/750-v130612_160-r.jpg 599w, https:\/\/v.kauko.org\/wp-content\/uploads\/750-v130612_160-r-300x225.jpg 300w\" sizes=\"(max-width: 599px) 100vw, 599px\" \/><\/a><\/p>\n<p>Rekikoirat ovat kes\u00e4lomalla. Nartuista monet ovat my\u00f6s \u00e4itiyslomalla, ja pentuja n\u00e4kyy paljon. Talvisin koiravaljakko on Gr\u00f6nlannissa yh\u00e4 t\u00e4rke\u00e4 kulkuneuvo.  Mainoksesta huolimatta reet taitavat yleens\u00e4 kulkea perinteisell\u00e4 polttoaineella eli hylkeenlihalla.<\/p>\n<p>Gr\u00f6nlanninpystykorvat polveutuvat Kanadasta inuitien kanssa 1000-luvulla tulleista eskimokoirista, ja ne ovat yksi maailman &#8221;alkuper\u00e4isimmist\u00e4&#8221; koiraroduista. Niit\u00e4 on koko Gr\u00f6nlannissa noin 26 000, noin puolta v\u00e4hemm\u00e4n kuin ihmisi\u00e4. Koirien tuonti napapiirin pohjoispuolelle on kielletty rodun puhtauden suojelemiseksi ja tautien est\u00e4miseksi. Kanadassa eskimokoirat ovat jo k\u00e4yneet v\u00e4hiin, kun ne on vaihdettu moottorikelkkoihin ja m\u00f6nkij\u00f6ihin.<\/p>\n<p><a href=\"https:\/\/v.kauko.org\/wp-content\/uploads\/750-v130616_250-r.jpg\"><img decoding=\"async\" src=\"https:\/\/v.kauko.org\/wp-content\/uploads\/750-v130616_250-r.jpg\" alt=\"\" title=\"Ilulissat 16.6.-13 - Virpi Kauko\" width=\"420\" class=\"alignnone size-full wp-image-2667\" srcset=\"https:\/\/v.kauko.org\/wp-content\/uploads\/750-v130616_250-r.jpg 750w, https:\/\/v.kauko.org\/wp-content\/uploads\/750-v130616_250-r-300x170.jpg 300w\" sizes=\"(max-width: 750px) 100vw, 750px\" \/><\/a> <\/p>\n<p>Ilulissat (4300 as.) on Gr\u00f6nlannin kolmanneksi suurin kaupunki. Nimi tarkoittaa j\u00e4\u00e4vuorta, ja t\u00e4m\u00e4 onkin &#8221;j\u00e4\u00e4vuorten p\u00e4\u00e4kaupunki&#8221;.<\/p>\n<p><a href=\"https:\/\/v.kauko.org\/wp-content\/uploads\/750-v130617_341+42+46+50.jpg\"><img decoding=\"async\" src=\"https:\/\/v.kauko.org\/wp-content\/uploads\/750-v130617_341+42+46+50.jpg\" alt=\"\" title=\"Ilulissat-j\u00e4\u00e4vuono 17.6.-13 - Virpi Kauko\" width=\"420\" class=\"alignnone size-full wp-image-2671\" srcset=\"https:\/\/v.kauko.org\/wp-content\/uploads\/750-v130617_341+42+46+50.jpg 1200w, https:\/\/v.kauko.org\/wp-content\/uploads\/750-v130617_341+42+46+50-300x54.jpg 300w, https:\/\/v.kauko.org\/wp-content\/uploads\/750-v130617_341+42+46+50-1024x186.jpg 1024w\" sizes=\"(max-width: 1200px) 100vw, 1200px\" \/><\/a>  <\/p>\n<p>Ilulissatin j\u00e4\u00e4vuono on Unescon maailmanperint\u00f6kohde. J\u00e4\u00e4virta valuu Disko-lahteen poikien j\u00e4\u00e4vuoria, jotka seilaavat merivirtojen mukana ensin pohjoiseen ja Disko-saaren ymp\u00e4ri, sitten Atlanttia etel\u00e4\u00e4n. Joidenkin tutkimusten mukaan juuri t\u00e4\u00e4ll\u00e4 syntyi sekin j\u00e4\u00e4vuori, johon Titanic aikoinaan t\u00f6rm\u00e4si.<\/p>\n<p><a href=\"https:\/\/v.kauko.org\/wp-content\/uploads\/750-v130617_417-r.jpg\"><img decoding=\"async\" src=\"https:\/\/v.kauko.org\/wp-content\/uploads\/750-v130617_417-r.jpg\" alt=\"\" title=\"J\u00e4\u00e4palat 17.6.-13 - Virpi Kauko\" height=\"130\" class=\"alignnone size-full wp-image-2669\" srcset=\"https:\/\/v.kauko.org\/wp-content\/uploads\/750-v130617_417-r.jpg 750w, https:\/\/v.kauko.org\/wp-content\/uploads\/750-v130617_417-r-300x185.jpg 300w\" sizes=\"(max-width: 750px) 100vw, 750px\" \/><\/a> <a href=\"https:\/\/v.kauko.org\/wp-content\/uploads\/750-v130616_131-vr.jpg\"><img decoding=\"async\" src=\"https:\/\/v.kauko.org\/wp-content\/uploads\/750-v130616_131-vr.jpg\" alt=\"\" title=\"Laiva j\u00e4iss\u00e4 16.6.-13 - Virpi Kauko\" height=\"130\" class=\"alignnone size-full wp-image-2672\" srcset=\"https:\/\/v.kauko.org\/wp-content\/uploads\/750-v130616_131-vr.jpg 750w, https:\/\/v.kauko.org\/wp-content\/uploads\/750-v130616_131-vr-300x185.jpg 300w\" sizes=\"(max-width: 750px) 100vw, 750px\" \/><\/a><\/p>\n<p>Teimme retken l\u00e4hemm\u00e4s j\u00e4\u00e4vuoria samankaltaisella pienell\u00e4 kalastusaluksella, joka kuvassa n\u00e4ytt\u00e4\u00e4 juuttuneen ahtoj\u00e4ihin. Lohkareiden v\u00e4liss\u00e4 oli kuitenkin tilaa ja laivassa kokenut kapteeni. J\u00e4\u00e4tikk\u00f6tutkija selitti meille j\u00e4\u00e4n dynamiikkaa. H\u00e4n nosti kannelle kimpaleet kahdenlaista j\u00e4\u00e4t\u00e4: &#8221;valkoinen&#8221; j\u00e4\u00e4 on vuosikymmenten ja -tuhansien mittaan tiivistynytt\u00e4 lunta, kirkas &#8221;musta&#8221; j\u00e4\u00e4 puolestaan j\u00e4\u00e4tik\u00f6n railoihin valunutta ja uudelleen j\u00e4\u00e4tynytt\u00e4 vett\u00e4. Valkoisesta j\u00e4\u00e4vuoresta on pinnan yll\u00e4 n\u00e4kyviss\u00e4 1\/7. Musta j\u00e4\u00e4 tihe\u00e4mp\u00e4n\u00e4 ui syvemm\u00e4ss\u00e4 ja siit\u00e4 n\u00e4kyy vain 1\/10.<\/p>\n<p><a href=\"https:\/\/v.kauko.org\/wp-content\/uploads\/750-v130617_495.jpg\"><img decoding=\"async\" src=\"https:\/\/v.kauko.org\/wp-content\/uploads\/750-v130617_495.jpg\" alt=\"\" title=\"J\u00e4\u00e4vuori 17.6.-13 - Virpi Kauko\" height=\"140\" class=\"alignnone size-full wp-image-2670\" srcset=\"https:\/\/v.kauko.org\/wp-content\/uploads\/750-v130617_495.jpg 750w, https:\/\/v.kauko.org\/wp-content\/uploads\/750-v130617_495-300x200.jpg 300w\" sizes=\"(max-width: 750px) 100vw, 750px\" \/><\/a>  <a href=\"https:\/\/v.kauko.org\/wp-content\/uploads\/750-v130617_530-vrr.jpg\"><img decoding=\"async\" src=\"https:\/\/v.kauko.org\/wp-content\/uploads\/750-v130617_530-vrr.jpg\" alt=\"\" title=\"Korpit 17.6.-13 - Virpi Kauko\" height=\"140\" class=\"alignnone size-full wp-image-2679\" srcset=\"https:\/\/v.kauko.org\/wp-content\/uploads\/750-v130617_530-vrr.jpg 750w, https:\/\/v.kauko.org\/wp-content\/uploads\/750-v130617_530-vrr-300x200.jpg 300w\" sizes=\"(max-width: 750px) 100vw, 750px\" \/><\/a><\/p>\n<p>T\u00e4st\u00e4kin j\u00e4\u00e4vuoresta on lohkeamassa viipaleita. J\u00e4\u00e4virta on nopeutunut viime vuosikymmenin\u00e4 ilmastonmuutoksen seurauksena.  Korpit <i>(Corvus corax)<\/i> viihtyv\u00e4t yll\u00e4tt\u00e4viss\u00e4kin habitaateissa. <\/p>\n<p><a href=\"https:\/\/v.kauko.org\/wp-content\/uploads\/750-v130618_009-vs.jpg\"><img decoding=\"async\" src=\"https:\/\/v.kauko.org\/wp-content\/uploads\/750-v130618_009-vs.jpg\" alt=\"\" title=\"Sumuj\u00e4\u00e4vuori 17.6.-13 - Virpi Kauko\" height=\"140\" class=\"alignnone size-full wp-image-2680\" srcset=\"https:\/\/v.kauko.org\/wp-content\/uploads\/750-v130618_009-vs.jpg 748w, https:\/\/v.kauko.org\/wp-content\/uploads\/750-v130618_009-vs-300x200.jpg 300w\" sizes=\"(max-width: 748px) 100vw, 748px\" \/><\/a> <a href=\"https:\/\/v.kauko.org\/wp-content\/uploads\/750-v130618_086-r.jpg\"><img decoding=\"async\" src=\"https:\/\/v.kauko.org\/wp-content\/uploads\/750-v130618_086-r.jpg\" alt=\"\" title=\"Valaan pyrst\u00f6 18.6.-13 - Virpi Kauko\" height=\"140\" class=\"alignnone size-full wp-image-2681\" srcset=\"https:\/\/v.kauko.org\/wp-content\/uploads\/750-v130618_086-r.jpg 750w, https:\/\/v.kauko.org\/wp-content\/uploads\/750-v130618_086-r-300x200.jpg 300w\" sizes=\"(max-width: 750px) 100vw, 750px\" \/><\/a><\/p>\n<p>Valaita yritimme t\u00e4hyill\u00e4 koko matkan ajan. Kun olimme tunnetusti valaiden suosimalla alueella, iski p\u00e4\u00e4lle sakea sumu. Sumun seasta h\u00e4\u00e4m\u00f6tt\u00e4v\u00e4t j\u00e4\u00e4vuoret panivat miettim\u00e4\u00e4n Titanicia&#8230; Seuraavana p\u00e4iv\u00e4n\u00e4 oli aurinkoista ja n\u00e4kyi sitten muutama ryh\u00e4valas <i>(Megaptera novaeangliae)<\/i> &#8211;  tai ainakin hengityspurskahdus ja pyrst\u00f6nheilautus. <\/p>\n","protected":false},"excerpt":{"rendered":"<p>Saaren tanskalaisper\u00e4inen nimi vaikuttaa vitsilt\u00e4, koska Gr\u00f6nlannin karun kauniissa maisemissa on kovin v\u00e4h\u00e4n vihre\u00e4\u00e4. Suurin osa maasta on valtavan mannerj\u00e4\u00e4n peitossa.<\/p>\n","protected":false},"author":1,"featured_media":0,"comment_status":"open","ping_status":"open","sticky":false,"template":"","format":"standard","meta":{"footnotes":""},"categories":[71],"tags":[],"class_list":["post-2577","post","type-post","status-publish","format-standard","hentry","category-matkailu-ja-vaellus"],"_links":{"self":[{"href":"https:\/\/v.kauko.org\/index.php?rest_route=\/wp\/v2\/posts\/2577","targetHints":{"allow":["GET"]}}],"collection":[{"href":"https:\/\/v.kauko.org\/index.php?rest_route=\/wp\/v2\/posts"}],"about":[{"href":"https:\/\/v.kauko.org\/index.php?rest_route=\/wp\/v2\/types\/post"}],"author":[{"embeddable":true,"href":"https:\/\/v.kauko.org\/index.php?rest_route=\/wp\/v2\/users\/1"}],"replies":[{"embeddable":true,"href":"https:\/\/v.kauko.org\/index.php?rest_route=%2Fwp%2Fv2%2Fcomments&post=2577"}],"version-history":[{"count":68,"href":"https:\/\/v.kauko.org\/index.php?rest_route=\/wp\/v2\/posts\/2577\/revisions"}],"predecessor-version":[{"id":2816,"href":"https:\/\/v.kauko.org\/index.php?rest_route=\/wp\/v2\/posts\/2577\/revisions\/2816"}],"wp:attachment":[{"href":"https:\/\/v.kauko.org\/index.php?rest_route=%2Fwp%2Fv2%2Fmedia&parent=2577"}],"wp:term":[{"taxonomy":"category","embeddable":true,"href":"https:\/\/v.kauko.org\/index.php?rest_route=%2Fwp%2Fv2%2Fcategories&post=2577"},{"taxonomy":"post_tag","embeddable":true,"href":"https:\/\/v.kauko.org\/index.php?rest_route=%2Fwp%2Fv2%2Ftags&post=2577"}],"curies":[{"name":"wp","href":"https:\/\/api.w.org\/{rel}","templated":true}]}}