{"id":2474,"date":"2013-05-31T14:03:00","date_gmt":"2013-05-31T12:03:00","guid":{"rendered":"http:\/\/v.kauko.org\/?p=2474"},"modified":"2013-05-31T14:39:33","modified_gmt":"2013-05-31T12:39:33","slug":"apinatalo-haudattiin-baanaa-ostoslistalla","status":"publish","type":"post","link":"https:\/\/v.kauko.org\/?p=2474","title":{"rendered":"Apinatalo haudattiin, Baanaa ostoslistalla!"},"content":{"rendered":"<p><a href=\"http:\/\/www3.jkl.fi\/kaavoitus\/kaava.php\/id\/41\"><img decoding=\"async\" src=\"https:\/\/v.kauko.org\/wp-content\/uploads\/vapaudenkatu.jpg\" alt=\"\" title=\"vapaudenkatu\" width=\"110\" class=\"alignleft size-full wp-image-2495\" srcset=\"https:\/\/v.kauko.org\/wp-content\/uploads\/vapaudenkatu.jpg 439w, https:\/\/v.kauko.org\/wp-content\/uploads\/vapaudenkatu-300x206.jpg 300w\" sizes=\"(max-width: 439px) 100vw, 439px\" \/><\/a><a href=\"http:\/\/www3.jkl.fi\/paatokset\/karltk\/2013\/04061630.1\/index.htm\">Kaupunkirakennelautakunnan esityslistalla 4.6.<\/a> on vaihteeksi hyvi\u00e4 asioita. Iltakoulussa 23.5. esiteltiin asioita, jotka tulevat p\u00e4\u00e4tett\u00e4v\u00e4ksi my\u00f6hemmin. <!--more--><\/p>\n<p><a href=\"http:\/\/www3.jkl.fi\/paatokset\/karltk\/2013\/04061630.1\/frmtxt166.htm\">\u00a7166<\/a><br \/>\n\u00c4lyl\u00e4n ja Jyv\u00e4sj\u00e4rven v\u00e4liss\u00e4, Vapaudenkadun, Hannikaisenkadun ja Minna Canthin kadun rajaamassa kolmiossa olevan ns. H\u00e4meenkadun alueen asemakaava on tehty kokonaan uusiksi. Aikaisemmassa kaavaversiossa alue olisi rakennettu t\u00e4yteen maiseman peitt\u00e4vi\u00e4 6-8-kerroksisia taloja ja pisteen\u00e4 i:n p\u00e4\u00e4lle &#8221;sis\u00e4\u00e4ntulon maamerkkin\u00e4&#8221; olisi ollut j\u00e4rkytt\u00e4v\u00e4n kaamea Apilatalo-toimistokolossi. <\/p>\n<p><a href=\"http:\/\/www3.jkl.fi\/kaavoitus\/kaava.php\/id\/41\"><img decoding=\"async\" src=\"https:\/\/v.kauko.org\/wp-content\/uploads\/apinatalo.jpg\" alt=\"\" title=\"Apilatalo. Kuva: Jyv\u00e4skyl\u00e4n kaupunkirakennepalvelut\" width=\"300\" class=\"aligncenter size-full wp-image-2475\" srcset=\"https:\/\/v.kauko.org\/wp-content\/uploads\/apinatalo.jpg 400w, https:\/\/v.kauko.org\/wp-content\/uploads\/apinatalo-300x211.jpg 300w\" sizes=\"(max-width: 400px) 100vw, 400px\" \/><\/a><\/p>\n<p>Vanha kaava tyrm\u00e4ttiin sek\u00e4 asukkaiden ett\u00e4 Keski-Suomen museon taholta. Uutta, nyt n\u00e4ht\u00e4ville pantavaa kaavaehdotusta esiteltiin tiistaina kaupunkirakenne- sek\u00e4 rakennus- ja ymp\u00e4rist\u00f6lautakunnan yhteisess\u00e4 ylim\u00e4\u00e4r\u00e4isess\u00e4 ns. iltakoulussa.<\/p>\n<p>Kerrostalot ovat matalampia ja ne on sijoiteltu siten, ett\u00e4 niiden lomitse n\u00e4kyy \u00c4lyl\u00e4st\u00e4 viel\u00e4 j\u00e4rvelle (sik\u00e4li kun Agoran ja Nokian kolossien takaa mit\u00e4\u00e4n muutenkaan n\u00e4kyy). Rinteeseen muodostuu &#8221;puolikkaita&#8221; kerroksia, joihin sopii vaikkapa kivijalkakauppoja. Apilataloa ei en\u00e4\u00e4 ole lainkaan, vaan sen sijaan pari opiskelija-asuntoja sis\u00e4lt\u00e4v\u00e4\u00e4 taloa. T\u00e4m\u00e4 on mielest\u00e4ni mit\u00e4 mainiointa t\u00e4ydennysrakentamista.<\/p>\n<p><a href=\"http:\/\/www3.jkl.fi\/kaavoitus\/kaava.php\/id\/41\"><img loading=\"lazy\" decoding=\"async\" width=\"750\" height=\"355\" src=\"https:\/\/v.kauko.org\/wp-content\/uploads\/hannikaisenkatu.jpg\" alt=\"\" title=\"N\u00e4kym\u00e4 Hannikaisenkadulta. Kuva: Jyv\u00e4skyl\u00e4n kaupunkirakennepalvelut\" class=\"aligncenter size-full wp-image-2484\" srcset=\"https:\/\/v.kauko.org\/wp-content\/uploads\/hannikaisenkatu.jpg 750w, https:\/\/v.kauko.org\/wp-content\/uploads\/hannikaisenkatu-300x142.jpg 300w\" sizes=\"auto, (max-width: 750px) 100vw, 750px\" \/><\/a><\/p>\n<p><a href=\"http:\/\/www3.jkl.fi\/paatokset\/karltk\/2013\/04061630.1\/frmtxt168.htm\">\u00a7168<\/a><br \/>\nKaupunki aikoo ostaa valtiolta 7.8 hehtaaria maatilkkuja hintaan 295 000 \u20ac. Tilkuista 6.2 ha muodostaa parin kilometrin yhten\u00e4isen p\u00e4tk\u00e4n ratapohjaa P\u00e4\u00e4skyntielt\u00e4 Suluntielle. T\u00e4m\u00e4 investointi edist\u00e4nee Baana-hankkeen toteutumista!  <\/p>\n<p><a href=\"http:\/\/virpi.kauko.org\/kartat\/baana_ilmakuva_tilkku.jpg\"><img loading=\"lazy\" decoding=\"async\" width=\"500\" height=\"571\" src=\"https:\/\/v.kauko.org\/wp-content\/uploads\/500_baana_ilmakuva_tilkku.jpg\" alt=\"\" title=\"500_baana_ilmakuva_tilkku\" class=\"alignnone size-full wp-image-2488\" srcset=\"https:\/\/v.kauko.org\/wp-content\/uploads\/500_baana_ilmakuva_tilkku.jpg 500w, https:\/\/v.kauko.org\/wp-content\/uploads\/500_baana_ilmakuva_tilkku-262x300.jpg 262w\" sizes=\"auto, (max-width: 500px) 100vw, 500px\" \/><\/a><br \/>\nT\u00e4m\u00e4 kartta on koottu lis\u00e4\u00e4m\u00e4ll\u00e4 <a href=\"http:\/\/www.kartta.jkl.fi\">Jyv\u00e4skyl\u00e4n karttapalvelun<\/a> ilmakuvaan esityslistan liittein\u00e4 olevia <a href=\"http:\/\/www.jyvaskyla.fi:8081\/ktwebbin\/dbisa.dll\/ktwebscr\/epjattn.htm?KARLTK+4.6.2013%2016%3a30%3a00+168+1\">kaavakarttoja.<\/a> Kuva suurenee klikkaamalla. <\/p>\n<p>* * * <\/p>\n<p>Olin kaupunkirakenne- sek\u00e4 rakennus- ja ymp\u00e4rist\u00f6lautakunnan yhteisess\u00e4 ylim\u00e4\u00e4r\u00e4isess\u00e4 ns. iltakoulussa 23.5. Listalla oli em. H\u00e4meenkadun kaavan lis\u00e4ksi kaupungin yleiskaava, Lepp\u00e4lahden kyl\u00e4selvitys sek\u00e4 lautakunnan vuosikello. <\/p>\n<p><a href=\"http:\/\/www.jkl.fi\/kaavoitus\/yleiskaava\">Yleiskaava<\/a> on tulossa ehdotusvaiheeseen. Siin\u00e4 on suunniteltu kaupunkia kokonaisuutena: tiet, joukkoliikenne, viheralueet jne. Kaupunki on jaettu alueisiin nimelt\u00e4 OLLI (olemassaoleva kauunkirakenne), LALLI (laajeneva kaupunkirakenne) ja MASSU (maaseutu).<\/p>\n<p>Leena Rossi kertoi yleiskaavan periaatteista, jotka kuulostavat hienoilta: ei en\u00e4\u00e4 lis\u00e4\u00e4 rantatontteja, kaavoitetaan olemassaolevien joukkoliikennereittien varteen, tehd\u00e4\u00e4n osallistuvaa, demokraattista kaupunkisuunnittelua Kankaan tapaan. H\u00e4n viel\u00e4 mainitsi, ett\u00e4 uudet joukkoliikennelinjat tulevat kovin kalliiksi. <\/p>\n<p>Saa n\u00e4hd\u00e4, miten periaatteet toteutuvat k\u00e4yt\u00e4nn\u00f6ss\u00e4.  K\u00e4ytin puheenvuoron, jossa toin esiin, ett\u00e4 Kauram\u00e4ki vaikuttaisi olevan ristiriidassa em. periaatteiden kanssa: seh\u00e4n ei ole l\u00e4hell\u00e4k\u00e4\u00e4n joukkoliikennereittej\u00e4 ja palveluja, vaan sit\u00e4 varten pit\u00e4isi rakentaa monta kilometri\u00e4 uutta tiet\u00e4 ja perustaa uusi bussilinja.  <\/p>\n<p>Iltakoulun idea on esitell\u00e4 asioita etuk\u00e4teen, jotta niihin olisi aikaa perehty\u00e4 ennen kun ne tulevat p\u00e4\u00e4tett\u00e4viksi. N\u00e4it\u00e4 saisi olla useamminkin!<\/p>\n","protected":false},"excerpt":{"rendered":"<p>Kaupunkirakennelautakunnan esityslistalla 4.6. on vaihteeksi hyvi\u00e4 asioita. Iltakoulussa 23.5. esiteltiin asioita, jotka tulevat p\u00e4\u00e4tett\u00e4v\u00e4ksi my\u00f6hemmin.<\/p>\n","protected":false},"author":1,"featured_media":0,"comment_status":"open","ping_status":"open","sticky":false,"template":"","format":"standard","meta":{"footnotes":""},"categories":[75,7],"tags":[],"class_list":["post-2474","post","type-post","status-publish","format-standard","hentry","category-maankaytto-ja-kaavoitus","category-politiikka"],"_links":{"self":[{"href":"https:\/\/v.kauko.org\/index.php?rest_route=\/wp\/v2\/posts\/2474","targetHints":{"allow":["GET"]}}],"collection":[{"href":"https:\/\/v.kauko.org\/index.php?rest_route=\/wp\/v2\/posts"}],"about":[{"href":"https:\/\/v.kauko.org\/index.php?rest_route=\/wp\/v2\/types\/post"}],"author":[{"embeddable":true,"href":"https:\/\/v.kauko.org\/index.php?rest_route=\/wp\/v2\/users\/1"}],"replies":[{"embeddable":true,"href":"https:\/\/v.kauko.org\/index.php?rest_route=%2Fwp%2Fv2%2Fcomments&post=2474"}],"version-history":[{"count":16,"href":"https:\/\/v.kauko.org\/index.php?rest_route=\/wp\/v2\/posts\/2474\/revisions"}],"predecessor-version":[{"id":2494,"href":"https:\/\/v.kauko.org\/index.php?rest_route=\/wp\/v2\/posts\/2474\/revisions\/2494"}],"wp:attachment":[{"href":"https:\/\/v.kauko.org\/index.php?rest_route=%2Fwp%2Fv2%2Fmedia&parent=2474"}],"wp:term":[{"taxonomy":"category","embeddable":true,"href":"https:\/\/v.kauko.org\/index.php?rest_route=%2Fwp%2Fv2%2Fcategories&post=2474"},{"taxonomy":"post_tag","embeddable":true,"href":"https:\/\/v.kauko.org\/index.php?rest_route=%2Fwp%2Fv2%2Ftags&post=2474"}],"curies":[{"name":"wp","href":"https:\/\/api.w.org\/{rel}","templated":true}]}}