{"id":2446,"date":"2013-05-30T11:00:59","date_gmt":"2013-05-30T09:00:59","guid":{"rendered":"http:\/\/v.kauko.org\/?p=2446"},"modified":"2013-05-30T19:06:08","modified_gmt":"2013-05-30T17:06:08","slug":"onko-kaupunkisuunnittelu-kaavoihin-kangistunutta","status":"publish","type":"post","link":"https:\/\/v.kauko.org\/?p=2446","title":{"rendered":"Onko kaupunkisuunnittelu kaavoihin kangistunutta?"},"content":{"rendered":"<p><a href=\"https:\/\/v.kauko.org\/wp-content\/uploads\/200-v130527_044-sr.jpg\"><img loading=\"lazy\" decoding=\"async\" src=\"https:\/\/v.kauko.org\/wp-content\/uploads\/200-v130527_044-sn.jpg\" alt=\"\" title=\"ode\" width=\"110\" height=\"110\" class=\"alignleft size-full wp-image-2401\" \/><\/a><strong><em>&#8221;Vihre\u00e4t pohtivat Soininvaaran kanssa kaupunkisuunnittelun isoja asioita&#8221;<\/strong><\/em>, tiivisti Keskisuomalainen osuvasti 28.5. kertoessaan maanantaina 27.5. kirjastolla pidetyst\u00e4 yleis\u00f6tilaisuudestamme. <!--more--><\/p>\n<p>Keskustelun teemoina oli mm.: Miten poliitikot ja muut kansalaiset voivat osallistua kaupunkisuunnitteluun ja kaavoitukseen? Miten luontoarvot otetaan huomioon? L\u00f6ytyyk\u00f6 ep\u00e4kaupallista kaupunkitilaa? Miten py\u00f6r\u00e4ll\u00e4 p\u00e4\u00e4st\u00e4\u00e4n? <\/p>\n<p><a href=\"https:\/\/v.kauko.org\/wp-content\/uploads\/900-v130527_031-37.jpg\"><img loading=\"lazy\" decoding=\"async\" width=\"900\" height=\"409\" src=\"https:\/\/v.kauko.org\/wp-content\/uploads\/900-v130527_031-37.jpg\" alt=\"\" title=\"900-v130527_031-37\"  class=\"alignnone size-full wp-image-2448\" srcset=\"https:\/\/v.kauko.org\/wp-content\/uploads\/900-v130527_031-37.jpg 900w, https:\/\/v.kauko.org\/wp-content\/uploads\/900-v130527_031-37-300x136.jpg 300w\" sizes=\"auto, (max-width: 900px) 100vw, 900px\" \/><\/a><\/p>\n<p>Maisema-arkkitehti <strong>Mervi Vallinkoski<\/strong> kaupunkirakennepalveluista esitteli kaavoitusty\u00f6t\u00e4 virkamiehen n\u00e4k\u00f6kulmasta. H\u00e4n on mm. kirjoittanut <a href=\"http:\/\/www2.jkl.fi\/kaavakartat\/Kankaan_osayleiskaava\/selvitykset\/Kangas_Tourujoki_uoman_pal_vaihtoehdot_04_2013.pdf\">selvityksen Tourujoen uomavaihtoehdoista<\/a> yhteisty\u00f6ss\u00e4 eri asiantuntijoiden kanssa. Kankaan osayleiskaavan luonnosvaiheeseen tuli parisataa lausuntoa, joista suurimmassa osassa toivottiin pitk\u00e4\u00e4 uomaa hyvin perusteluin: luonto- ja virkistysarvot, kalatalous, viihtyis\u00e4 kaupunkiymp\u00e4rist\u00f6 jne. Niinp\u00e4 kaavaa kehitettiin t\u00e4lt\u00e4 pohjalta, ja kaavaehdotuksessa pitk\u00e4 uoma onkin mahdollistettu. Toteutusaikataulu tosin on asia erikseen.<\/p>\n<p><a href=\"https:\/\/v.kauko.org\/wp-content\/uploads\/900-v130527_044-s.jpg\"><img loading=\"lazy\" decoding=\"async\" width=\"900\" height=\"548\" src=\"https:\/\/v.kauko.org\/wp-content\/uploads\/900-v130527_044-s.jpg\" alt=\"\" title=\"900-v130527_044-s\" class=\"alignnone size-full wp-image-2449\" srcset=\"https:\/\/v.kauko.org\/wp-content\/uploads\/900-v130527_044-s.jpg 900w, https:\/\/v.kauko.org\/wp-content\/uploads\/900-v130527_044-s-300x182.jpg 300w\" sizes=\"auto, (max-width: 900px) 100vw, 900px\" \/><\/a><\/p>\n<p>Oma kummikansanedustajamme <strong>Osmo Soininvaara<\/strong> puhui kaupunkisuunnittelusta poliitikon n\u00e4k\u00f6kulmasta. H\u00e4n kertoi saaneensa Helsingin kunnallisvaaleissa niin paljon \u00e4\u00e4ni\u00e4, ett\u00e4 sai valita luottamusteht\u00e4v\u00e4ns\u00e4. Tarjolla olisi ollut paikka kaupunginhallituksessa, mutta Osmo halusi mieluummin kaupunkisuunnittelulautakuntaan: siell\u00e4 tehd\u00e4\u00e4n p\u00e4\u00e4t\u00f6ksi\u00e4, jotka vaikuttavat asukkaiden el\u00e4m\u00e4\u00e4n vuosikymmenien ja vuosisatojenkin aikaj\u00e4nteell\u00e4.<\/p>\n<p>Helsingiss\u00e4 on k\u00e4ynniss\u00e4 sellainen kulttuurinen muutos, ett\u00e4 nuoret eiv\u00e4t en\u00e4\u00e4 v\u00e4ltt\u00e4m\u00e4tt\u00e4 hanki ajokorttia lainkaan. Nuoret lapsiperheet eiv\u00e4t en\u00e4\u00e4 muuta l\u00e4hi\u00f6ihin halpojen asuinneli\u00f6iden per\u00e4ss\u00e4, vaan pysyv\u00e4t Kalliossa, jonne yht\u00e4kki\u00e4 tarvitaankin ennakoitua enemm\u00e4n p\u00e4iv\u00e4koteja yms. Sama ilmi\u00f6 on havaittavissa muuallakin maailmassa.<\/p>\n<p>Tourujoesta Osmo totesi, ett\u00e4 se kannattaa vapauttaa paitsi luontoarvojen vuoksi my\u00f6s jo siksikin, ett\u00e4 joen luoma viihtyis\u00e4 kaupunkikuva nostaa asuntojen rahallista arvoa ja tuo sit\u00e4 kautta kaivattuja tuloja kaupungille &#8211; kunhan tonteista otetaan k\u00e4yp\u00e4 hinta. Rakennusliikkeeth\u00e4n kuitenkin myyv\u00e4t asunnot mahdollisimman kalliilla, vaikka itse olisivat saaneet tontit halvalla. <\/p>\n<p>Sit\u00e4 h\u00e4n ihmetteli, ett\u00e4 miksi Kangas aiotaan rakentaa niin hitaasti? 2900 ihmisen asuttaminen v. 2025 menness\u00e4 ja 5000 asukkaan v. 2040 menness\u00e4 merkitsee, ett\u00e4 alue on vuosikymmeni\u00e4 keskener\u00e4inen. Kun kerran Jyv\u00e4skyl\u00e4\u00e4n tulee 1200 tai jopa 1400 uutta asukasta vuosittain ja eri puolille kaupunkia rakennetaan koko ajan lis\u00e4\u00e4 taloja, niin kannattaisi rakentaa kukin alue mahdollisimman nopeasti valmiiksi ennen seuraavan alueen aloittamista. N\u00e4in my\u00f6s jokiuoma voitaisiin toteuttaa ripe\u00e4mmin.<\/p>\n<p><a href=\"https:\/\/v.kauko.org\/wp-content\/uploads\/1500-v130527_057-58-39.jpg\"><img loading=\"lazy\" decoding=\"async\" width=\"1500\" height=\"313\" src=\"https:\/\/v.kauko.org\/wp-content\/uploads\/1500-v130527_057-58-39.jpg\" alt=\"\" title=\"1500-v130527_057-58-39\" class=\"alignnone size-full wp-image-2450\" srcset=\"https:\/\/v.kauko.org\/wp-content\/uploads\/1500-v130527_057-58-39.jpg 1500w, https:\/\/v.kauko.org\/wp-content\/uploads\/1500-v130527_057-58-39-300x62.jpg 300w, https:\/\/v.kauko.org\/wp-content\/uploads\/1500-v130527_057-58-39-1024x213.jpg 1024w\" sizes=\"auto, (max-width: 1500px) 100vw, 1500px\" \/><\/a><\/p>\n<p>Paneelissa puhuivat Mervi Vallinkoski, Janne Ruuth, Laura Browne, Osmo Soininvaara, Ky\u00f6sti Ylikulju ja Antti &#8221;Jogi&#8221; Poikola; paneelin puheenjohtajana toimi Petri V\u00e4h\u00e4kangas. (Kuvat suurenevat klikkaamalla)<\/p>\n<p><strong>Janne Ruuth<\/strong> toi esiin biologin n\u00e4k\u00f6kulman ja luontoarvot. J\u00e4rvitaimenta esiintyy my\u00f6s P\u00e4ij\u00e4nteess\u00e4, mutta l\u00e4himm\u00e4t lis\u00e4\u00e4ntymisalueet ovat kaukana etel\u00e4ss\u00e4. Jos kala voisi kutea Tourujoessa, muodostuisi luonnostaan elinvoimainen kanta. T\u00e4ll\u00f6in joen pohjaeli\u00f6st\u00f6kin voisi paremmin, jolloin koko alueen luonto monimuotoistuisi. <\/p>\n<p><strong>Laura Browne<\/strong> osuuskunta HUB Jyv\u00e4skyl\u00e4st\u00e4 oli organisoimassa avointa ideakilpailua Kankaan suunnittelun pohjaksi. Juuri Kankaalla onkin kansalaisten n\u00e4kemykset otettu tavallista laajemmin huomioon jo ennen kuin virallisia piirroksia on tehty. T\u00e4llainen ns. osallistuva kaupunkisuunnittelu toivon mukaan yleistyy muillakin alueilla. <\/p>\n<p>Yl\u00e4kaupungin y\u00f6n toiminnanjohtaja <strong>Ky\u00f6sti Ylikulju<\/strong> toi esiin vapaan, ep\u00e4kaupallisen kaupunkitilan t\u00e4rkeyden. Erilaisten matalan kynnyksen kulttuuritapahtumat luovat osaltaan hyv\u00e4\u00e4 kaupunkikuvaa.<\/p>\n<p><strong>Antti &#8221;Jogi&#8221; Poikola<\/strong> edusti py\u00f6r\u00e4ilij\u00e4n n\u00e4k\u00f6kulmaa. Jyv\u00e4skyl\u00e4n Py\u00f6r\u00e4ilyseura JYPS on ollut paljon yhteydess\u00e4 kaupungin ja ELY-keskuksen virkamiesten kanssa ja siten p\u00e4\u00e4ssyt vaikuttamaan asioihin jo valmisteluvaiheessa. K\u00e4yt\u00f6st\u00e4 poistetun junaradan pohjalle rakennettava Baana-py\u00f6r\u00e4ilyv\u00e4yl\u00e4 on mainio esimerkki siit\u00e4, mit\u00e4 kansalaisj\u00e4rjest\u00f6jen ja virkamiesten yhteisty\u00f6ll\u00e4 voidaan parhaimmillaan saada aikaan. <\/p>\n<p>Toisaalta haittapuolena on, ett\u00e4 vaaleilla valitut poliitikot ovat vaarassa syrj\u00e4yty\u00e4 p\u00e4\u00e4t\u00f6ksenteosta, kun valmistelevat virkamiehet kuuntelevat niit\u00e4 tahoja, jotka aktiivisimmin ajavat omia intressej\u00e4\u00e4n &#8211; ei se ole oikein demokraattista. Kuitenkin, kuten Osmo totesi, kaupunkisuunnittelun virkamiehet saattavat arvostaa ymp\u00e4rist\u00f6arvoja enemm\u00e4n kuin poliitikot keskim\u00e4\u00e4rin, joten vallan luisuminen poliitikoilta virkamiehille on vihre\u00e4st\u00e4 n\u00e4k\u00f6kulmasta joskus hyv\u00e4kin asia.<\/p>\n<p>Kun p\u00e4\u00e4t\u00f6ksiin halutaan vaikuttaa, se on teht\u00e4v\u00e4 &#8221;aikaisemmin, aikaisemmin ja aikaisemmin&#8221;. Siin\u00e4 vaiheessa kun joku kaava on jo tulossa lautakuntaan tai valtuustoon hyv\u00e4ksytt\u00e4v\u00e4ksi, ollaan jo my\u00f6h\u00e4ss\u00e4. Baana-hankettakin varjostaa se seikka, ett\u00e4 10 vuotta suunniteltuun Laukaantien kevyenliikenteenv\u00e4yl\u00e4\u00e4n on nyt \u00e4skett\u00e4in saatu valtion rahoitusta ja sen rakentaminen on aloitettu kunnanrajan l\u00e4helt\u00e4 Laukaaseen p\u00e4in. Jyv\u00e4skyl\u00e4n puolella suunnitelma sis\u00e4lt\u00e4\u00e4 hankalia ja vaarallisia mutkam\u00e4ki\u00e4 ja edestakaisia alikulkusokkeloita. Sellaisena kevytv\u00e4yl\u00e4 olisi sek\u00e4 py\u00f6r\u00e4ilij\u00e4n ett\u00e4 veronmaksajan kannalta hirve\u00e4 ja Baanan toteutuessa muutenkin tarpeeton. Toivottavasti sen toteutus ehdit\u00e4\u00e4n pys\u00e4ytt\u00e4\u00e4 ja k\u00e4ytt\u00e4\u00e4 siihen suunnatut eurot johonkin j\u00e4rkev\u00e4mp\u00e4\u00e4n, esim. juuri Baanaan.<\/p>\n<p><a href=\"https:\/\/v.kauko.org\/wp-content\/uploads\/1200-v130527_054-vr.jpg\"><img loading=\"lazy\" decoding=\"async\" width=\"1200\" height=\"574\" src=\"https:\/\/v.kauko.org\/wp-content\/uploads\/1200-v130527_054-vr.jpg\" alt=\"\" title=\"1200-v130527_054-vr\" class=\"alignnone size-full wp-image-2458\" srcset=\"https:\/\/v.kauko.org\/wp-content\/uploads\/1200-v130527_054-vr.jpg 1200w, https:\/\/v.kauko.org\/wp-content\/uploads\/1200-v130527_054-vr-300x143.jpg 300w, https:\/\/v.kauko.org\/wp-content\/uploads\/1200-v130527_054-vr-1024x489.jpg 1024w\" sizes=\"auto, (max-width: 1200px) 100vw, 1200px\" \/><\/a><\/p>\n<p>Keskusteluun osallistui kaupunginkirjaston Minnansalilla nelisenkymment\u00e4 ihmist\u00e4.  Tilaisuutemme tosin osui harmillisesti p\u00e4\u00e4llekk\u00e4in kaupungin talousarvioseminaarin kanssa, joten monikaan luottamushenkil\u00f6 ja virkamies ei p\u00e4\u00e4ssyt osallistumaan. <\/p>\n<p>Er\u00e4\u00e4ss\u00e4 yleis\u00f6puheenvuorossa jopa kiiteltiin Vihreit\u00e4 tilaisuuden j\u00e4rjest\u00e4misest\u00e4 ja toivottiin lis\u00e4\u00e4 vastaavia. T\u00e4h\u00e4n toiveeseen on helppo yhty\u00e4. Kaupunkikin j\u00e4rjest\u00e4\u00e4 yleis\u00f6tilaisuuksia &#8211; esim. 9.6. on <a href=\"http:\/\/www3.jkl.fi\/blogit\/kangasjyvaskyla\/?page_id=591\">Kankaalla avointen ovien p\u00e4iv\u00e4.<\/a> Seuraavana p\u00e4iv\u00e4n\u00e4 tuli tieto, ett\u00e4 ns. <a href=\"http:\/\/www3.jkl.fi\/kaavoitus\/kaava.php\/id\/41\">H\u00e4meenkadun kaavan<\/a> (jonka ensimm\u00e4inen versio &#8221;Apilataloineen&#8221; tyrm\u00e4ttiin lausunnoissa) uusi versio esitell\u00e4\u00e4n yleis\u00f6lle 12.6. Keski-Suomen Museolla. <\/p>\n<p>Er\u00e4\u00e4ss\u00e4 kommentissa kritisoitiin Seminaarinm\u00e4en alapuolella museoita vastap\u00e4\u00e4t\u00e4 olevaan <a href=\"http:\/\/www3.jkl.fi\/kaavoitus\/kaava.php\/id\/790\">Ruusupuistoon<\/a> tulevaa yliopiston rakennusta. T\u00e4m\u00e4 kaavaehdotus on juuri tulossa valtuustolle lopullisesti hyv\u00e4ksytt\u00e4v\u00e4ksi.<\/p>\n<p>Yleis\u00f6n kommenteissa nousi esiin viestinn\u00e4n pirstoutumisen ongelma: asioista tiedotetaan ja niist\u00e4 keskustellaan lehdiss\u00e4, blogeissa, s\u00e4hk\u00f6postilistoilla ja kaupungin omilla nettisivuilla, mutta tieto ei v\u00e4ltt\u00e4m\u00e4tt\u00e4 saavuta ihmisi\u00e4, jotka eiv\u00e4t tule seuranneeksi juuri samoja kanavia. T\u00e4lle ongelmalle ei oikein voi muuta kuin seurata useita kanavia ja hakeutua ns. oikeille postilistoille.<\/p>\n<p>Tietoa l\u00f6ytyy mm. <a href=\"http:\/\/www.jyvaskyla.fi\/kaavoitus\">Jyv\u00e4skyl\u00e4n kaavoitussivuilta<\/a> ja <a href=\"http:\/\/www.ely-keskus.fi\/web\/ely\/ely-keski-suomi-tiehankkeet?p_p_id=122_INSTANCE_aluevalinta&#038;p_p_lifecycle=0&#038;p_p_state=normal&#038;p_p_mode=view&#038;p_r_p_564233524_resetCur=true&#038;p_r_p_564233524_categoryId=14400#.UacLQhWmUUQ\n\">ELY-keskuksen tiehankesivuilta.<\/a><\/p>\n<p>Yleis\u00f6st\u00e4 kysyttiin my\u00f6s kaupunkisuunnittelun kustannuksista. Esimerkiksi Kankaan suunnittelu on maksanut satojatuhansia euroja, mutta t\u00e4m\u00e4 pit\u00e4\u00e4 suhteuttaa alueen koko investointiin, joka on noin miljardi euroa &#8211; kannattaa suunnitella hyvin, niin investointi tuottaakin hyvin. <\/p>\n<p>Joku oli sit\u00e4 mielt\u00e4, ett\u00e4 5000 asukasta Kankaan alueelle on aivan liian tiivist\u00e4 asumista, ja moitti &#8221;cityvihreytt\u00e4&#8221;. T\u00e4h\u00e4n todettiin, ett\u00e4 kaupunkialueella pit\u00e4\u00e4 rakentaa kaupunkimaisesti, Korpilahdella kaupunkirakenne voi olla toisenlaista. Soininvaara laski, ett\u00e4 jos ne 5000 ihmist\u00e4 asuisivat jossain l\u00e4hi\u00f6ss\u00e4 ja k\u00e4visiv\u00e4t p\u00e4ivitt\u00e4in autolla keskustassa, syntyisi liikenteen p\u00e4\u00e4st\u00f6j\u00e4 maapallon ymp\u00e4riajoa vastaava m\u00e4\u00e4r\u00e4 enemm\u00e4n.<\/p>\n<p>Kuten Osmo on aiemminkin sanonut, hyv\u00e4 kaupunkirakenne on &#8221;tiivis mutta harva&#8221;: et\u00e4isyydet ty\u00f6paikkoihin ja palveluihin ovat lyhyit\u00e4, mutta viher- ja virkistysalueitakin mahtuu v\u00e4liin. T\u00e4rke\u00e4 filosofinen kysymys on, suojellaanko kaupunkiluontoa luonnon itsens\u00e4 vuoksi vai ihmisten virkist\u00e4ytymist\u00e4 varten? Yleisesti luonnon itsens\u00e4 kannalta kannattaisi mieluummin suojella isoja alueita kaukana asutuksesta, mutta on my\u00f6s erityisi\u00e4 luontoalueita (kuten vaikkapa Tourujokilaakson lehto), joita ei voi korvata jossain muualla sijaitsevalla suojelualueella. <\/p>\n<p><a href=\"https:\/\/v.kauko.org\/wp-content\/uploads\/900-v130527_053-r.jpg\"><img decoding=\"async\" src=\"https:\/\/v.kauko.org\/wp-content\/uploads\/900-v130527_053-r.jpg\" alt=\"\" title=\"900-v130527_053-r\" height=\"255\" class=\"alignnone size-full wp-image-2462\" srcset=\"https:\/\/v.kauko.org\/wp-content\/uploads\/900-v130527_053-r.jpg 441w, https:\/\/v.kauko.org\/wp-content\/uploads\/900-v130527_053-r-220x300.jpg 220w\" sizes=\"(max-width: 441px) 100vw, 441px\" \/><\/a> <a href=\"https:\/\/v.kauko.org\/wp-content\/uploads\/odekankaalla_ksml130528_x.jpg\"><img decoding=\"async\" src=\"https:\/\/v.kauko.org\/wp-content\/uploads\/odekankaalla_ksml130528_x.jpg\" alt=\"\" title=\"odekankaalla_ksml130528_x\" height=\"255\" class=\"alignnone size-full wp-image-2421\" srcset=\"https:\/\/v.kauko.org\/wp-content\/uploads\/odekankaalla_ksml130528_x.jpg 900w, https:\/\/v.kauko.org\/wp-content\/uploads\/odekankaalla_ksml130528_x-246x300.jpg 246w, https:\/\/v.kauko.org\/wp-content\/uploads\/odekankaalla_ksml130528_x-841x1024.jpg 841w\" sizes=\"(max-width: 900px) 100vw, 900px\" \/><\/a><\/p>\n<p>Toimittaja Satu Kakkori kirjoitti Keskisuomalaiseen illan keskusteluista ja aiemmin p\u00e4iv\u00e4ll\u00e4 tekem\u00e4st\u00e4mme <a href=\"?p=2394\">tutustumiskierroksesta<\/a> Kankaan alueella. <\/p>\n","protected":false},"excerpt":{"rendered":"<p>&#8221;Vihre\u00e4t pohtivat Soininvaaran kanssa kaupunkisuunnittelun isoja asioita&#8221;, tiivisti Keskisuomalainen osuvasti 28.5. kertoessaan maanantaina 27.5. kirjastolla pidetyst\u00e4 yleis\u00f6tilaisuudestamme.<\/p>\n","protected":false},"author":1,"featured_media":0,"comment_status":"open","ping_status":"open","sticky":false,"template":"","format":"standard","meta":{"footnotes":""},"categories":[75,7],"tags":[],"class_list":["post-2446","post","type-post","status-publish","format-standard","hentry","category-maankaytto-ja-kaavoitus","category-politiikka"],"_links":{"self":[{"href":"https:\/\/v.kauko.org\/index.php?rest_route=\/wp\/v2\/posts\/2446","targetHints":{"allow":["GET"]}}],"collection":[{"href":"https:\/\/v.kauko.org\/index.php?rest_route=\/wp\/v2\/posts"}],"about":[{"href":"https:\/\/v.kauko.org\/index.php?rest_route=\/wp\/v2\/types\/post"}],"author":[{"embeddable":true,"href":"https:\/\/v.kauko.org\/index.php?rest_route=\/wp\/v2\/users\/1"}],"replies":[{"embeddable":true,"href":"https:\/\/v.kauko.org\/index.php?rest_route=%2Fwp%2Fv2%2Fcomments&post=2446"}],"version-history":[{"count":22,"href":"https:\/\/v.kauko.org\/index.php?rest_route=\/wp\/v2\/posts\/2446\/revisions"}],"predecessor-version":[{"id":2471,"href":"https:\/\/v.kauko.org\/index.php?rest_route=\/wp\/v2\/posts\/2446\/revisions\/2471"}],"wp:attachment":[{"href":"https:\/\/v.kauko.org\/index.php?rest_route=%2Fwp%2Fv2%2Fmedia&parent=2446"}],"wp:term":[{"taxonomy":"category","embeddable":true,"href":"https:\/\/v.kauko.org\/index.php?rest_route=%2Fwp%2Fv2%2Fcategories&post=2446"},{"taxonomy":"post_tag","embeddable":true,"href":"https:\/\/v.kauko.org\/index.php?rest_route=%2Fwp%2Fv2%2Ftags&post=2446"}],"curies":[{"name":"wp","href":"https:\/\/api.w.org\/{rel}","templated":true}]}}