{"id":2291,"date":"2013-05-08T10:37:37","date_gmt":"2013-05-08T08:37:37","guid":{"rendered":"http:\/\/v.kauko.org\/?p=2291"},"modified":"2013-05-14T09:48:29","modified_gmt":"2013-05-14T07:48:29","slug":"kaupunkirakennelautakunta-7-5","status":"publish","type":"post","link":"https:\/\/v.kauko.org\/?p=2291","title":{"rendered":"Kaupunkirakennelautakunta 7.5."},"content":{"rendered":"<p><a href=\"https:\/\/v.kauko.org\/wp-content\/uploads\/900-v130510_141.jpg\"><img decoding=\"async\" src=\"https:\/\/v.kauko.org\/wp-content\/uploads\/900-v130510_141.jpg\" alt=\"\" title=\"900-v130510_141\" width=\"110\" class=\"alignleft size-full wp-image-2295\" srcset=\"https:\/\/v.kauko.org\/wp-content\/uploads\/900-v130510_141.jpg 900w, https:\/\/v.kauko.org\/wp-content\/uploads\/900-v130510_141-300x200.jpg 300w\" sizes=\"(max-width: 900px) 100vw, 900px\" \/><\/a>Toinen kokoukseni lautakunnan varaj\u00e4senen\u00e4; <a href=\"http:\/\/www3.jkl.fi\/paatokset\/karltk\/2013\/07051630.1\/index.htm\">esityslistalla<\/a> mm. joukkoliikenne-maksuj\u00e4rjestelm\u00e4-oy:n perustaminen, valtuustoaloite tupakointikiellosta bussipys\u00e4keill\u00e4, kes\u00e4m\u00f6kin kuivaj\u00e4teastiaa koskeva oikaisupyynt\u00f6 ja joukko kaavoja. Lis\u00e4ksi tein torij\u00e4rjestyst\u00e4 koskevan kyselyn, koska kahvila-autojen yms. h\u00e4\u00e4t\u00e4minen torilta kes\u00e4ajaksi vaikuttaa j\u00e4rjett\u00f6m\u00e4lt\u00e4.<!--more--><\/p>\n<p>Ennen kokousta kaavoitustutkija Anna Isopoussu esitteli uutta KymppiR-2013 -maank\u00e4ytt\u00f6suunnitelmaa, joka tulee k\u00e4sitelt\u00e4v\u00e4ksi seuraavassa lautakunnassa 21.5. Viimevuotinen kymppi l\u00f6ytyy <a href=\"http:\/\/www.jyvaskyla.fi\/kaavoitus\/kymppiohjelma\">t\u00e4\u00e4lt\u00e4.<\/a><\/p>\n<h3>Joukkoliikenteen lippuj\u00e4rjestelm\u00e4lle kaupunkien oy<\/h3>\n<p>Kymmenkunta kaupunkia ja muutama ELY-keskus yms. perustaa yhdess\u00e4 osakeyhti\u00f6n, joka hallinnoi yhteist\u00e4 PILETTI-lippuj\u00e4rjestelm\u00e4\u00e4. T\u00e4m\u00e4 vaikuttaa minustakin eritt\u00e4in j\u00e4rkev\u00e4lt\u00e4 hankkeelta. Nyt p\u00e4\u00e4tettiin vasta siit\u00e4, ett\u00e4 Jyv\u00e4skyl\u00e4 on mukana oy:ss\u00e4.<\/p>\n<p>Piletist\u00e4 p\u00e4\u00e4tet\u00e4\u00e4n erikseen, jahka j\u00e4rjestelm\u00e4 valmistuu. Ihmettelin puheenvuorossani aikataulun tiukkuutta, kun j\u00e4rjestelm\u00e4n toimittaja valitaan jo kes\u00e4kuussa, niin miss\u00e4 v\u00e4liss\u00e4 ehdit\u00e4\u00e4n kilpailuttaa? Apulaiskaupungininsin\u00f6\u00f6ri vastasi, ett\u00e4 Liikennevirasto on jo k\u00e4ynnist\u00e4nyt kilpailutuksen, mutta aikataulu saattaa viel\u00e4 veny\u00e4.<\/p>\n<h3>Kuivaj\u00e4tehuolto kes\u00e4m\u00f6kill\u00e4<\/h3>\n<p>Kes\u00e4m\u00f6kkil\u00e4isetkin on velvoitettu liittym\u00e4\u00e4n kunnalliseen j\u00e4tehuoltoh\u00e4rjestelm\u00e4\u00e4n. Tavoitteena on est\u00e4\u00e4 j\u00e4tteiden heittely ymp\u00e4rist\u00f6\u00f6n, mutta s\u00e4\u00e4nt\u00f6 aiheuttaa my\u00f6s j\u00e4rjett\u00f6mi\u00e4 tilanteita. Er\u00e4s pariskunta vaati oikaisua p\u00e4\u00e4t\u00f6kseen mm. sill\u00e4 perusteella, ett\u00e4 jos j\u00e4teauto jyryytt\u00e4\u00e4 erikseen hakemassa roskia, se kuormittaa ymp\u00e4rist\u00f6\u00e4 paljon enemm\u00e4n kuin jos he  tuovat roskapussinsa kaupunkiasuntonsa roskalaatikkoon samalla kun muutenkin kulkevat. Esitin, ett\u00e4 hyv\u00e4ksyisimme t\u00e4m\u00e4n oikaisuvaatimuksen. Esityst\u00e4ni kannatti vain vasemmistoliiton edustaja Taija Roiha; muut olivat sit\u00e4 mielt\u00e4 ett\u00e4 maalaisj\u00e4rke\u00e4 ei voi k\u00e4ytt\u00e4\u00e4, koska yhteiset s\u00e4\u00e4nn\u00f6t.<\/p>\n<h3>Sauhuttelijat kuriin?<\/h3>\n<p>Valtuustoaloitteessa vaadittiin tupakoinnin kielt\u00e4mist\u00e4 pys\u00e4kkikatoksissa ja niiden ymp\u00e4rill\u00e4, jotta mm. lapset ja astmaatikot eiv\u00e4t joutuisi altistumaan savulle. Virkamiesselvityksen mukaan kaupunki ei voi kielt\u00e4\u00e4 tupakoimista kuin laissa m\u00e4\u00e4ritellyiss\u00e4 paikoissa, ja bussikatoksen tulkitseminen esim. &#8221;virastojen ja viranomaisten sek\u00e4 niihin verrattavien julkisten laitosten yleis\u00f6lle ja asiakkaille varatuksi sis\u00e4tilaksi&#8221; on v\u00e4hint\u00e4\u00e4nkin kyseenalaista. Kieltoa olisi mahdoton valvoa, ja siit\u00e4 todenn\u00e4k\u00f6isesti seuraisi oikaisupyynt\u00f6 ja vihaisia puhelinsoittoja virkamiehille (kuten Oulussa on tapahtunut). Keskustelussa p\u00e4\u00e4dyttiin lopulta yksimielisesti palauttamaan asia valmisteltavaksi siten, ett\u00e4 laitettaisiin suositustarroja tyyliin &#8221;olethan huomaavainen etk\u00e4 tupakoi katoksessa&#8221;.<\/p>\n<h3>Torikahvila py\u00f6rill\u00e4?<\/h3>\n<p>Nykys\u00e4\u00e4nt\u00f6jen mukaan vieh\u00e4tt\u00e4v\u00e4 Sitikka-kahvila sek\u00e4 kala- ym. autot joutuvat poistumaan torilta viikon kuluttua, mik\u00e4 on her\u00e4tt\u00e4nyt aiheellista ihmetyst\u00e4. Tein Kyselyt ja aloitteet -pyk\u00e4l\u00e4\u00e4n seuraavan kyselyn:<\/p>\n<p>* * *<br \/>\n<a href=\"http:\/\/www.jyvaskyla.fi\/torit\/kauppatori\">Torij\u00e4rjestyksen<\/a> mukaan autoista myynti on sallittu talviaikana 1.9.-14.5.<br \/>\nTorivalvojalla on kuitenkin oikeus tilap\u00e4isesti my\u00f6nt\u00e4\u00e4 poikkeuksia toris\u00e4\u00e4nt\u00f6\u00f6n ja karttaan, jos sill\u00e4 edistet\u00e4\u00e4n asioiden kulkua torilla.<br \/>\nTorij\u00e4rjestys on <a href=\"http:\/\/www3.jkl.fi\/paatokset\/karltk\/2013\/26021630.0\/frmtxt67.htm\">hyv\u00e4ksytty 26.2.<\/a> ja se aiotaan p\u00e4ivitt\u00e4\u00e4 <a href=\"http:\/\/www3.jkl.fi\/paatokset\/karltk\/2013\/26031630.0\/frmtxt102.htm\">vasta syksyll\u00e4.<\/a><\/p>\n<p>Kaupungin tulisi luoda\u00a0 pienyritt\u00e4jyydelle mahdollisimman hyv\u00e4t toimintaedellytykset kaupungin taloudellisen toimeliaisuuden turvaamiseksi. Turhat rajoitukset torimyynnille eiv\u00e4t edist\u00e4 elinkeinopoliittisia tavoitteita ja vaarantavat koko torin elinvoimaisuuden.<\/p>\n<p><span style=\"color: #800080;\">Kysymys 1: Miksi on katsottu tarpeelliseksi rajoittaa auton k\u00e4ytt\u00f6\u00e4 myyntikojuna talvikauteen?<\/span><\/p>\n<p><span style=\"color: #800080;\">Kysymys 2: Voiko torivalvoja k\u00e4ytt\u00e4\u00e4 harkintaoikeuttaan ja vuokrata vapaana olevat toripaikat niit\u00e4 hakeneille yritt\u00e4jille riippumatta siit\u00e4 myyv\u00e4tk\u00f6 he tuotteitaan autosta vai kojusta?<\/span><\/p>\n<p><span style=\"color: #800080;\">Kysymys 3: Voidaanko torij\u00e4rjestyst\u00e4 p\u00e4ivitt\u00e4\u00e4 jo kev\u00e4\u00e4ll\u00e4 siten, ett\u00e4 poistetaan vuodenaikarajoitus autosta myynnille?<\/span><br \/>\n* * *<\/p>\n<p>Torij\u00e4rjestyksess\u00e4 on muitakin breznevil\u00e4is-tyyppisi\u00e4 kohtia, joten sit\u00e4 siet\u00e4\u00e4 remontoida muutenkin, mutta kunpa nyt edes t\u00e4ss\u00e4 asiassa maalais- tai kaupunkilaisj\u00e4rjen k\u00e4ytt\u00f6 olisi mahdollista.<\/p>\n","protected":false},"excerpt":{"rendered":"<p>Toinen kokoukseni lautakunnan varaj\u00e4senen\u00e4; esityslistalla mm. joukkoliikenne-maksuj\u00e4rjestelm\u00e4-oy:n perustaminen, valtuustoaloite tupakointikiellosta bussipys\u00e4keill\u00e4, kes\u00e4m\u00f6kin kuivaj\u00e4teastiaa koskeva oikaisupyynt\u00f6 ja joukko kaavoja. Lis\u00e4ksi tein torij\u00e4rjestyst\u00e4 koskevan kyselyn, koska kahvila-autojen yms. h\u00e4\u00e4t\u00e4minen torilta kes\u00e4ajaksi vaikuttaa j\u00e4rjett\u00f6m\u00e4lt\u00e4.<\/p>\n","protected":false},"author":1,"featured_media":0,"comment_status":"open","ping_status":"open","sticky":false,"template":"","format":"standard","meta":{"footnotes":""},"categories":[75,7],"tags":[],"class_list":["post-2291","post","type-post","status-publish","format-standard","hentry","category-maankaytto-ja-kaavoitus","category-politiikka"],"_links":{"self":[{"href":"https:\/\/v.kauko.org\/index.php?rest_route=\/wp\/v2\/posts\/2291","targetHints":{"allow":["GET"]}}],"collection":[{"href":"https:\/\/v.kauko.org\/index.php?rest_route=\/wp\/v2\/posts"}],"about":[{"href":"https:\/\/v.kauko.org\/index.php?rest_route=\/wp\/v2\/types\/post"}],"author":[{"embeddable":true,"href":"https:\/\/v.kauko.org\/index.php?rest_route=\/wp\/v2\/users\/1"}],"replies":[{"embeddable":true,"href":"https:\/\/v.kauko.org\/index.php?rest_route=%2Fwp%2Fv2%2Fcomments&post=2291"}],"version-history":[{"count":5,"href":"https:\/\/v.kauko.org\/index.php?rest_route=\/wp\/v2\/posts\/2291\/revisions"}],"predecessor-version":[{"id":2296,"href":"https:\/\/v.kauko.org\/index.php?rest_route=\/wp\/v2\/posts\/2291\/revisions\/2296"}],"wp:attachment":[{"href":"https:\/\/v.kauko.org\/index.php?rest_route=%2Fwp%2Fv2%2Fmedia&parent=2291"}],"wp:term":[{"taxonomy":"category","embeddable":true,"href":"https:\/\/v.kauko.org\/index.php?rest_route=%2Fwp%2Fv2%2Fcategories&post=2291"},{"taxonomy":"post_tag","embeddable":true,"href":"https:\/\/v.kauko.org\/index.php?rest_route=%2Fwp%2Fv2%2Ftags&post=2291"}],"curies":[{"name":"wp","href":"https:\/\/api.w.org\/{rel}","templated":true}]}}