{"id":2238,"date":"2013-04-05T08:19:01","date_gmt":"2013-04-05T06:19:01","guid":{"rendered":"http:\/\/v.kauko.org\/?p=2238"},"modified":"2013-04-07T15:39:27","modified_gmt":"2013-04-07T13:39:27","slug":"revontulia-ja-kuukkeleita","status":"publish","type":"post","link":"https:\/\/v.kauko.org\/?p=2238","title":{"rendered":"Revontulia ja kuukkeleita"},"content":{"rendered":"<p><a href=\"https:\/\/v.kauko.org\/wp-content\/uploads\/700-v130329_108-vn.jpg\"><img decoding=\"async\" src=\"https:\/\/v.kauko.org\/wp-content\/uploads\/700-v130329_108-vn.jpg\" alt=\"\" title=\"Reposet L\u00e4t\u00e4senon yll\u00e4\" width=\"110\" class=\"alignleft size-full wp-image-2287\" srcset=\"https:\/\/v.kauko.org\/wp-content\/uploads\/700-v130329_108-vn.jpg 700w, https:\/\/v.kauko.org\/wp-content\/uploads\/700-v130329_108-vn-300x299.jpg 300w\" sizes=\"(max-width: 700px) 100vw, 700px\" \/><\/a><br \/>\nMaaliskuun viimeisen viikon vietimme er\u00e4maam\u00f6kill\u00e4 L\u00e4t\u00e4seno-joen varressa Lapin K\u00e4sivarressa &#8211; sama paikka ja sama porukka kuin <a href=\"https:\/\/v.kauko.org\/?p=1421\">viime vuonna.<\/a> T\u00e4ll\u00e4 kertaa s\u00e4\u00e4t suosivat: kahtena y\u00f6n\u00e4 n\u00e4kyi komeat revontulet valosaasteettomassa ymp\u00e4rist\u00f6ss\u00e4.<!--more--><\/p>\n<p><a href=\"https:\/\/v.kauko.org\/wp-content\/uploads\/900-v130326_016-r.jpg\"><img decoding=\"async\" src=\"https:\/\/v.kauko.org\/wp-content\/uploads\/900-v130326_016-r.jpg\" alt=\"\" title=\"Timo, Sirpa ja Tapani hiiht\u00e4m\u00e4ss\u00e4\" class=\"alignnone size-full wp-image-2250\" \/><\/a><br \/>\n26.3. Tienvarresta on 10 km hiihtomatka m\u00f6kille jokea pitkin. Ahkio osoittautui mainioksi hankinnaksi. Siin\u00e4 kulkee kuorma kevyemmin kuin rinkassa, ja se pysyy varsin vakaasti pystyss\u00e4, ainakin tasaisella jokireitill\u00e4.<\/p>\n<p><a href=\"https:\/\/v.kauko.org\/wp-content\/uploads\/800-td3qc26o-vsr.jpg\"><img loading=\"lazy\" decoding=\"async\" width=\"800\" height=\"533\" src=\"https:\/\/v.kauko.org\/wp-content\/uploads\/800-td3qc26o-vsr.jpg\" alt=\"\" title=\"Virpi ja ahkio. Kuva: Tapani Tarvainen\" class=\"alignnone size-full wp-image-2279\" srcset=\"https:\/\/v.kauko.org\/wp-content\/uploads\/800-td3qc26o-vsr.jpg 800w, https:\/\/v.kauko.org\/wp-content\/uploads\/800-td3qc26o-vsr-300x199.jpg 300w\" sizes=\"auto, (max-width: 800px) 100vw, 800px\" \/><\/a><br \/>\n26.3. Ahkio kyll\u00e4 hidasti vauhtia verrattuna ilman kuormaa hiihtoon.<\/p>\n<p><a href=\"https:\/\/v.kauko.org\/wp-content\/uploads\/900-v130326_029.jpg\"><img decoding=\"async\" src=\"https:\/\/v.kauko.org\/wp-content\/uploads\/900-v130326_029.jpg\" alt=\"\" title=\"L\u00e4t\u00e4seno\" class=\"alignnone size-full wp-image-2250\" \/><\/a><br \/>\n26.3. Suurimman osan matkasta saattoi hiiht\u00e4\u00e4 moottorikelkan j\u00e4ljess\u00e4, mutta v\u00e4lill\u00e4 oli avattava oma latu. Paikoitellen hanki kantoi hyvin, toisin paikoin oli upottavampaa. Tuuli on veistellyt hankeen kauniita kuvioita.<\/p>\n<p><a href=\"https:\/\/v.kauko.org\/wp-content\/uploads\/800-td3qd9dw-vsr.jpg\"><img loading=\"lazy\" decoding=\"async\" width=\"800\" height=\"728\" src=\"https:\/\/v.kauko.org\/wp-content\/uploads\/800-td3qd9dw-vsr.jpg\" alt=\"\" title=\"Virpi kairaa, Timo kannustaa. Kuva: Tapani Tarvainen\" class=\"alignnone size-full wp-image-2281\" srcset=\"https:\/\/v.kauko.org\/wp-content\/uploads\/800-td3qd9dw-vsr.jpg 800w, https:\/\/v.kauko.org\/wp-content\/uploads\/800-td3qd9dw-vsr-300x273.jpg 300w\" sizes=\"auto, (max-width: 800px) 100vw, 800px\" \/><\/a><br \/>\n26.3. M\u00f6kille saavuttuamme kairasimme avannon juoma- ja saunavett\u00e4 varten. Jokivesi on aivan kirkasta.<\/p>\n<p><a href=\"https:\/\/v.kauko.org\/wp-content\/uploads\/900-v130327_005-v.jpg\"><img decoding=\"async\" src=\"https:\/\/v.kauko.org\/wp-content\/uploads\/900-v130327_005-v.jpg\" alt=\"\" title=\"L\u00e4t\u00e4seno yl\u00e4virtaan\" class=\"alignnone size-full wp-image-2250\" \/><\/a><br \/>\n27.3. Seuraavana p\u00e4iv\u00e4n\u00e4 hiihdimme m\u00f6kilt\u00e4 kauemmas yl\u00e4virtaan. <\/p>\n<p><a href=\"https:\/\/v.kauko.org\/wp-content\/uploads\/900-v130327_006.jpg\"><img loading=\"lazy\" decoding=\"async\" width=\"900\" height=\"675\" src=\"https:\/\/v.kauko.org\/wp-content\/uploads\/900-v130327_006.jpg\" alt=\"\" title=\"L\u00e4t\u00e4seno alavirtaan\" class=\"alignnone size-full wp-image-2255\" srcset=\"https:\/\/v.kauko.org\/wp-content\/uploads\/900-v130327_006.jpg 900w, https:\/\/v.kauko.org\/wp-content\/uploads\/900-v130327_006-300x225.jpg 300w\" sizes=\"auto, (max-width: 900px) 100vw, 900px\" \/><\/a><br \/>\n27.3. Oma latu paras latu. <\/p>\n<p><a href=\"https:\/\/v.kauko.org\/wp-content\/uploads\/900-v130327_014-vr.jpg\"><img loading=\"lazy\" decoding=\"async\" width=\"900\" height=\"641\" src=\"https:\/\/v.kauko.org\/wp-content\/uploads\/900-v130327_014-vr.jpg\" alt=\"\" title=\"900-v130327_014-vr\" class=\"alignnone size-full wp-image-2257\" srcset=\"https:\/\/v.kauko.org\/wp-content\/uploads\/900-v130327_014-vr.jpg 900w, https:\/\/v.kauko.org\/wp-content\/uploads\/900-v130327_014-vr-300x213.jpg 300w\" sizes=\"auto, (max-width: 900px) 100vw, 900px\" \/><\/a><br \/>\n27.3. T\u00e4ysikuu.<\/p>\n<p><a href=\"https:\/\/v.kauko.org\/wp-content\/uploads\/900-v130327_042-v.jpg\"><img decoding=\"async\" src=\"https:\/\/v.kauko.org\/wp-content\/uploads\/900-v130327_042-v.jpg\" alt=\"\" title=\"Revonh\u00e4nt\u00e4 ja pyrst\u00f6t\u00e4hti\" class=\"alignnone size-full wp-image-2250\" \/><\/a><br \/>\n27.3. Kun kamerat oli viritelty jalustoille joen j\u00e4\u00e4lle, alkoivat revontuletkin loimottaa. Kuvan keskell\u00e4 n\u00e4kyy my\u00f6s <a href=\"http:\/\/www.avaruus.fi\/uutiset\/tahtiharrastus-ja-taivaanilmiot\/komeetta-panstarrs-on-noussut-suomen-taivaalle.html\">PanSTARSS-komeetta!<\/a><\/p>\n<p><a href=\"https:\/\/v.kauko.org\/wp-content\/uploads\/900-v130327_053-v.jpg\"><img decoding=\"async\" src=\"https:\/\/v.kauko.org\/wp-content\/uploads\/900-v130327_053-v.jpg\" alt=\"\" title=\"Reposet\" class=\"alignnone size-full wp-image-2250\" \/><\/a><br \/>\n27.3. Kuu valaisee maisemaa niin, ett\u00e4 joenpenkka j\u00e4\u00e4 varjoon. Kuu on kuitenkin matalalla etel\u00e4taivaalla eik\u00e4 haittaa pohjantulien kuvaamista. <\/p>\n<p><a href=\"https:\/\/v.kauko.org\/wp-content\/uploads\/900-v130328_013.jpg\"><img decoding=\"async\" src=\"https:\/\/v.kauko.org\/wp-content\/uploads\/900-v130328_013.jpg\" alt=\"\" title=\"Matikka\" class=\"alignnone size-full wp-image-2250\" \/><\/a><br \/>\n28.3. Madepyydykset olivat j\u00e4\u00e4n alla y\u00f6n yli, ja aamulla saimme saalista. <\/p>\n<p><a href=\"https:\/\/v.kauko.org\/wp-content\/uploads\/900-v130328_027-v.jpg\"><img decoding=\"async\" src=\"https:\/\/v.kauko.org\/wp-content\/uploads\/900-v130328_027-v.jpg\" alt=\"\" title=\"Sirpa nuohoaa\" class=\"alignnone size-full wp-image-2250\" \/><\/a><br \/>\n28.3. Sirpa perkasi mateet ja nuohosi saunan hormin.<\/p>\n<p><a href=\"https:\/\/v.kauko.org\/wp-content\/uploads\/900-v130329_017-vr.jpg\"><img decoding=\"async\" src=\"https:\/\/v.kauko.org\/wp-content\/uploads\/900-v130329_017-vr.jpg\" alt=\"\" title=\"Kuukkeli\" class=\"alignnone size-full wp-image-2250\" \/><\/a><br \/>\n29.3. Kuukkelipariskunnalle maistuu mateenperkeet. &#8221;Haaska&#8221; on aseteltu m\u00f6kin ikkunan eteen.<br \/>\n<a href=\"https:\/\/v.kauko.org\/wp-content\/uploads\/900-v130329_024-vr.jpg\"><img decoding=\"async\" src=\"https:\/\/v.kauko.org\/wp-content\/uploads\/900-v130329_024-vr.jpg\" alt=\"\" title=\"Kuukkeli\" class=\"alignnone size-full wp-image-2250\" \/><\/a><\/p>\n<p><a href=\"https:\/\/v.kauko.org\/wp-content\/uploads\/900-v130329_041-vr.jpg\"><img decoding=\"async\" src=\"https:\/\/v.kauko.org\/wp-content\/uploads\/900-v130329_041-vr.jpg\" alt=\"\" title=\"Kuukkeli\" class=\"alignnone size-full wp-image-2250\" \/><\/a><\/p>\n<p><a href=\"https:\/\/v.kauko.org\/wp-content\/uploads\/900-v130329_108-v.jpg\"><img loading=\"lazy\" decoding=\"async\" width=\"900\" height=\"600\" src=\"https:\/\/v.kauko.org\/wp-content\/uploads\/900-v130329_108-v.jpg\" alt=\"\" title=\"Reposet\" class=\"alignnone size-full wp-image-2250\" srcset=\"https:\/\/v.kauko.org\/wp-content\/uploads\/900-v130329_108-v.jpg 900w, https:\/\/v.kauko.org\/wp-content\/uploads\/900-v130329_108-v-300x200.jpg 300w\" sizes=\"auto, (max-width: 900px) 100vw, 900px\" \/><\/a><br \/>\n29.3. Torstai-iltana loimusi viel\u00e4 hienommin kuin tiistaina. Pakkanen kiristyi 20 asteeseen.<\/p>\n<p><a href=\"https:\/\/v.kauko.org\/wp-content\/uploads\/900-v130329_126-v.jpg\"><img decoding=\"async\" src=\"https:\/\/v.kauko.org\/wp-content\/uploads\/900-v130329_126-v.jpg\" alt=\"\" title=\"Reposet ja komeetta\" class=\"alignnone size-full wp-image-2250\" \/><\/a><br \/>\n29.3. Komeetta on kahdessa p\u00e4iv\u00e4ss\u00e4 liikahtanut havaittavasti t\u00e4htitaivaaseen n\u00e4hden. Revontuliverhon alalaidassa komeetasta yl\u00e4vasemmalle n\u00e4kyy my\u00f6s Andromedan galaksi.<\/p>\n<p><a href=\"https:\/\/v.kauko.org\/wp-content\/uploads\/900-v130329_133-v.jpg\"><img decoding=\"async\" src=\"https:\/\/v.kauko.org\/wp-content\/uploads\/900-v130329_133-v.jpg\" alt=\"\" title=\"Reposet ja satelliitti\" class=\"alignnone size-full wp-image-2250\" \/><\/a><br \/>\n29.3. Jokin satelliitti ehti vet\u00e4\u00e4 pitk\u00e4n viirun 10 sekunnin valotuksen aikana.<\/p>\n<p><a href=\"https:\/\/v.kauko.org\/wp-content\/uploads\/900-v130329_140-v.jpg\"><img decoding=\"async\" src=\"https:\/\/v.kauko.org\/wp-content\/uploads\/900-v130329_140-v.jpg\" alt=\"\" title=\"Reposet ja satelliitti\" class=\"alignnone size-full wp-image-2250\" \/><\/a><br \/>\n29.3. Toinen satelliitti oikealla; nyt valotusaika oli 15 s.<\/p>\n<p><a href=\"https:\/\/v.kauko.org\/wp-content\/uploads\/900-v130330_029.jpg\"><img decoding=\"async\" src=\"https:\/\/v.kauko.org\/wp-content\/uploads\/900-v130330_029.jpg\" alt=\"\" title=\"Bonsai\" class=\"alignnone size-full wp-image-2250\" \/><\/a><br \/>\n30.3. Bonsai-m\u00e4nty kasvaa suolla.<\/p>\n<p><a href=\"https:\/\/v.kauko.org\/wp-content\/uploads\/900-v130330_001-vr.jpg\"><img decoding=\"async\" src=\"https:\/\/v.kauko.org\/wp-content\/uploads\/900-v130330_001-vr.jpg\" alt=\"\" title=\"Tassut\" class=\"alignnone size-full wp-image-2250\" \/><\/a><br \/>\n30.3. Ketun j\u00e4lki\u00e4 n\u00e4kyi paljon.<\/p>\n<p><a href=\"https:\/\/v.kauko.org\/wp-content\/uploads\/900-v130330_037-v.jpg\"><img decoding=\"async\" src=\"https:\/\/v.kauko.org\/wp-content\/uploads\/900-v130330_037-v.jpg\" alt=\"\" title=\"Startrail\" class=\"alignnone size-full wp-image-2250\" \/><\/a><br \/>\n30.3. Viimeisen\u00e4 iltana taivas oli kirkas, mutta revontulia ei n\u00e4kynyt ja kuvasin t\u00e4htitaivasta. 11 minuutin valotusaika tuo maapallon py\u00f6rimisliikkeen n\u00e4kyviin.<\/p>\n<p><a href=\"https:\/\/v.kauko.org\/wp-content\/uploads\/900-v130331_011-r.jpg\"><img decoding=\"async\" src=\"https:\/\/v.kauko.org\/wp-content\/uploads\/900-v130331_011-r.jpg\" alt=\"\" title=\"Hiiht\u00e4j\u00e4t\" class=\"alignnone size-full wp-image-2250\" \/><\/a><br \/>\n31.3. P\u00e4\u00e4si\u00e4issunnuntaina hiihdimme takaisin tienvarteen.<\/p>\n","protected":false},"excerpt":{"rendered":"<p>Maaliskuun viimeisen viikon vietimme er\u00e4maam\u00f6kill\u00e4 L\u00e4t\u00e4seno-joen varressa Lapin K\u00e4sivarressa &#8211; sama paikka ja sama porukka kuin viime vuonna. T\u00e4ll\u00e4 kertaa s\u00e4\u00e4t suosivat: kahtena y\u00f6n\u00e4 n\u00e4kyi komeat revontulet valosaasteettomassa ymp\u00e4rist\u00f6ss\u00e4.<\/p>\n","protected":false},"author":1,"featured_media":0,"comment_status":"open","ping_status":"open","sticky":false,"template":"","format":"standard","meta":{"footnotes":""},"categories":[10,71,74],"tags":[],"class_list":["post-2238","post","type-post","status-publish","format-standard","hentry","category-luonto","category-matkailu-ja-vaellus","category-taivas"],"_links":{"self":[{"href":"https:\/\/v.kauko.org\/index.php?rest_route=\/wp\/v2\/posts\/2238","targetHints":{"allow":["GET"]}}],"collection":[{"href":"https:\/\/v.kauko.org\/index.php?rest_route=\/wp\/v2\/posts"}],"about":[{"href":"https:\/\/v.kauko.org\/index.php?rest_route=\/wp\/v2\/types\/post"}],"author":[{"embeddable":true,"href":"https:\/\/v.kauko.org\/index.php?rest_route=\/wp\/v2\/users\/1"}],"replies":[{"embeddable":true,"href":"https:\/\/v.kauko.org\/index.php?rest_route=%2Fwp%2Fv2%2Fcomments&post=2238"}],"version-history":[{"count":14,"href":"https:\/\/v.kauko.org\/index.php?rest_route=\/wp\/v2\/posts\/2238\/revisions"}],"predecessor-version":[{"id":2280,"href":"https:\/\/v.kauko.org\/index.php?rest_route=\/wp\/v2\/posts\/2238\/revisions\/2280"}],"wp:attachment":[{"href":"https:\/\/v.kauko.org\/index.php?rest_route=%2Fwp%2Fv2%2Fmedia&parent=2238"}],"wp:term":[{"taxonomy":"category","embeddable":true,"href":"https:\/\/v.kauko.org\/index.php?rest_route=%2Fwp%2Fv2%2Fcategories&post=2238"},{"taxonomy":"post_tag","embeddable":true,"href":"https:\/\/v.kauko.org\/index.php?rest_route=%2Fwp%2Fv2%2Ftags&post=2238"}],"curies":[{"name":"wp","href":"https:\/\/api.w.org\/{rel}","templated":true}]}}