{"id":2027,"date":"2012-10-09T16:17:11","date_gmt":"2012-10-09T14:17:11","guid":{"rendered":"http:\/\/v.kauko.org\/?p=2027"},"modified":"2013-03-15T09:11:08","modified_gmt":"2013-03-15T07:11:08","slug":"avoimempi-jyvaskyla","status":"publish","type":"post","link":"https:\/\/v.kauko.org\/?p=2027","title":{"rendered":"Avoimempi Jyv\u00e4skyl\u00e4"},"content":{"rendered":"<p><a href=\"http:\/\/avoimempijyvaskyla.fi\"><img decoding=\"async\" class=\"alignleft size-full wp-image-1930\" title=\"200-avjyv_01\" src=\"https:\/\/v.kauko.org\/wp-content\/uploads\/200-avjyv_01.jpg\" alt=\"\" width=\"80\" \/><\/a> <a href=\"http:\/\/jyvaskylanvihreat.fi\">Jyv\u00e4skyl\u00e4n Vihreiden<\/a> kunnallisvaalilehti 2012 on ilmestynyt. <a href=\"http:\/\/www.gene.fi\/avoimempijyvaskyla\/Avoimempi_Jyvaskyla.pdf\">[PDF 6.4 MB]<\/a><\/p>\n<p>Lehden verkkoversio l\u00f6ytyy sivulta <a href=\"http:\/\/avoimempijyvaskyla.fi\">avoimempijyvaskyla.fi<\/a> <!--more--><\/p>\n<p>Lehti painettiin perjantaina 5.10. Lauantaiksi saimme 1000 kappaleen er\u00e4n kadulla jaettavaksi, ja loput 49 000 tulivat rekalla Sep\u00e4nkeskukseen maanantaina 8.10. Riuska talkoov\u00e4ki kantoi lehtiniput sateensuojaan reilussa tunnissa.<\/p>\n<p><a href=\"https:\/\/v.kauko.org\/wp-content\/uploads\/750-v121008_008.jpg\"><img decoding=\"async\" class=\"aligncenter size-full wp-image-1959\" title=\"750-v121008_008\" src=\"https:\/\/v.kauko.org\/wp-content\/uploads\/750-v121008_008.jpg\" alt=\"\" width=\"500\" srcset=\"https:\/\/v.kauko.org\/wp-content\/uploads\/750-v121008_008.jpg 750w, https:\/\/v.kauko.org\/wp-content\/uploads\/750-v121008_008-300x200.jpg 300w\" sizes=\"(max-width: 750px) 100vw, 750px\" \/><\/a><\/p>\n<p><a href=\"https:\/\/v.kauko.org\/wp-content\/uploads\/750-v121008_010.jpg\"><img decoding=\"async\" class=\"aligncenter size-full wp-image-1959\" title=\"750-v121008_010\" src=\"https:\/\/v.kauko.org\/wp-content\/uploads\/750-v121008_010.jpg\" alt=\"\" width=\"500\" \/><\/a><a href=\"http:\/\/avoimempijyvaskyla.fi\"><img loading=\"lazy\" decoding=\"async\" class=\"aligncenter size-full wp-image-1922\" title=\"400-avjyv_01\" src=\"https:\/\/v.kauko.org\/wp-content\/uploads\/400-avjyv_01.jpg\" alt=\"\" width=\"400\" height=\"575\" srcset=\"https:\/\/v.kauko.org\/wp-content\/uploads\/400-avjyv_01.jpg 400w, https:\/\/v.kauko.org\/wp-content\/uploads\/400-avjyv_01-208x300.jpg 208w\" sizes=\"auto, (max-width: 400px) 100vw, 400px\" \/><\/a><\/p>\n<p><strong>Toimituskunta<\/strong><br \/>\nVastaava p\u00e4\u00e4toimittaja: Petri V\u00e4h\u00e4kangas<br \/>\nP\u00e4\u00e4toimittaja: Virpi Kauko<br \/>\nIrene Hallam\u00e4ki<br \/>\nMarjo Suvanto<br \/>\nTimo Hautala<br \/>\nTaitto: Timo Hautala\/Osuuskunta Generaattori, www.gene.fi<br \/>\nKannen kuva: Arto Revonkorpi<br \/>\nPaino: Lehtisep\u00e4t Oy, Pieks\u00e4m\u00e4ki<br \/>\nPainos: 50 000<\/p>\n<p><strong>Sis\u00e4llys<\/strong><br \/>\nP\u00e4\u00e4kirjoitus: <em>Avoimempi Jyv\u00e4skyl\u00e4<\/em> &#8211; Petri V\u00e4h\u00e4kangas<br \/>\nP\u00e4\u00e4kirjoitus: <em>Vihre\u00e4mpi Jyv\u00e4skyl\u00e4<\/em> &#8211; Virpi Kauko<br \/>\n<em>data.jyvaskyla.fi<\/em> &#8211; Antti Poikola<br \/>\n<em>Kilpa-ajo Jyv\u00e4skyl\u00e4n halki<\/em> &#8211; Irene Hallam\u00e4ki<br \/>\nJyv\u00e4skyl\u00e4st\u00e4 py\u00f6r\u00e4ilykaupunki<br \/>\n<em>Vihreytt\u00e4 kaavoituspolitiikassa?<\/em> &#8211; Virpi Kauko<br \/>\n<em>Tienaa euroja energiaa s\u00e4\u00e4st\u00e4m\u00e4ll\u00e4!<\/em> &#8211; Antti Yli-Tainio<br \/>\n<a href=\"http:\/\/jyvaskylanvihreat.fi\/kunnallisvaalit-2012\/ehdokkaat\/\">Ehdokkaat<\/a><br \/>\n<a href=\"http:\/\/www.jyvaskylanvihreat.fi\/kunnallisvaalit-2012\/avoimempi-ja-elinvoimaisempi-jyvaskyla\/\">Avoimempi ja elinvoimaisempi Jyv\u00e4skyl\u00e4<\/a> (vaaliohjelma)<br \/>\nNovelli: <em>Matka poikittaisradalla<\/em> &#8211; Jukka Ammondt<br \/>\n<em>Luomua ja l\u00e4helt\u00e4, kiitos!<\/em> &#8211; Anni Pursiainen<br \/>\n<em>Avointa ja suljettua kaupunkisuunnittelua<\/em> &#8211; Virpi Kauko<br \/>\n<em>Halpa tulee kalliiksi<\/em> &#8211; Virpi Kauko<br \/>\n<em>Jyv\u00e4skyl\u00e4 \u2013 monien kulttuurien koti, kansainv\u00e4linen kaupunki<\/em><br \/>\n&#8211; Maia Fandi ja Amir Soltanpanah<br \/>\nKolumni: <em>Avoin, ihmisl\u00e4heinen vihre\u00e4 kunta<\/em> &#8211; Ville Niinist\u00f6<br \/>\n<em>Lakiuudistus oikomaan sosiaali- ja terveydenhuollon mutkia<\/em> &#8211; Touko Aalto<br \/>\nKysy mit\u00e4 vaan, Henkka vastaa<br \/>\n<em>Monipuolinen joukkoliikenne kuuluu kaikille<\/em> &#8211; Leena Rantanen<\/p>\n","protected":false},"excerpt":{"rendered":"<p>Jyv\u00e4skyl\u00e4n Vihreiden kunnallisvaalilehti 2012 on ilmestynyt. [PDF 6.4 MB] Lehden verkkoversio l\u00f6ytyy sivulta avoimempijyvaskyla.fi<\/p>\n","protected":false},"author":1,"featured_media":0,"comment_status":"closed","ping_status":"open","sticky":false,"template":"","format":"standard","meta":{"footnotes":""},"categories":[11],"tags":[],"class_list":["post-2027","post","type-post","status-publish","format-standard","hentry","category-vaalit"],"_links":{"self":[{"href":"https:\/\/v.kauko.org\/index.php?rest_route=\/wp\/v2\/posts\/2027","targetHints":{"allow":["GET"]}}],"collection":[{"href":"https:\/\/v.kauko.org\/index.php?rest_route=\/wp\/v2\/posts"}],"about":[{"href":"https:\/\/v.kauko.org\/index.php?rest_route=\/wp\/v2\/types\/post"}],"author":[{"embeddable":true,"href":"https:\/\/v.kauko.org\/index.php?rest_route=\/wp\/v2\/users\/1"}],"replies":[{"embeddable":true,"href":"https:\/\/v.kauko.org\/index.php?rest_route=%2Fwp%2Fv2%2Fcomments&post=2027"}],"version-history":[{"count":10,"href":"https:\/\/v.kauko.org\/index.php?rest_route=\/wp\/v2\/posts\/2027\/revisions"}],"predecessor-version":[{"id":2169,"href":"https:\/\/v.kauko.org\/index.php?rest_route=\/wp\/v2\/posts\/2027\/revisions\/2169"}],"wp:attachment":[{"href":"https:\/\/v.kauko.org\/index.php?rest_route=%2Fwp%2Fv2%2Fmedia&parent=2027"}],"wp:term":[{"taxonomy":"category","embeddable":true,"href":"https:\/\/v.kauko.org\/index.php?rest_route=%2Fwp%2Fv2%2Fcategories&post=2027"},{"taxonomy":"post_tag","embeddable":true,"href":"https:\/\/v.kauko.org\/index.php?rest_route=%2Fwp%2Fv2%2Ftags&post=2027"}],"curies":[{"name":"wp","href":"https:\/\/api.w.org\/{rel}","templated":true}]}}