{"id":1866,"date":"2012-09-30T12:42:54","date_gmt":"2012-09-30T10:42:54","guid":{"rendered":"http:\/\/v.kauko.org\/?p=1866"},"modified":"2012-09-30T16:05:33","modified_gmt":"2012-09-30T14:05:33","slug":"jyvaskylan-tulee-kasvaa-ylospain","status":"publish","type":"post","link":"https:\/\/v.kauko.org\/?p=1866","title":{"rendered":"Jyv\u00e4skyl\u00e4n tulee kasvaa yl\u00f6sp\u00e4in"},"content":{"rendered":"<p><em>Nelj\u00e4n ehdokkaan yhteinen mielipidekirjoitus julkaistiin Keskisuomalaisessa 30.9.2012 (lyhennettyn\u00e4) kolmen ehdokkaan nimiss\u00e4 ja<a href=\"http:\/\/www.ksml.fi\/mielipide\/mielipidekirjoitukset\/jyvaskylan-tulee-kasvaa-ylospain\/1255069\"> nettiversiossa<\/a> vain yhden nimiss\u00e4.<\/em><!--more--><\/p>\n<p>* * *<\/p>\n<p>Jyv\u00e4skyl\u00e4 on kompakti ja ihmisen mittakaavainen kaupunki.  Kolmen kilometrin s\u00e4teell\u00e4 keskustasta asuu per\u00e4ti 80 % kantakaupungin v\u00e4est\u00f6st\u00e4.  Uudetkin asuinalueet tulee rakentaa niin, ett\u00e4 palvelut ovat k\u00e4vely-  tai py\u00f6r\u00e4matkan p\u00e4\u00e4ss\u00e4 ja joukkoliikenteen k\u00e4ytt\u00f6 on vaivatonta.<\/p>\n<p>Kankaan  alueesta voidaan tehd\u00e4 py\u00f6r\u00e4ily- ja k\u00e4vely-yst\u00e4v\u00e4llisen alueen edell\u00e4k\u00e4vij\u00e4.  Muita py\u00f6r\u00e4ilyet\u00e4isyydelle keskustasta suunniteltavia uusia alueita  ovat \u00c4ij\u00e4l\u00e4nranta, Halssilanm\u00e4ki, Kangasvuori ja Korteniitty.<\/p>\n<p>Jyv\u00e4skyl\u00e4ss\u00e4 on kaupunkirakennetta hajauttavia kaavoitushankkeita, jotka lis\u00e4isiv\u00e4t  liikenteen aiheuttamia  ymp\u00e4rist\u00f6haittoja, heikent\u00e4isiv\u00e4t l\u00e4hipalveluiden ja joukkoliikenteen  kannattavuutta ja tuhoaisivat t\u00e4rkeit\u00e4 l\u00e4hivirkistysalueita.  Esimerkiksi  valtatie 9:n Ronsuntaipaleentien v\u00e4liseen mets\u00e4\u00e4n suunniteltu  pientalovaltainen Kauram\u00e4en asuinalue olisi askel v\u00e4\u00e4r\u00e4\u00e4n suuntaan.<\/p>\n<p>T\u00e4m\u00e4n alueen yhteyteen on suunniteltu hypermarket. Moottoritien varteen kaavaillut kaupan suuryksik\u00f6t viev\u00e4t asiakkaita keskusten pienemmilt\u00e4 kaupoilta ja leiv\u00e4n pienyritt\u00e4j\u00e4n p\u00f6yd\u00e4st\u00e4. Jos l\u00e4hikaupat puuttuvat, ihmiset joutuvat kulkemaan kauas palvelujen per\u00e4ss\u00e4.  Jotta joukkoliikenne olisi kilpailukykyinen vaihtoehto  yksityisautoilulle, pit\u00e4isi kaavoittaa tiiviit\u00e4, ns. ensimm\u00e4isen palvelutason alueita, joilla vuorov\u00e4li olisi 10-15 minuuttia. T\u00e4m\u00e4 ei Kauram\u00e4ess\u00e4 toteutuisi.<\/p>\n<p>Kaupungin  keskustassa  ja aluekeskuksissa asunnot ovat kalliita suuren kysynn\u00e4n vuoksi.  Asuntojen kaavoitus syrj\u00e4\u00e4n palveluista on huono ratkaisu. Jos kaavoitetaan lis\u00e4\u00e4 asuntoja  keskuksiin, lis\u00e4\u00e4ntynyt tarjonta laskee hintoja. T\u00e4ll\u00f6in  ihmisill\u00e4 on varaa muuttaa l\u00e4hemm\u00e4s palveluja, jolloin tarjonta lis\u00e4\u00e4ntyy muillakin alueilla ja asuntojen yleinen hintataso laskee. My\u00f6s kunnallistekniikan rakentaminen on paljon halvempaa valmiille alueille <span style=\"color: #888888;\">kuin keskelle mets\u00e4\u00e4.<\/span><\/p>\n<p>Jyv\u00e4skyl\u00e4n  asukasluvun on ennustettu  KymppiR-maank\u00e4ytt\u00f6suunnitelman mukaan kasvavan yli 20 000:lla seuraavien 30 vuoden aikana. Kasvua varten ei  silti tarvita uusia, keskustasta kaukana olevia l\u00e4hi\u00f6it\u00e4. <span style=\"color: #888888;\">Esimerkiksi Turkuun on yleiskaavassa arvioitu mahtuvan t\u00e4ydennysrakentamisella yli 30 000 asukasta lis\u00e4\u00e4.<\/span><\/p>\n<p>Kaupungin tiivist\u00e4mist\u00e4 voi verrata aktiiviseen liikuntaharrastukseen: turha l\u00e4ski sulaa pois, jolloin keho voimistuu ja toimii tehokkaammin.<\/p>\n<p><strong>Paloma Hannonen<br \/>\n<\/strong><span style=\"color: #888888;\">rakennus- ja ymp\u00e4rist\u00f6lautakunnan puheenjohtaja<br \/>\nkaupunginvaltuutettu<\/span><\/p>\n<p><strong>Virpi Kauko<br \/>\n<\/strong><span style=\"color: #888888;\">rakennus- ja ymp\u00e4rist\u00f6lautakunnan varaj\u00e4sen<\/span><\/p>\n<p><strong>Antti Poikola<br \/>\n<\/strong><span style=\"color: #888888;\">joukkoliikennelautakunnan j\u00e4sen<\/span><\/p>\n<p><span style=\"color: #888888;\"><strong>Petri V\u00e4h\u00e4kangas<br \/>\n<\/strong>kulttuuri-, liikunta- ja nuorisolautakunnan j\u00e4sen<\/span><\/p>\n<p>kunnallisvaaliehdokkaita (vihr.)<\/p>\n<p>* * *<\/p>\n<p><em>Petri veti oman nimens\u00e4 pois edist\u00e4\u00e4kseen kirjoituksen julkaisua, koska h\u00e4nen ja Meri Lumelan nimiss\u00e4 j\u00e4tetty valtuustosopimusta koskeva JyVin ja valtuustoryhm\u00e4n kannanotto julkaistiin mielipiteen\u00e4 juuri edellisell\u00e4 viikolla. Keskisuomalainen muutti kunnallisvaaliehdokkaat kuntavaaliehdokkaiksi ja j\u00e4tti muut tittelit pois.<br \/>\n<\/em><\/p>\n","protected":false},"excerpt":{"rendered":"<p>Nelj\u00e4n ehdokkaan yhteinen mielipidekirjoitus julkaistiin Keskisuomalaisessa 30.9.2012 (lyhennettyn\u00e4) kolmen ehdokkaan nimiss\u00e4 ja nettiversiossa vain yhden nimiss\u00e4.<\/p>\n","protected":false},"author":1,"featured_media":0,"comment_status":"open","ping_status":"open","sticky":false,"template":"","format":"standard","meta":{"footnotes":""},"categories":[75],"tags":[],"class_list":["post-1866","post","type-post","status-publish","format-standard","hentry","category-maankaytto-ja-kaavoitus"],"_links":{"self":[{"href":"https:\/\/v.kauko.org\/index.php?rest_route=\/wp\/v2\/posts\/1866","targetHints":{"allow":["GET"]}}],"collection":[{"href":"https:\/\/v.kauko.org\/index.php?rest_route=\/wp\/v2\/posts"}],"about":[{"href":"https:\/\/v.kauko.org\/index.php?rest_route=\/wp\/v2\/types\/post"}],"author":[{"embeddable":true,"href":"https:\/\/v.kauko.org\/index.php?rest_route=\/wp\/v2\/users\/1"}],"replies":[{"embeddable":true,"href":"https:\/\/v.kauko.org\/index.php?rest_route=%2Fwp%2Fv2%2Fcomments&post=1866"}],"version-history":[{"count":8,"href":"https:\/\/v.kauko.org\/index.php?rest_route=\/wp\/v2\/posts\/1866\/revisions"}],"predecessor-version":[{"id":1871,"href":"https:\/\/v.kauko.org\/index.php?rest_route=\/wp\/v2\/posts\/1866\/revisions\/1871"}],"wp:attachment":[{"href":"https:\/\/v.kauko.org\/index.php?rest_route=%2Fwp%2Fv2%2Fmedia&parent=1866"}],"wp:term":[{"taxonomy":"category","embeddable":true,"href":"https:\/\/v.kauko.org\/index.php?rest_route=%2Fwp%2Fv2%2Fcategories&post=1866"},{"taxonomy":"post_tag","embeddable":true,"href":"https:\/\/v.kauko.org\/index.php?rest_route=%2Fwp%2Fv2%2Ftags&post=1866"}],"curies":[{"name":"wp","href":"https:\/\/api.w.org\/{rel}","templated":true}]}}