{"id":1792,"date":"2012-09-13T10:34:57","date_gmt":"2012-09-13T08:34:57","guid":{"rendered":"http:\/\/v.kauko.org\/?p=1792"},"modified":"2014-05-06T21:39:14","modified_gmt":"2014-05-06T19:39:14","slug":"asfaltin-alle","status":"publish","type":"post","link":"https:\/\/v.kauko.org\/?p=1792","title":{"rendered":"Asfaltin alle?"},"content":{"rendered":"<p><img loading=\"lazy\" decoding=\"async\" src=\"https:\/\/v.kauko.org\/wp-content\/uploads\/130-v120720_065-n.jpg\" alt=\"\" title=\"Mustikka\" width=\"110\" height=\"110\" class=\"alignleft size-full wp-image-1794\" \/>Jyv\u00e4skyl\u00e4n lounaisosassa, ysitien ja Ronsuntaipaleentien v\u00e4liss\u00e4, kumpuilee m\u00e4kinen ja monimuotoinen mets\u00e4. Lenkkeilij\u00f6iden, hiiht\u00e4jien, marjastajien ja sienest\u00e4jien ahkerassa k\u00e4yt\u00f6ss\u00e4 oleva l\u00e4hivirkistysalue on nyt uhattuna: alueelle on suunnitteilla l\u00e4hes 9000 asukkaan pientalovaltainen Kauram\u00e4en asuinalue ja Etel\u00e4portin kauppakeskus.<!--more--><\/p>\n<p><img loading=\"lazy\" decoding=\"async\" width=\"750\" height=\"500\" src=\"https:\/\/v.kauko.org\/wp-content\/uploads\/800-v120211_002.jpg\" alt=\"\" title=\"Kuusikko\" class=\"alignnone size-full wp-image-1796\" srcset=\"https:\/\/v.kauko.org\/wp-content\/uploads\/800-v120211_002.jpg 750w, https:\/\/v.kauko.org\/wp-content\/uploads\/800-v120211_002-300x200.jpg 300w\" sizes=\"auto, (max-width: 750px) 100vw, 750px\" \/><\/p>\n<p>Kaavakartassa vihre\u00e4n alueen sis\u00e4\u00e4n levitt\u00e4ytyy parisataa hehtaaria hiekanruskeita asuintalolaikkuja. Alueen etel\u00e4reunalla moottoritien varressa on isot kirkkaanpunaiset ns. v\u00e4hitt\u00e4iskaupan suuryksik\u00f6ille varatut kolmiot. Etel\u00e4portilta pohjoiseen Yl\u00e4myllyj\u00e4rvelle kiemurtelee katu tiheiden korkeusk\u00e4yrien poikki.<\/p>\n<p><a href=\"http:\/\/www3.jkl.fi\/kaavoitus\/kaava.php\/id\/701\"><img loading=\"lazy\" decoding=\"async\" src=\"https:\/\/v.kauko.org\/wp-content\/uploads\/800-eportti-kauram-oyk-r.jpg\" alt=\"\" title=\"800-eportti-kauram-oyk\" width=\"354\" height=\"500\" class=\"alignnone size-full wp-image-1795\" srcset=\"https:\/\/v.kauko.org\/wp-content\/uploads\/800-eportti-kauram-oyk-r.jpg 354w, https:\/\/v.kauko.org\/wp-content\/uploads\/800-eportti-kauram-oyk-r-212x300.jpg 212w\" sizes=\"auto, (max-width: 354px) 100vw, 354px\" \/><\/a><\/p>\n<p>Olin mukana valmistelemassa teksti\u00e4 <a href=\"http:\/\/www.jyvaskylanvihreat.fi\/ajankohtaista\/jyvaskylan-vihreat-jatti-muistutuksen-kauramaki-etelaportin-kaavasta\/\">Jyv\u00e4skyl\u00e4n Vihreiden tekem\u00e4\u00e4n muistutukseen<\/a>, jossa vaadimme kaavaa hyl\u00e4tt\u00e4v\u00e4ksi. <\/p>\n<p>* * *<\/p>\n<p>Jyv\u00e4skyl\u00e4n Vihre\u00e4t ry<\/p>\n<p><strong>Kauram\u00e4en-Etel\u00e4portin osayleiskaavaa koskeva muistutus<br \/>\n<\/strong><\/p>\n<p>Jyv\u00e4skyl\u00e4n kaupunki<br \/>\nKaupunkirakennepalvelut<br \/>\nPL 233<br \/>\n40101 Jyv\u00e4skyl\u00e4<\/p>\n<p>Vaadimme Kauram\u00e4en &#8211; Etel\u00e4portin osayleiskaavan hylk\u00e4\u00e4mist\u00e4.<\/p>\n<ul>\n<li>Kaava hajauttaisi kaupunkirakennetta lis\u00e4ten liikenteen aiheuttamia ymp\u00e4rist\u00f6haittoja.<\/li>\n<\/ul>\n<p>Hyv\u00e4ksyess\u00e4\u00e4n Keski-Suomen maakuntakaavan v. 2009 ymp\u00e4rist\u00f6ministeri\u00f6 j\u00e4tti vahvistamatta <a href=\"http:\/\/www3.jkl.fi\/kaavoitus\/kaava.php\/id\/552\">vanhassa Etel\u00e4portin osayleiskaavassa<\/a> olleet v\u00e4hitt\u00e4iskaupan suuryksik\u00f6t valtakunnallisten maank\u00e4ytt\u00f6tavoitteiden vastaisina. <a href=\"http:\/\/www.ymparisto.fi\/default.asp?contentid=319377&#038;lan=fi\">Ministeri\u00f6n 14.4.2009 p\u00e4iv\u00e4tyn tiedotteen<\/a> mukaan <em>&#8221;uudet suuryksik\u00f6t olisivat hajauttaneet yhdyskunta- ja palvelurakennetta sek\u00e4 lis\u00e4nneet liikennetarvetta ja liikenteest\u00e4 ymp\u00e4rist\u00f6lle aiheutuvia haittoja. Vahvistamatta j\u00e4tetyist\u00e4 suuryksik\u00f6ist\u00e4 kaksi oli osoitettu Jyv\u00e4skyl\u00e4n Etel\u00e4porttiin&#8221;<\/em>.<\/p>\n<p><a href=\"http:\/\/www3.jkl.fi\/kaavoitus\/kaava.php\/id\/701\">Kauram\u00e4en-Etel\u00e4portin uuden osayleiskaavan<\/a> yhdeksi tavoitteeksi mainitaan <em>&#8221;yhdist\u00e4\u00e4 Yl\u00e4myllyj\u00e4rven ja Etel\u00e4portin v\u00e4linen yhdyskuntarakenne&#8221;<\/em>. Etel\u00e4porttiin nyt kaavaillut suuryksik\u00f6t ja tilaa viev\u00e4t kaupat v\u00e4ist\u00e4m\u00e4tt\u00e4 edelleenkin heikent\u00e4isiv\u00e4t olemassaolevia keskuksia sek\u00e4 Jyv\u00e4skyl\u00e4n keskustassa ett\u00e4 S\u00e4yn\u00e4tsalossa ja Muuramessa. Mets\u00e4\u00e4n rakennettava v\u00e4lj\u00e4 pientalovaltainen asuinalue ei mitenk\u00e4\u00e4n tiivist\u00e4isi yhdyskuntarakennetta, vaan p\u00e4invastoin hajauttaisi.<\/p>\n<ul>\n<li>Kauram\u00e4en alue on eritt\u00e4in t\u00e4rke\u00e4 virkistysalue, joka suurelta osin tuhoutuisi kaavan toteutuessa.<\/li>\n<\/ul>\n<p><img loading=\"lazy\" decoding=\"async\" src=\"https:\/\/v.kauko.org\/wp-content\/uploads\/200-v110115_043-vrr.jpg\" alt=\"\" title=\"Pohjantikka\" width=\"200\" height=\"357\" class=\"alignright size-full wp-image-1793\" srcset=\"https:\/\/v.kauko.org\/wp-content\/uploads\/200-v110115_043-vrr.jpg 200w, https:\/\/v.kauko.org\/wp-content\/uploads\/200-v110115_043-vrr-168x300.jpg 168w\" sizes=\"auto, (max-width: 200px) 100vw, 200px\" \/>M\u00e4kisess\u00e4 maastossa vanhan kuusivaltaisen mets\u00e4n laikut, hakkuuaukiot sek\u00e4 eri-ik\u00e4iset metsik\u00f6t muodostavat vaihtelevan mosaiikin, jossa viihtyy monimuotoinen luonto. Alueella asuu mm. liito-oravia, pohjantikkoja ja puukiipij\u00f6it\u00e4. Alue on my\u00f6s ihmisten ahkerassa virkistysk\u00e4yt\u00f6ss\u00e4 ulkoilureitteineen sek\u00e4 runsaine marja- ja sienisatoineen.<\/p>\n<p>Kaavan toteutuessa suuri osa t\u00e4st\u00e4 t\u00e4rke\u00e4st\u00e4 l\u00e4hiluontokeitaasta tuhoutuisi, mik\u00e4 heikent\u00e4isi jyv\u00e4skyl\u00e4l\u00e4isten virkistysmahdollisuuksia sek\u00e4 marjoja ja sieni\u00e4 myyvien pienyritt\u00e4jien toimeentuloa. Kaava-asiakirjoihin kirjattu tavoite <em>&#8221;osoittaa ja turvata alueen nykyiset sek\u00e4 uudet sis\u00e4iset, keskeiset virkistys- ja luontoarvot ja virkistysreittiyhteydet&#8221;<\/em> kumisee tyhjyytt\u00e4\u00e4n.<\/p>\n<p>Asiakirjojen mukaan <em>&#8221;kaavassa tavoitellaan joukkoliikenteen k\u00e4yt\u00f6n lis\u00e4\u00e4mist\u00e4 ja henkil\u00f6autoriippuvuuden v\u00e4hent\u00e4mist\u00e4.&#8221;<\/em> T\u00e4m\u00e4n tavoitteen toteutuminen on kuitenkin kovin kyseenalaista; ovathan nykyisetkin vastaavat pientaloalueet kovin henkil\u00f6autoriippuvaisia.<\/p>\n<ul>\n<li>Moottoritien ja kaatopaikan v\u00e4liss\u00e4 ei voi olla viihtyis\u00e4\u00e4 ja terveellist\u00e4 asuinymp\u00e4rist\u00f6\u00e4.<\/li>\n<\/ul>\n<p>Vilkasliikenteinen valtatie 9 kulkee suunnittelualueen kaakkoisreunassa meluisana moottoritien\u00e4. Kauram\u00e4ki kohoaa tien tasosta jyrk\u00e4sti amfiteatterin kaltaisena, \u00e4\u00e4ni\u00e4 ennest\u00e4\u00e4n vahvistavana maastomuodostelmana, kuten kaava-asiakirjoissakin todetaan. Asuntojen riitt\u00e4v\u00e4 melusuojaus olisi kallista tai jopa mahdotonta. Melun haitalliset terveysvaikutukset ovat kiistattomat.<\/p>\n<p>Alueen l\u00e4hell\u00e4 pohjoispuolella Ronsuntaipaleentien varressa puolestaan on Mustankorkean kaatopaikka, jolta tulevat hajut my\u00f6skin haittaisivat asumisviihtyvyytt\u00e4. K\u00e4visiv\u00e4tk\u00f6 alueen asunnot ja tontit edes kaupaksi? Kunnallistekniikan rakentaminen m\u00e4kiseen ja kallioiseen maastoon on kallista; saisiko kaupunki investoinnilleen katetta?<\/p>\n<ul>\n<li>\nKaupunkia on varaa kasvattaa korkeussuunnassa<\/li>\n<\/ul>\n<p>Olemassaolevien teiden, palvelujen ja kunnallistekniikan l\u00e4hell\u00e4 on viel\u00e4 tilaa t\u00e4ydennysrakentamiselle, vaikka Jyv\u00e4skyl\u00e4n v\u00e4kiluku kasvaisikin ennustetusti. Uusia mets\u00e4l\u00e4hi\u00f6it\u00e4 ei tarvita. Kun kaupunkirakenne sek\u00e4 Jyv\u00e4skyl\u00e4n keskustassa ett\u00e4 hyvien yhteyksien p\u00e4\u00e4ss\u00e4 olevissa aluekeskuksissa (Palokassa, Tikkakoskella jne) on tiivis, joukkoliikenne ja muut palvelut voidaan j\u00e4rjest\u00e4\u00e4 kustannustehokkaasti ja tilaa j\u00e4\u00e4 viheralueillekin.<\/p>\n<p>Nyt suunniteltu Kauram\u00e4en kaava p\u00e4invastoin hajauttaisi asutusta harvaksi pientalomatoksi, joka pahentaa liikenteen haittoja ja tulee koko yhteiskunnalle kalliiksi.<\/p>\n<p>Petri V\u00e4h\u00e4kangas \u00a0 \u00a0 \u00a0 \u00a0 \u00a0 \u00a0 \u00a0 \u00a0  Veikko Ahola<br \/>\npuheenjohtaja \u00a0 \u00a0 \u00a0 \u00a0 \u00a0 \u00a0 \u00a0 \u00a0 \u00a0 \u00a0 \u00a0 toiminnanjohtaja<\/p>\n<p>Yhteystiedot: Jyv\u00e4skyl\u00e4n Vihre\u00e4t, Kyllikinkatu 1, 40100 Jyv\u00e4skyl\u00e4<br \/>\np. 050 592 5895, s\u00e4hk\u00f6posti: jyvaskyla@vihreat.fi<\/p>\n<p>Ymp\u00e4rist\u00f6ministeri\u00f6n tiedote 14.4.2009:<br \/>\n<a href=\"http:\/\/www.ymparisto.fi\/default.asp?contentid=319377&#038;lan=fi\">http:\/\/www.ymparisto.fi\/default.asp?contentid=319377&#038;lan=fi<\/a><\/p>\n<p>Jyv\u00e4skyl\u00e4n Vihreiden kannanotto 11.5.2009: Etel\u00e4portin hylk\u00e4ys oli oikea p\u00e4\u00e4t\u00f6s<br \/>\n<a href=\"http:\/\/www.jyvaskylanvihreat.fi\/ajankohtaista\/etelaportin-hylkays-oli-oikea-paatos\/\">http:\/\/www.jyvaskylanvihreat.fi\/ajankohtaista\/etelaportin-hylkays-oli-oikea-paatos\/<\/a><\/p>\n<p>* * *<\/p>\n<p><img loading=\"lazy\" decoding=\"async\" width=\"667\" height=\"500\" src=\"https:\/\/v.kauko.org\/wp-content\/uploads\/800-v120410_003.jpg\" alt=\"\" title=\"Yl\u00e4-M\u00e4yr\u00e4m\u00e4ki\" class=\"alignnone size-full wp-image-1805\" srcset=\"https:\/\/v.kauko.org\/wp-content\/uploads\/800-v120410_003.jpg 667w, https:\/\/v.kauko.org\/wp-content\/uploads\/800-v120410_003-300x224.jpg 300w\" sizes=\"auto, (max-width: 667px) 100vw, 667px\" \/><\/p>\n<p>Yl\u00e4-M\u00e4yr\u00e4m\u00e4ess\u00e4 l\u00e4himets\u00e4 jo kaatuu talojen ja katujen tielt\u00e4. Siell\u00e4kin maasto on niin m\u00e4kist\u00e4, ett\u00e4 rakentaminen on hankalaa ja kallista.<\/p>\n","protected":false},"excerpt":{"rendered":"<p>Jyv\u00e4skyl\u00e4n lounaisosassa, ysitien ja Ronsuntaipaleentien v\u00e4liss\u00e4, kumpuilee m\u00e4kinen ja monimuotoinen mets\u00e4. Lenkkeilij\u00f6iden, hiiht\u00e4jien, marjastajien ja sienest\u00e4jien ahkerassa k\u00e4yt\u00f6ss\u00e4 oleva l\u00e4hivirkistysalue on nyt uhattuna: alueelle on suunnitteilla l\u00e4hes 9000 asukkaan pientalovaltainen Kauram\u00e4en asuinalue ja Etel\u00e4portin kauppakeskus.<\/p>\n","protected":false},"author":1,"featured_media":0,"comment_status":"open","ping_status":"open","sticky":false,"template":"","format":"standard","meta":{"footnotes":""},"categories":[10,75,7,73],"tags":[],"class_list":["post-1792","post","type-post","status-publish","format-standard","hentry","category-luonto","category-maankaytto-ja-kaavoitus","category-politiikka","category-ymparistovaikutukset"],"_links":{"self":[{"href":"https:\/\/v.kauko.org\/index.php?rest_route=\/wp\/v2\/posts\/1792","targetHints":{"allow":["GET"]}}],"collection":[{"href":"https:\/\/v.kauko.org\/index.php?rest_route=\/wp\/v2\/posts"}],"about":[{"href":"https:\/\/v.kauko.org\/index.php?rest_route=\/wp\/v2\/types\/post"}],"author":[{"embeddable":true,"href":"https:\/\/v.kauko.org\/index.php?rest_route=\/wp\/v2\/users\/1"}],"replies":[{"embeddable":true,"href":"https:\/\/v.kauko.org\/index.php?rest_route=%2Fwp%2Fv2%2Fcomments&post=1792"}],"version-history":[{"count":11,"href":"https:\/\/v.kauko.org\/index.php?rest_route=\/wp\/v2\/posts\/1792\/revisions"}],"predecessor-version":[{"id":1806,"href":"https:\/\/v.kauko.org\/index.php?rest_route=\/wp\/v2\/posts\/1792\/revisions\/1806"}],"wp:attachment":[{"href":"https:\/\/v.kauko.org\/index.php?rest_route=%2Fwp%2Fv2%2Fmedia&parent=1792"}],"wp:term":[{"taxonomy":"category","embeddable":true,"href":"https:\/\/v.kauko.org\/index.php?rest_route=%2Fwp%2Fv2%2Fcategories&post=1792"},{"taxonomy":"post_tag","embeddable":true,"href":"https:\/\/v.kauko.org\/index.php?rest_route=%2Fwp%2Fv2%2Ftags&post=1792"}],"curies":[{"name":"wp","href":"https:\/\/api.w.org\/{rel}","templated":true}]}}