{"id":1772,"date":"2012-07-31T15:38:45","date_gmt":"2012-07-31T13:38:45","guid":{"rendered":"http:\/\/v.kauko.org\/?p=1772"},"modified":"2012-07-31T21:53:04","modified_gmt":"2012-07-31T19:53:04","slug":"veden-varassa-2","status":"publish","type":"post","link":"https:\/\/v.kauko.org\/?p=1772","title":{"rendered":"Veden varassa"},"content":{"rendered":"<p><img loading=\"lazy\" decoding=\"async\" class=\"alignleft size-full wp-image-1770\" title=\"120-v120728_065-n\" src=\"https:\/\/v.kauko.org\/wp-content\/uploads\/120-v120728_065-n.jpg\" alt=\"\" width=\"110\" height=\"110\" \/><br \/>\nMelontaa voi Jyv\u00e4skyl\u00e4ss\u00e4 harrastaa keskell\u00e4 kaupunkiakin. Tuomio-, Palokka- ja Alvaj\u00e4rvi k\u00e4yv\u00e4t pian tutuiksi, mutta aina riitt\u00e4\u00e4 uuttakin n\u00e4ht\u00e4v\u00e4\u00e4. Vesilintujen ja -hy\u00f6nteisten valokuvaaminen tuo puuhaan lis\u00e4\u00e4 haastetta. <!--more--><\/p>\n<p>(Kuvat suurenevat klikkaamalla.)<\/p>\n<p><a href=\"http:\/\/virpi.kauko.org\/2012melonta\/999-tc7mbhje-sr.jpg\"><img loading=\"lazy\" decoding=\"async\" width=\"600\" height=\"447\" class=\"alignleft size-full wp-image-1750\" title=\"Virpi meloo Alvaj\u00e4rvell\u00e4. Kuva: TT  22.7.12\" src=\"https:\/\/v.kauko.org\/wp-content\/uploads\/600-tc7mbhje-sr.jpg\" alt=\"\" srcset=\"https:\/\/v.kauko.org\/wp-content\/uploads\/600-tc7mbhje-sr.jpg 600w, https:\/\/v.kauko.org\/wp-content\/uploads\/600-tc7mbhje-sr-300x223.jpg 300w\" sizes=\"auto, (max-width: 600px) 100vw, 600px\" \/><a href=\"http:\/\/www.tavinsulka.com\/\">Tavinsulka<\/a> Tuomioj\u00e4rven rannalla vuokraa kajakkeja ja kanootteja joka l\u00e4ht\u00f6\u00f6n.<\/p>\n<p><a href=\"http:\/\/virpi.kauko.org\/2012melonta\/999-v120722_040-srr.jpg\"><img loading=\"lazy\" decoding=\"async\" width=\"600\" height=\"401\" src=\"https:\/\/v.kauko.org\/wp-content\/uploads\/600-v120722_040-srr.jpg\" alt=\"\" title=\"Tapani meloo Palokkaj\u00e4rvell\u00e4. Kuva: VIK 22.7.12\" class=\"alignleft size-full wp-image-1752\" srcset=\"https:\/\/v.kauko.org\/wp-content\/uploads\/600-v120722_040-srr.jpg 600w, https:\/\/v.kauko.org\/wp-content\/uploads\/600-v120722_040-srr-300x200.jpg 300w\" sizes=\"auto, (max-width: 600px) 100vw, 600px\" \/><\/a><\/p>\n<p><a href=\"http:\/\/virpi.kauko.org\/2012melonta\/999-v120727_004-srr.jpg\"><img loading=\"lazy\" decoding=\"async\" width=\"600\" height=\"334\" src=\"https:\/\/v.kauko.org\/wp-content\/uploads\/600-v120727_004-srr.jpg\" alt=\"\" title=\"Tiirat. Kuva: VIK 27.7.12\" class=\"alignleft size-full wp-image-1753\" srcset=\"https:\/\/v.kauko.org\/wp-content\/uploads\/600-v120727_004-srr.jpg 600w, https:\/\/v.kauko.org\/wp-content\/uploads\/600-v120727_004-srr-300x167.jpg 300w\" sizes=\"auto, (max-width: 600px) 100vw, 600px\" \/><\/a><br \/>\nPalokkaj\u00e4rvess\u00e4 Paloniemen k\u00e4rjess\u00e4 oleva iso kivi on kalatiirojen <i>(Sterna hirundo)<\/i> kantapaikka. Aikuisilla on kokomusta lakki, nuorisolla valkoista naamassa.<\/p>\n<p><a href=\"http:\/\/virpi.kauko.org\/2012melonta\/999-tc7s8gv2.jpg\"><img decoding=\"async\" src=\"https:\/\/v.kauko.org\/wp-content\/uploads\/600-tc7s8gv2.jpg\" alt=\"\" title=\"Virpi kuvaa neidonkorentoa. Kuva: TT 28.7.12\" class=\"alignleft size-full wp-image-1753\" \/><\/a><br \/>\nPappilanjoki virtaa leppoisasti Alvaj\u00e4rvest\u00e4 Palokkaj\u00e4rveen. Vedenpit\u00e4v\u00e4 kotelo suojaa kameraa kastumiselta, mutta hankaloittaa kameran k\u00e4sittely\u00e4. <\/p>\n<p><a href=\"http:\/\/virpi.kauko.org\/2012melonta\/999-v120728_013-rr.jpg\"><img decoding=\"async\" src=\"https:\/\/v.kauko.org\/wp-content\/uploads\/600-v120728_013-rrr.jpg\" alt=\"\" title=\"Neidonkorento-koiras. Kuva: VIK 28.7.12\" class=\"alignleft size-full wp-image-1753\" \/><\/a><br \/>\nKoreat neidonkorennot <i>(Calopteryx virgo)<\/i> viihtyv\u00e4t Pappilanjoessa Palokan orren sillan pieless\u00e4. Sinivihre\u00e4n\u00e4 hohtava koiras matkusti hetken kajakin keulassa.<\/p>\n<p><a href=\"http:\/\/virpi.kauko.org\/2012melonta\/999-v120727_048-rr.jpg\"><img decoding=\"async\" src=\"https:\/\/v.kauko.org\/wp-content\/uploads\/600-v120727_048-rr.jpg\" alt=\"\" title=\"Neidonkorento-naaras. Kuva: VIK 27.7.12\" class=\"alignleft size-full wp-image-1753\" \/><\/a><br \/>\nVihre\u00e4n ja ruskean s\u00e4vyinen naaras-neidonkorento sulautuu rantalepikkoon.<\/p>\n<p><a href=\"http:\/\/virpi.kauko.org\/2012melonta\/999-v120727_078-r.jpg\"><img decoding=\"async\" src=\"https:\/\/v.kauko.org\/wp-content\/uploads\/600-v120727_078-rr.jpg\" alt=\"\" title=\"Silkkiuikkuperhe. Kuva: VIK 27.7.12\" class=\"alignleft size-full wp-image-1753\" \/><\/a><br \/>\nPalokkaj\u00e4rven yhden silkkiuikkuperheen <i>(Podiceps cristatus)<\/i> poikaset ovat viel\u00e4 ihan pieni\u00e4.<\/p>\n<p><a href=\"http:\/\/virpi.kauko.org\/2012melonta\/999-v120727_075-vrr.jpg\"><img decoding=\"async\" src=\"https:\/\/v.kauko.org\/wp-content\/uploads\/600-v120727_075-vrr.jpg\" alt=\"\" title=\"Silkkiuikkuperhe Palokkaj\u00e4rvell\u00e4. Kuva: VIK 27.7.12\" class=\"alignleft size-full wp-image-1753\" \/><\/a><br \/>\nUikunpoikaset ratsastavat usein emonsa tai is\u00e4ns\u00e4 sel\u00e4ss\u00e4. <\/p>\n<p><a href=\"http:\/\/virpi.kauko.org\/2012melonta\/999-v120727_097-vr.jpg\"><img decoding=\"async\" src=\"https:\/\/v.kauko.org\/wp-content\/uploads\/600-v120727_097-vr.jpg\" alt=\"\" title=\"Kimalainen. Kuva: VIK 27.7.12\" class=\"alignleft size-full wp-image-1753\" \/><\/a><br \/>\nPelastin Palokkaj\u00e4rveen pudonneen kimalaisen. Kajakin kannelle p\u00e4\u00e4sty\u00e4\u00e4n se k\u00e4veli liukasta lasikuitupintaa pitkin l\u00e4himm\u00e4n kuminauhan luo, otti siit\u00e4 tukevan otteen ja asettui kuivattelemaan turkkiaan. Noin 15 minuutin kuluttua Tuomioj\u00e4rven puolella se venytteli, suki siipens\u00e4 ja lensi pois. Laji on luullakseni mantuloiskimalainen <i>(Bombus bohemicus).<\/i><\/p>\n<p><a href=\"http:\/\/virpi.kauko.org\/2012melonta\/999-v120728_065-rr.jpg\"><img decoding=\"async\" src=\"https:\/\/v.kauko.org\/wp-content\/uploads\/600-v120728_065-rr.jpg\" alt=\"\" title=\"Silkkiuikut Tuomioj\u00e4rvell\u00e4. Kuva: VIK 28.7.12\" class=\"alignleft size-full wp-image-1753\" \/><\/a><br \/>\nTuomioj\u00e4rvell\u00e4 asuu useita silkkiuikkuperheit\u00e4. T\u00e4m\u00e4 poikanen on jo aika iso.<\/p>\n<p><a href=\"http:\/\/virpi.kauko.org\/2012melonta\/999-v120728_170-srr.jpg\"><img decoding=\"async\" src=\"https:\/\/v.kauko.org\/wp-content\/uploads\/600-v120728_170-srr.jpg\" alt=\"\" title=\"Silkkiuikkuperhe. Kuva: VIK 28.7.12\" class=\"alignleft size-full wp-image-1753\" \/><\/a><br \/>\nT\u00e4ll\u00e4 uikkuemolla on kaksi teini-ik\u00e4ist\u00e4 poikasta.<\/p>\n<p><a href=\"http:\/\/virpi.kauko.org\/2012melonta\/999-v120728_204-srr.jpg\"><img decoding=\"async\" src=\"https:\/\/v.kauko.org\/wp-content\/uploads\/600-v120728_204-srr.jpg\" alt=\"\" title=\"Silkkiuikkuemo ja kala. Kuva: VIK 28.7.12\" class=\"alignleft size-full wp-image-1753\" \/><\/a><br \/>\nSilkkiuikkuemo sai kalan saaliiksi&#8230;<\/p>\n<p><a href=\"http:\/\/virpi.kauko.org\/2012melonta\/999-v120728_214-vrr.jpg\"><img decoding=\"async\" src=\"https:\/\/v.kauko.org\/wp-content\/uploads\/600-v120728_214-vrr.jpg\" alt=\"\" title=\"Silkkiuikku ruokkii poikasensa. Kuva: VIK 28.7.12\" class=\"alignleft size-full wp-image-1753\" \/><\/a><br \/>\n&#8230;ja antoi sen poikaselleen.<\/p>\n<p><a href=\"http:\/\/virpi.kauko.org\/2012melonta\/999-v120728_216-vsrr.jpg\"><img decoding=\"async\" src=\"https:\/\/v.kauko.org\/wp-content\/uploads\/600-v120728_216-vsrr.jpg\" alt=\"\" title=\"Silkkiuikkuteini ja kala. Kuva: VIK 28.7.12\" class=\"alignleft size-full wp-image-1753\" \/><\/a><\/p>\n<p><a href=\"http:\/\/virpi.kauko.org\/2012melonta\/999-v120727_116-sr.jpg\"><img decoding=\"async\" src=\"https:\/\/v.kauko.org\/wp-content\/uploads\/600-v120727_116-sr.jpg\" alt=\"\" title=\"Kalalokki Tuomioj\u00e4rvell\u00e4. Kuva: VIK 27.7.12\" class=\"alignleft size-full wp-image-1753\" \/><\/a><br \/>\nKalalokki kelluu&#8230;<\/p>\n<p><a href=\"http:\/\/virpi.kauko.org\/2012melonta\/999-v120727_117-sr.jpg\"><img decoding=\"async\" src=\"https:\/\/v.kauko.org\/wp-content\/uploads\/600-v120727_117-sr.jpg\" alt=\"\" title=\"Kalalokki Tuomioj\u00e4rvell\u00e4. Kuva: VIK 27.7.12\" class=\"alignleft size-full wp-image-1753\" \/><\/a><br \/>\n&#8230;ja l\u00e4htee lentoon.<\/p>\n<p><a href=\"http:\/\/virpi.kauko.org\/2012melonta\/999-v120727_124-vsrr.jpg\"><img decoding=\"async\" src=\"https:\/\/v.kauko.org\/wp-content\/uploads\/600-v120727_124-vsrr.jpg\" alt=\"\" title=\"Kalalokki Tuomioj\u00e4rvell\u00e4. Kuva: VIK 27.7.12\" class=\"alignleft size-full wp-image-1753\" \/><\/a><\/p>\n<p><a href=\"http:\/\/virpi.kauko.org\/2012melonta\/999-v120727_125-vsrr.jpg\"><img decoding=\"async\" src=\"https:\/\/v.kauko.org\/wp-content\/uploads\/600-v120727_125-vsrr.jpg\" alt=\"\" title=\"Kalalokki Tuomioj\u00e4rvell\u00e4. Kuva: VIK 27.7.12\" class=\"alignleft size-full wp-image-1753\" \/><\/a><\/p>\n","protected":false},"excerpt":{"rendered":"<p>Melontaa voi Jyv\u00e4skyl\u00e4ss\u00e4 harrastaa keskell\u00e4 kaupunkiakin. Tuomio-, Palokka- ja Alvaj\u00e4rvi k\u00e4yv\u00e4t pian tutuiksi, mutta aina riitt\u00e4\u00e4 uuttakin n\u00e4ht\u00e4v\u00e4\u00e4. Vesilintujen ja -hy\u00f6nteisten valokuvaaminen tuo puuhaan lis\u00e4\u00e4 haastetta.<\/p>\n","protected":false},"author":1,"featured_media":0,"comment_status":"open","ping_status":"open","sticky":false,"template":"","format":"standard","meta":{"footnotes":""},"categories":[10],"tags":[],"class_list":["post-1772","post","type-post","status-publish","format-standard","hentry","category-luonto"],"_links":{"self":[{"href":"https:\/\/v.kauko.org\/index.php?rest_route=\/wp\/v2\/posts\/1772","targetHints":{"allow":["GET"]}}],"collection":[{"href":"https:\/\/v.kauko.org\/index.php?rest_route=\/wp\/v2\/posts"}],"about":[{"href":"https:\/\/v.kauko.org\/index.php?rest_route=\/wp\/v2\/types\/post"}],"author":[{"embeddable":true,"href":"https:\/\/v.kauko.org\/index.php?rest_route=\/wp\/v2\/users\/1"}],"replies":[{"embeddable":true,"href":"https:\/\/v.kauko.org\/index.php?rest_route=%2Fwp%2Fv2%2Fcomments&post=1772"}],"version-history":[{"count":19,"href":"https:\/\/v.kauko.org\/index.php?rest_route=\/wp\/v2\/posts\/1772\/revisions"}],"predecessor-version":[{"id":1791,"href":"https:\/\/v.kauko.org\/index.php?rest_route=\/wp\/v2\/posts\/1772\/revisions\/1791"}],"wp:attachment":[{"href":"https:\/\/v.kauko.org\/index.php?rest_route=%2Fwp%2Fv2%2Fmedia&parent=1772"}],"wp:term":[{"taxonomy":"category","embeddable":true,"href":"https:\/\/v.kauko.org\/index.php?rest_route=%2Fwp%2Fv2%2Fcategories&post=1772"},{"taxonomy":"post_tag","embeddable":true,"href":"https:\/\/v.kauko.org\/index.php?rest_route=%2Fwp%2Fv2%2Ftags&post=1772"}],"curies":[{"name":"wp","href":"https:\/\/api.w.org\/{rel}","templated":true}]}}