{"id":1338,"date":"2012-03-27T15:40:35","date_gmt":"2012-03-27T13:40:35","guid":{"rendered":"http:\/\/v.kauko.org\/?p=1338"},"modified":"2012-03-30T12:42:17","modified_gmt":"2012-03-30T10:42:17","slug":"kivikautinen-kierikki","status":"publish","type":"post","link":"https:\/\/v.kauko.org\/?p=1338","title":{"rendered":"Kivikautinen Kierikki"},"content":{"rendered":"<p><img loading=\"lazy\" decoding=\"async\" src=\"https:\/\/v.kauko.org\/wp-content\/uploads\/2012\/03\/v120304_030-vr_130.jpg\" alt=\"\" title=\"v120304_030-vr_130\" width=\"110\" height=\"110\" class=\"alignleft size-full wp-image-1341\" \/>Maaliskuun alkupuolella vietimme viikon Pohjois-Suomessa. Nelihenkisen seurueemme ohjelmassa oli <a href=\"http:\/\/www.kierikki.fi\/sivu\/fi\/ajankohtaista\/pakkaspaivat\/\">Kierikin pakkasp\u00e4iv\u00e4t<\/a> 4.3., <a href=\"http:\/\/www.ranuazoo.com\/\">Ranuan el\u00e4inpuisto<\/a> 5.3. sek\u00e4 hiihtoa ja m\u00f6kkeily\u00e4 Lapin K\u00e4sivarressa 6.-9.3.<br \/>\n<!--more--><\/p>\n<p>Ii-joen varressa sijaitsevasta Yli-Iist\u00e4 on nyky\u00e4\u00e4n kolmisenkymment\u00e4 kilometri\u00e4 matkaa Per\u00e4meren rantaan, mutta 6000 vuotta sitten Yli-Ii oli merenpohjaa. Silloisella rannikolla ja jokisuistossa oli ihmisasutusta parituhatta vuotta. <a href=\"http:\/\/kansalaisen.karttapaikka.fi\/linkki?scale=800000&#038;text=Kierikki&#038;srs=EPSG%3A3067&#038;y=7249168&#038;mode=rasta&#038;x=450831&#038;lang=fi\">Kierikki-saaren l\u00e4hell\u00e4<\/a> on nyky\u00e4\u00e4n kivikauden tyyliin j\u00e4lleenrakennettu kyl\u00e4 rivitaloineen sek\u00e4 <a href=\"http:\/\/www.kierikki.fi\/\">Kierikki-keskus<\/a>, jossa on n\u00e4ytteill\u00e4 alueelta l\u00f6ydettyj\u00e4 ty\u00f6kaluja ja muuta kampakeraamisen kulttuurin esineist\u00f6\u00e4. <\/p>\n<p><img loading=\"lazy\" decoding=\"async\" width=\"600\" height=\"344\" src=\"https:\/\/v.kauko.org\/wp-content\/uploads\/2012\/03\/v120304_007-11_600.jpg\" alt=\"\" title=\"v120304_007-11_600\" class=\"aligncenter size-full wp-image-1355\" srcset=\"https:\/\/v.kauko.org\/wp-content\/uploads\/2012\/03\/v120304_007-11_600.jpg 600w, https:\/\/v.kauko.org\/wp-content\/uploads\/2012\/03\/v120304_007-11_600-300x172.jpg 300w\" sizes=\"auto, (max-width: 600px) 100vw, 600px\" \/><\/p>\n<p>Pakkas-sunnuntain aamuna pakkasta oli kirpakat parikymment\u00e4 astetta, mutta pilvett\u00f6m\u00e4lt\u00e4 taivaalta paistanut kev\u00e4taurinko lauhdutti s\u00e4\u00e4n nopeasti. Kivikauden mets\u00e4st\u00e4ji\u00e4 esitt\u00e4neet arkeologit saattoivat heitt\u00e4\u00e4 p\u00e4\u00e4llimm\u00e4iset poronnahkapalttoot pois huhkittuaan hetken kivikirveiden, luuveitsien ja tulentekov\u00e4lineiden kanssa. <\/p>\n<p><img loading=\"lazy\" decoding=\"async\" width=\"600\" height=\"400\" src=\"https:\/\/v.kauko.org\/wp-content\/uploads\/2012\/03\/v120304_050-v_600.jpg\" alt=\"\" title=\"v120304_050-v_600\" class=\"aligncenter size-full wp-image-1343\" srcset=\"https:\/\/v.kauko.org\/wp-content\/uploads\/2012\/03\/v120304_050-v_600.jpg 600w, https:\/\/v.kauko.org\/wp-content\/uploads\/2012\/03\/v120304_050-v_600-300x200.jpg 300w\" sizes=\"auto, (max-width: 600px) 100vw, 600px\" \/><\/p>\n<p>Nuotiolla paistunut hirvenkoipi n\u00e4ytti herkulliselta, mutta kivikauden miehet s\u00f6iv\u00e4t sen itse. Hygienias\u00e4\u00e4d\u00f6kset kuulemma kielt\u00e4v\u00e4t t\u00e4llaisen ruokatarjoilun asiakkaille. <\/p>\n<p><img loading=\"lazy\" decoding=\"async\" width=\"585\" height=\"541\" src=\"https:\/\/v.kauko.org\/wp-content\/uploads\/2012\/03\/v120304_044-r_585.jpg\" alt=\"\" title=\"v120304_044-r_585\" class=\"aligncenter size-full wp-image-1351\" srcset=\"https:\/\/v.kauko.org\/wp-content\/uploads\/2012\/03\/v120304_044-r_585.jpg 585w, https:\/\/v.kauko.org\/wp-content\/uploads\/2012\/03\/v120304_044-r_585-300x277.jpg 300w\" sizes=\"auto, (max-width: 585px) 100vw, 585px\" \/><\/p>\n<p>Kierikiss\u00e4 p\u00e4\u00e4si hiihtelem\u00e4\u00e4n muinaissuksilla. Parikymment\u00e4 sentti\u00e4 leve\u00e4t ja pari metri\u00e4 pitk\u00e4t lankut kantoivat mainiosti umpihangessa, mutta auratulla alueella pyrkiv\u00e4t lipsumaan sivuille. Sauvojen sijasta vauhtia lykittiin jyhke\u00e4ll\u00e4 seip\u00e4\u00e4ll\u00e4. <\/p>\n<p><img loading=\"lazy\" decoding=\"async\" width=\"600\" height=\"400\" src=\"https:\/\/v.kauko.org\/wp-content\/uploads\/2012\/03\/tc349ott_600.jpg\" alt=\"\" title=\"tc349ott_600\" class=\"aligncenter size-full wp-image-1408\" srcset=\"https:\/\/v.kauko.org\/wp-content\/uploads\/2012\/03\/tc349ott_600.jpg 600w, https:\/\/v.kauko.org\/wp-content\/uploads\/2012\/03\/tc349ott_600-300x200.jpg 300w\" sizes=\"auto, (max-width: 600px) 100vw, 600px\" \/><small><i>Kuva: T. Tarvainen<\/i><\/small><\/p>\n<p><img loading=\"lazy\" decoding=\"async\" width=\"600\" height=\"461\" src=\"https:\/\/v.kauko.org\/wp-content\/uploads\/2012\/03\/v120304_073-vr_600.jpg\" alt=\"\" title=\"v120304_073-vr_600\" class=\"aligncenter size-full wp-image-1346\" srcset=\"https:\/\/v.kauko.org\/wp-content\/uploads\/2012\/03\/v120304_073-vr_600.jpg 600w, https:\/\/v.kauko.org\/wp-content\/uploads\/2012\/03\/v120304_073-vr_600-300x230.jpg 300w\" sizes=\"auto, (max-width: 600px) 100vw, 600px\" \/><\/p>\n<p>Paikalla oli my\u00f6s koiravaljakko lapsia ajeluttamassa. Sympaattisen oloiset huskyt n\u00e4yttiv\u00e4t nauttivan ty\u00f6st\u00e4\u00e4n.<\/p>\n<p><img loading=\"lazy\" decoding=\"async\" width=\"600\" height=\"430\" src=\"https:\/\/v.kauko.org\/wp-content\/uploads\/2012\/03\/v120304_066-r_600.jpg\" alt=\"\" title=\"v120304_066-r_600\" class=\"aligncenter size-full wp-image-1345\" srcset=\"https:\/\/v.kauko.org\/wp-content\/uploads\/2012\/03\/v120304_066-r_600.jpg 600w, https:\/\/v.kauko.org\/wp-content\/uploads\/2012\/03\/v120304_066-r_600-300x215.jpg 300w\" sizes=\"auto, (max-width: 600px) 100vw, 600px\" \/><\/p>\n<p><a href=\"http:\/\/virpi.kauko.org\/kieri\/v120304_080-vsr_1500.jpg\"><img loading=\"lazy\" decoding=\"async\" width=\"600\" height=\"463\" src=\"https:\/\/v.kauko.org\/wp-content\/uploads\/2012\/03\/v120304_080-vsr_600.jpg\" alt=\"\" title=\"v120304_080-vsr_600\" class=\"aligncenter size-full wp-image-1368\" srcset=\"https:\/\/v.kauko.org\/wp-content\/uploads\/2012\/03\/v120304_080-vsr_600.jpg 600w, https:\/\/v.kauko.org\/wp-content\/uploads\/2012\/03\/v120304_080-vsr_600-300x231.jpg 300w\" sizes=\"auto, (max-width: 600px) 100vw, 600px\" \/><\/a><\/p>\n<p>Opastaulun teksti suurenee lukukelpoiseksi klikkaamalla kuvaa.<\/p>\n","protected":false},"excerpt":{"rendered":"<p>Maaliskuun alkupuolella vietimme viikon Pohjois-Suomessa. Nelihenkisen seurueemme ohjelmassa oli Kierikin pakkasp\u00e4iv\u00e4t 4.3., Ranuan el\u00e4inpuisto 5.3. sek\u00e4 hiihtoa ja m\u00f6kkeily\u00e4 Lapin K\u00e4sivarressa 6.-9.3.<\/p>\n","protected":false},"author":1,"featured_media":0,"comment_status":"open","ping_status":"open","sticky":false,"template":"","format":"standard","meta":{"footnotes":""},"categories":[71],"tags":[],"class_list":["post-1338","post","type-post","status-publish","format-standard","hentry","category-matkailu-ja-vaellus"],"_links":{"self":[{"href":"https:\/\/v.kauko.org\/index.php?rest_route=\/wp\/v2\/posts\/1338","targetHints":{"allow":["GET"]}}],"collection":[{"href":"https:\/\/v.kauko.org\/index.php?rest_route=\/wp\/v2\/posts"}],"about":[{"href":"https:\/\/v.kauko.org\/index.php?rest_route=\/wp\/v2\/types\/post"}],"author":[{"embeddable":true,"href":"https:\/\/v.kauko.org\/index.php?rest_route=\/wp\/v2\/users\/1"}],"replies":[{"embeddable":true,"href":"https:\/\/v.kauko.org\/index.php?rest_route=%2Fwp%2Fv2%2Fcomments&post=1338"}],"version-history":[{"count":22,"href":"https:\/\/v.kauko.org\/index.php?rest_route=\/wp\/v2\/posts\/1338\/revisions"}],"predecessor-version":[{"id":1360,"href":"https:\/\/v.kauko.org\/index.php?rest_route=\/wp\/v2\/posts\/1338\/revisions\/1360"}],"wp:attachment":[{"href":"https:\/\/v.kauko.org\/index.php?rest_route=%2Fwp%2Fv2%2Fmedia&parent=1338"}],"wp:term":[{"taxonomy":"category","embeddable":true,"href":"https:\/\/v.kauko.org\/index.php?rest_route=%2Fwp%2Fv2%2Fcategories&post=1338"},{"taxonomy":"post_tag","embeddable":true,"href":"https:\/\/v.kauko.org\/index.php?rest_route=%2Fwp%2Fv2%2Ftags&post=1338"}],"curies":[{"name":"wp","href":"https:\/\/api.w.org\/{rel}","templated":true}]}}